{"id":124245,"date":"2023-12-21T15:26:02","date_gmt":"2023-12-21T20:26:02","guid":{"rendered":"https:\/\/abarevegan.com.br\/?p=124245"},"modified":"2023-12-21T15:26:02","modified_gmt":"2023-12-21T20:26:02","slug":"familia-de-paciente-morto-no-ps-de-rio-branco-exige-explicacoes-sobre-acesso-a-faca-em-ala-psiquiatrica","status":"publish","type":"post","link":"https:\/\/nk7-testes.com.br\/agazeta\/familia-de-paciente-morto-no-ps-de-rio-branco-exige-explicacoes-sobre-acesso-a-faca-em-ala-psiquiatrica\/","title":{"rendered":"Fam\u00edlia de paciente morto no PS de Rio Branco exige explica\u00e7\u00f5es sobre acesso \u00e0 faca em ala psiqui\u00e1trica"},"content":{"rendered":"<p style=\"text-align: justify;\">A fam\u00edlia de Sandro Torres Cavalcante, de 57 anos, quer uma resposta da Secretaria de Estado de Sa\u00fade (Sesacre) e da dire\u00e7\u00e3o do Pronto-Socorro de Rio Branco sobre acesso \u00e0 faca em ala psiqui\u00e1trica. O paciente tirou a pr\u00f3pria vida enquanto estava internado no leito de sa\u00fade mental do hospital, nessa ter\u00e7a-feira (19).<\/p>\n<p style=\"text-align: justify;\">A irm\u00e3 da v\u00edtima, que n\u00e3o quer ser identificada, exige saber como um paciente da ala de sa\u00fade mental teve acesso a uma faca, principalmente porque estava internado por tentativa de suic\u00eddio.<\/p>\n<p style=\"text-align: justify;\">&#8220;Queria saber como, em um leito de sa\u00fade mental, entra uma faca. Eu fa\u00e7o a pergunta e queria uma resposta. Meu irm\u00e3o tentou suic\u00eddio dentro da minha resid\u00eancia e para n\u00e3o ver isso de novo, fui pedir um socorro na sa\u00fade mental do PS e recebi meu irm\u00e3o morto&#8221;, destaca a irm\u00e3 de Cavalcante.<\/p>\n<p style=\"text-align: justify;\">Cavalcante tinha tentado contra a pr\u00f3pria vida em casa no \u00faltimo dia dia 15 e teria. Por conta do ocorrido, a fam\u00edlia o levou para a Unidade de Pronto Atendimento (Upa) da Sobral. De l\u00e1, ele foi levado para a ala de sa\u00fade mental do PS. Quatro dias depois, tirou a pr\u00f3pria vida.<\/p>\n<p style=\"text-align: justify;\">O secret\u00e1rio de Sa\u00fade, Pedro Pascoal, divulgou uma nota onde diz que o caso ser\u00e1 investigado, mas \u00e3o deu muitas explica\u00e7\u00f5es sobre o que realmente aconteceu.<\/p>\n<h4>Den\u00fancias<\/h4>\n<p style=\"text-align: justify;\">Sandro Torres Calvacante sofreu um acidente de moto em mar\u00e7o deste ano. Quando a imagem dele apareceu, v\u00e1rias mulheres o reconheceram e denunciaram casos de estupro. Ele n\u00e3o chegou a ser preso, porque sofre de problemas mentais, por\u00e9m era acompanhado pela Delegacia Especializada de Atendimento \u00e0 Mulher (Deam) onde as den\u00fancias estavam sendo apuradas.<\/p>\n<p><em><strong>Mat\u00e9ria produzida em v\u00eddeo pelo rep\u00f3rter Adailson Oliveira para a TV Gazeta<\/strong><\/em><\/p>\n","protected":false},"excerpt":{"rendered":"<p>A fam\u00edlia de Sandro Torres Cavalcante, de 57 anos, quer uma resposta da Secretaria de Estado de Sa\u00fade (Sesacre) e da dire\u00e7\u00e3o do Pronto-Socorro de Rio Branco sobre acesso \u00e0 faca em ala psiqui\u00e1trica. O paciente tirou a pr\u00f3pria vida enquanto estava internado no leito de sa\u00fade mental do hospital, nessa ter\u00e7a-feira (19). A irm\u00e3 [&hellip;]<\/p>\n","protected":false},"author":4,"featured_media":124250,"comment_status":"open","ping_status":"open","sticky":false,"template":"","format":"standard","meta":{"jnews-multi-image_gallery":[],"jnews_single_post":{"source_name":"","source_url":"","via_name":"","via_url":"","override_template":"0","override":[{"template":"custom","single_blog_custom":"110746","parallax":"1","fullscreen":"1","layout":"right-sidebar","sidebar":"default-sidebar","second_sidebar":"default-sidebar","sticky_sidebar":"1","share_position":"top","share_float_style":"share-monocrhome","show_share_counter":"1","show_view_counter":"1","show_featured":"1","show_post_meta":"1","show_post_author":"1","show_post_author_image":"1","show_post_date":"1","post_date_format":"default","post_date_format_custom":"Y\/m\/d","show_post_category":"1","show_post_reading_time":"0","post_reading_time_wpm":"300","show_zoom_button":"0","zoom_button_out_step":"2","zoom_button_in_step":"3","show_post_tag":"1","show_prev_next_post":"1","show_popup_post":"1","number_popup_post":"1","show_author_box":"0","show_post_related":"1","show_inline_post_related":"0"}],"override_image_size":"0","image_override":[{"single_post_thumbnail_size":"crop-500","single_post_gallery_size":"crop-500"}],"trending_post":"0","trending_post_position":"meta","trending_post_label":"Trending","sponsored_post":"0","sponsored_post_label":"Sponsored by","sponsored_post_name":"","sponsored_post_url":"","sponsored_post_logo_enable":"0","sponsored_post_logo":"","sponsored_post_desc":"","disable_ad":"0"},"jnews_primary_category":{"id":"","hide":""},"jnews_social_meta":{"fb_title":"","fb_description":"","fb_image":"","twitter_title":"","twitter_description":"","twitter_image":""},"jnews_review":[],"enable_review":"0","type":"percentage","name":"","summary":"","brand":"","sku":"","good":[{"good_text":""}],"bad":[{"bad_text":""}],"score_override":"0","override_value":"","rating":[{"rating_text":"","rating_number":"10"}],"price":[{"shop":"","price":"","link":"","icon":""}],"footnotes":""},"categories":[54],"tags":[],"class_list":["post-124245","post","type-post","status-publish","format-standard","has-post-thumbnail","hentry","category-cotidiano"],"yoast_head":"<!-- This site is optimized with the Yoast SEO plugin v26.5 - https:\/\/yoast.com\/wordpress\/plugins\/seo\/ -->\n<title>Fam\u00edlia de paciente morto no PS de Rio Branco exige explica\u00e7\u00f5es sobre acesso \u00e0 faca em ala psiqui\u00e1trica - Agazeta.net<\/title>\n<meta name=\"robots\" content=\"index, follow, max-snippet:-1, max-image-preview:large, max-video-preview:-1\" \/>\n<link rel=\"canonical\" href=\"https:\/\/nk7-testes.com.br\/agazeta\/familia-de-paciente-morto-no-ps-de-rio-branco-exige-explicacoes-sobre-acesso-a-faca-em-ala-psiquiatrica\/\" \/>\n<meta property=\"og:locale\" content=\"pt_BR\" \/>\n<meta property=\"og:type\" content=\"article\" \/>\n<meta property=\"og:title\" content=\"Fam\u00edlia de paciente morto no PS de Rio Branco exige explica\u00e7\u00f5es sobre acesso \u00e0 faca em ala psiqui\u00e1trica\" \/>\n<meta property=\"og:description\" content=\"Paciente tirou a pr\u00f3pria vida enquanto estava internado no leito de sa\u00fade mental do hospital\" \/>\n<meta property=\"og:url\" content=\"https:\/\/nk7-testes.com.br\/agazeta\/familia-de-paciente-morto-no-ps-de-rio-branco-exige-explicacoes-sobre-acesso-a-faca-em-ala-psiquiatrica\/\" \/>\n<meta property=\"og:site_name\" content=\"Agazeta.net\" \/>\n<meta property=\"article:published_time\" content=\"2023-12-21T20:26:02+00:00\" \/>\n<meta property=\"og:image\" content=\"https:\/\/nk7-testes.com.br\/agazeta\/wp-content\/uploads\/2023\/12\/Imagem-do-WhatsApp-de-2023-12-19-as-13.54.31_e2ee53c0.jpg\" \/>\n\t<meta property=\"og:image:width\" content=\"800\" \/>\n\t<meta property=\"og:image:height\" content=\"405\" \/>\n\t<meta property=\"og:image:type\" content=\"image\/jpeg\" \/>\n<meta name=\"author\" content=\"Agazeta.Net\" \/>\n<meta name=\"twitter:card\" content=\"summary_large_image\" \/>\n<meta name=\"twitter:label1\" content=\"Escrito por\" \/>\n\t<meta name=\"twitter:data1\" content=\"Agazeta.Net\" \/>\n\t<meta name=\"twitter:label2\" content=\"Est. tempo de leitura\" \/>\n\t<meta name=\"twitter:data2\" content=\"2 minutos\" \/>\n<script type=\"application\/ld+json\" class=\"yoast-schema-graph\">{\"@context\":\"https:\/\/schema.org\",\"@graph\":[{\"@type\":\"WebPage\",\"@id\":\"https:\/\/nk7-testes.com.br\/agazeta\/familia-de-paciente-morto-no-ps-de-rio-branco-exige-explicacoes-sobre-acesso-a-faca-em-ala-psiquiatrica\/\",\"url\":\"https:\/\/nk7-testes.com.br\/agazeta\/familia-de-paciente-morto-no-ps-de-rio-branco-exige-explicacoes-sobre-acesso-a-faca-em-ala-psiquiatrica\/\",\"name\":\"Fam\u00edlia de paciente morto no PS de Rio Branco exige explica\u00e7\u00f5es sobre acesso \u00e0 faca em ala psiqui\u00e1trica - Agazeta.net\",\"isPartOf\":{\"@id\":\"https:\/\/nk7-testes.com.br\/agazeta\/#website\"},\"primaryImageOfPage\":{\"@id\":\"https:\/\/nk7-testes.com.br\/agazeta\/familia-de-paciente-morto-no-ps-de-rio-branco-exige-explicacoes-sobre-acesso-a-faca-em-ala-psiquiatrica\/#primaryimage\"},\"image\":{\"@id\":\"https:\/\/nk7-testes.com.br\/agazeta\/familia-de-paciente-morto-no-ps-de-rio-branco-exige-explicacoes-sobre-acesso-a-faca-em-ala-psiquiatrica\/#primaryimage\"},\"thumbnailUrl\":\"https:\/\/nk7-testes.com.br\/agazeta\/wp-content\/uploads\/2023\/12\/Imagem-do-WhatsApp-de-2023-12-19-as-13.54.31_e2ee53c0.jpg\",\"datePublished\":\"2023-12-21T20:26:02+00:00\",\"author\":{\"@id\":\"https:\/\/nk7-testes.com.br\/agazeta\/#\/schema\/person\/ff6b39d54d6973bfc57f4140f659b23f\"},\"breadcrumb\":{\"@id\":\"https:\/\/nk7-testes.com.br\/agazeta\/familia-de-paciente-morto-no-ps-de-rio-branco-exige-explicacoes-sobre-acesso-a-faca-em-ala-psiquiatrica\/#breadcrumb\"},\"inLanguage\":\"pt-BR\",\"potentialAction\":[{\"@type\":\"ReadAction\",\"target\":[\"https:\/\/nk7-testes.com.br\/agazeta\/familia-de-paciente-morto-no-ps-de-rio-branco-exige-explicacoes-sobre-acesso-a-faca-em-ala-psiquiatrica\/\"]}]},{\"@type\":\"ImageObject\",\"inLanguage\":\"pt-BR\",\"@id\":\"https:\/\/nk7-testes.com.br\/agazeta\/familia-de-paciente-morto-no-ps-de-rio-branco-exige-explicacoes-sobre-acesso-a-faca-em-ala-psiquiatrica\/#primaryimage\",\"url\":\"https:\/\/nk7-testes.com.br\/agazeta\/wp-content\/uploads\/2023\/12\/Imagem-do-WhatsApp-de-2023-12-19-as-13.54.31_e2ee53c0.jpg\",\"contentUrl\":\"https:\/\/nk7-testes.com.br\/agazeta\/wp-content\/uploads\/2023\/12\/Imagem-do-WhatsApp-de-2023-12-19-as-13.54.31_e2ee53c0.jpg\",\"width\":800,\"height\":405},{\"@type\":\"BreadcrumbList\",\"@id\":\"https:\/\/nk7-testes.com.br\/agazeta\/familia-de-paciente-morto-no-ps-de-rio-branco-exige-explicacoes-sobre-acesso-a-faca-em-ala-psiquiatrica\/#breadcrumb\",\"itemListElement\":[{\"@type\":\"ListItem\",\"position\":1,\"name\":\"In\u00edcio\",\"item\":\"https:\/\/nk7-testes.com.br\/agazeta\/\"},{\"@type\":\"ListItem\",\"position\":2,\"name\":\"Fam\u00edlia de paciente morto no PS de Rio Branco exige explica\u00e7\u00f5es sobre acesso \u00e0 faca em ala psiqui\u00e1trica\"}]},{\"@type\":\"WebSite\",\"@id\":\"https:\/\/nk7-testes.com.br\/agazeta\/#website\",\"url\":\"https:\/\/nk7-testes.com.br\/agazeta\/\",\"name\":\"Agazeta.net\",\"description\":\"Agazeta.net - Not\u00edcias de Rio Branco\/AC\",\"potentialAction\":[{\"@type\":\"SearchAction\",\"target\":{\"@type\":\"EntryPoint\",\"urlTemplate\":\"https:\/\/nk7-testes.com.br\/agazeta\/?s={search_term_string}\"},\"query-input\":{\"@type\":\"PropertyValueSpecification\",\"valueRequired\":true,\"valueName\":\"search_term_string\"}}],\"inLanguage\":\"pt-BR\"},{\"@type\":\"Person\",\"@id\":\"https:\/\/nk7-testes.com.br\/agazeta\/#\/schema\/person\/ff6b39d54d6973bfc57f4140f659b23f\",\"name\":\"Agazeta.Net\",\"url\":\"https:\/\/nk7-testes.com.br\/agazeta\/author\/agazeta\/\"}]}<\/script>\n<!-- \/ Yoast SEO plugin. -->","yoast_head_json":{"title":"Fam\u00edlia de paciente morto no PS de Rio Branco exige explica\u00e7\u00f5es sobre acesso \u00e0 faca em ala psiqui\u00e1trica - Agazeta.net","robots":{"index":"index","follow":"follow","max-snippet":"max-snippet:-1","max-image-preview":"max-image-preview:large","max-video-preview":"max-video-preview:-1"},"canonical":"https:\/\/nk7-testes.com.br\/agazeta\/familia-de-paciente-morto-no-ps-de-rio-branco-exige-explicacoes-sobre-acesso-a-faca-em-ala-psiquiatrica\/","og_locale":"pt_BR","og_type":"article","og_title":"Fam\u00edlia de paciente morto no PS de Rio Branco exige explica\u00e7\u00f5es sobre acesso \u00e0 faca em ala psiqui\u00e1trica","og_description":"Paciente tirou a pr\u00f3pria vida enquanto estava internado no leito de sa\u00fade mental do hospital","og_url":"https:\/\/nk7-testes.com.br\/agazeta\/familia-de-paciente-morto-no-ps-de-rio-branco-exige-explicacoes-sobre-acesso-a-faca-em-ala-psiquiatrica\/","og_site_name":"Agazeta.net","article_published_time":"2023-12-21T20:26:02+00:00","og_image":[{"width":800,"height":405,"url":"https:\/\/nk7-testes.com.br\/agazeta\/wp-content\/uploads\/2023\/12\/Imagem-do-WhatsApp-de-2023-12-19-as-13.54.31_e2ee53c0.jpg","type":"image\/jpeg"}],"author":"Agazeta.Net","twitter_card":"summary_large_image","twitter_misc":{"Escrito por":"Agazeta.Net","Est. tempo de leitura":"2 minutos"},"schema":{"@context":"https:\/\/schema.org","@graph":[{"@type":"WebPage","@id":"https:\/\/nk7-testes.com.br\/agazeta\/familia-de-paciente-morto-no-ps-de-rio-branco-exige-explicacoes-sobre-acesso-a-faca-em-ala-psiquiatrica\/","url":"https:\/\/nk7-testes.com.br\/agazeta\/familia-de-paciente-morto-no-ps-de-rio-branco-exige-explicacoes-sobre-acesso-a-faca-em-ala-psiquiatrica\/","name":"Fam\u00edlia de paciente morto no PS de Rio Branco exige explica\u00e7\u00f5es sobre acesso \u00e0 faca em ala psiqui\u00e1trica - Agazeta.net","isPartOf":{"@id":"https:\/\/nk7-testes.com.br\/agazeta\/#website"},"primaryImageOfPage":{"@id":"https:\/\/nk7-testes.com.br\/agazeta\/familia-de-paciente-morto-no-ps-de-rio-branco-exige-explicacoes-sobre-acesso-a-faca-em-ala-psiquiatrica\/#primaryimage"},"image":{"@id":"https:\/\/nk7-testes.com.br\/agazeta\/familia-de-paciente-morto-no-ps-de-rio-branco-exige-explicacoes-sobre-acesso-a-faca-em-ala-psiquiatrica\/#primaryimage"},"thumbnailUrl":"https:\/\/nk7-testes.com.br\/agazeta\/wp-content\/uploads\/2023\/12\/Imagem-do-WhatsApp-de-2023-12-19-as-13.54.31_e2ee53c0.jpg","datePublished":"2023-12-21T20:26:02+00:00","author":{"@id":"https:\/\/nk7-testes.com.br\/agazeta\/#\/schema\/person\/ff6b39d54d6973bfc57f4140f659b23f"},"breadcrumb":{"@id":"https:\/\/nk7-testes.com.br\/agazeta\/familia-de-paciente-morto-no-ps-de-rio-branco-exige-explicacoes-sobre-acesso-a-faca-em-ala-psiquiatrica\/#breadcrumb"},"inLanguage":"pt-BR","potentialAction":[{"@type":"ReadAction","target":["https:\/\/nk7-testes.com.br\/agazeta\/familia-de-paciente-morto-no-ps-de-rio-branco-exige-explicacoes-sobre-acesso-a-faca-em-ala-psiquiatrica\/"]}]},{"@type":"ImageObject","inLanguage":"pt-BR","@id":"https:\/\/nk7-testes.com.br\/agazeta\/familia-de-paciente-morto-no-ps-de-rio-branco-exige-explicacoes-sobre-acesso-a-faca-em-ala-psiquiatrica\/#primaryimage","url":"https:\/\/nk7-testes.com.br\/agazeta\/wp-content\/uploads\/2023\/12\/Imagem-do-WhatsApp-de-2023-12-19-as-13.54.31_e2ee53c0.jpg","contentUrl":"https:\/\/nk7-testes.com.br\/agazeta\/wp-content\/uploads\/2023\/12\/Imagem-do-WhatsApp-de-2023-12-19-as-13.54.31_e2ee53c0.jpg","width":800,"height":405},{"@type":"BreadcrumbList","@id":"https:\/\/nk7-testes.com.br\/agazeta\/familia-de-paciente-morto-no-ps-de-rio-branco-exige-explicacoes-sobre-acesso-a-faca-em-ala-psiquiatrica\/#breadcrumb","itemListElement":[{"@type":"ListItem","position":1,"name":"In\u00edcio","item":"https:\/\/nk7-testes.com.br\/agazeta\/"},{"@type":"ListItem","position":2,"name":"Fam\u00edlia de paciente morto no PS de Rio Branco exige explica\u00e7\u00f5es sobre acesso \u00e0 faca em ala psiqui\u00e1trica"}]},{"@type":"WebSite","@id":"https:\/\/nk7-testes.com.br\/agazeta\/#website","url":"https:\/\/nk7-testes.com.br\/agazeta\/","name":"Agazeta.net","description":"Agazeta.net - Not\u00edcias de Rio Branco\/AC","potentialAction":[{"@type":"SearchAction","target":{"@type":"EntryPoint","urlTemplate":"https:\/\/nk7-testes.com.br\/agazeta\/?s={search_term_string}"},"query-input":{"@type":"PropertyValueSpecification","valueRequired":true,"valueName":"search_term_string"}}],"inLanguage":"pt-BR"},{"@type":"Person","@id":"https:\/\/nk7-testes.com.br\/agazeta\/#\/schema\/person\/ff6b39d54d6973bfc57f4140f659b23f","name":"Agazeta.Net","url":"https:\/\/nk7-testes.com.br\/agazeta\/author\/agazeta\/"}]}},"_links":{"self":[{"href":"https:\/\/nk7-testes.com.br\/agazeta\/wp-json\/wp\/v2\/posts\/124245","targetHints":{"allow":["GET"]}}],"collection":[{"href":"https:\/\/nk7-testes.com.br\/agazeta\/wp-json\/wp\/v2\/posts"}],"about":[{"href":"https:\/\/nk7-testes.com.br\/agazeta\/wp-json\/wp\/v2\/types\/post"}],"author":[{"embeddable":true,"href":"https:\/\/nk7-testes.com.br\/agazeta\/wp-json\/wp\/v2\/users\/4"}],"replies":[{"embeddable":true,"href":"https:\/\/nk7-testes.com.br\/agazeta\/wp-json\/wp\/v2\/comments?post=124245"}],"version-history":[{"count":0,"href":"https:\/\/nk7-testes.com.br\/agazeta\/wp-json\/wp\/v2\/posts\/124245\/revisions"}],"wp:featuredmedia":[{"embeddable":true,"href":"https:\/\/nk7-testes.com.br\/agazeta\/wp-json\/wp\/v2\/media\/124250"}],"wp:attachment":[{"href":"https:\/\/nk7-testes.com.br\/agazeta\/wp-json\/wp\/v2\/media?parent=124245"}],"wp:term":[{"taxonomy":"category","embeddable":true,"href":"https:\/\/nk7-testes.com.br\/agazeta\/wp-json\/wp\/v2\/categories?post=124245"},{"taxonomy":"post_tag","embeddable":true,"href":"https:\/\/nk7-testes.com.br\/agazeta\/wp-json\/wp\/v2\/tags?post=124245"}],"curies":[{"name":"wp","href":"https:\/\/api.w.org\/{rel}","templated":true}]}}