{"id":124123,"date":"2023-12-20T08:46:09","date_gmt":"2023-12-20T13:46:09","guid":{"rendered":"https:\/\/abarevegan.com.br\/?p=124123"},"modified":"2023-12-20T08:46:09","modified_gmt":"2023-12-20T13:46:09","slug":"mpac-estimula-debate-sobre-o-uso-de-cameras-corporais-pelos-agentes-de-seguranca","status":"publish","type":"post","link":"https:\/\/nk7-testes.com.br\/agazeta\/mpac-estimula-debate-sobre-o-uso-de-cameras-corporais-pelos-agentes-de-seguranca\/","title":{"rendered":"MPAC estimula debate sobre o uso de c\u00e2meras corporais pelos agentes de seguran\u00e7a"},"content":{"rendered":"<p>Mat\u00e9ria escrita por <strong>Inayme Lobo<\/strong> para o<strong> Agazeta.net<\/strong><\/p>\n<p><!--more--><\/p>\n<p style=\"text-align: justify;\"><span style=\"font-weight: 400;\">Nesta ter\u00e7a-feira (19), o Minist\u00e9rio P\u00fablico do Acre (MPAC) promoveu uma audi\u00eancia p\u00fablica para discutir a ado\u00e7\u00e3o de c\u00e2meras corporais pelas for\u00e7as de seguran\u00e7a. Um dos convidados para a audi\u00eancia foi a ju\u00edza de direito Andrea Brito, respons\u00e1vel pelas audi\u00eancias de cust\u00f3dia em Rio Branco, que explicou como as c\u00e2meras podem auxiliar nas tomadas de decis\u00f5es.<\/span><\/p>\n<p style=\"text-align: justify;\"><span style=\"font-weight: 400;\">Segundo a ju\u00edza, o uso de c\u00e2meras corporais \u00e9 uma pr\u00e1tica j\u00e1 adotada em outros pa\u00edses desde 2005, com resultados positivos comprovados. Ela citou o exemplo de S\u00e3o Paulo, onde o uso das c\u00e2meras resultou em uma redu\u00e7\u00e3o de 61% nas viola\u00e7\u00f5es de direitos. Al\u00e9m disso, as c\u00e2meras podem servir como uma defesa para os agentes de seguran\u00e7a contra den\u00fancias infundadas.<\/span><\/p>\n<p style=\"text-align: justify;\"><span style=\"font-weight: 400;\">\u201cEm outros pa\u00edses n\u00f3s j\u00e1 temos o uso desde o ano de 2005, e o uso forte e com evid\u00eancias, com dados emp\u00edricos muito bem talhados, inclusive mostrando nacionalmente a redu\u00e7\u00e3o do n\u00famero de viola\u00e7\u00f5es praticadas nessas primeiras 24 horas\u201d, diz Brito.<\/span><\/p>\n<p style=\"text-align: justify;\"><span style=\"font-weight: 400;\">O promotor de Justi\u00e7a Rodrigo Curti defendeu o uso imediato das c\u00e2meras corporais. Al\u00e9m disso, destacou que as imagens registradas durante as a\u00e7\u00f5es policiais podem ser fundamentais para a objetividade dos inqu\u00e9ritos e para eliminar d\u00favidas durante as investiga\u00e7\u00f5es.<\/span><\/p>\n<p style=\"text-align: justify;\"><span style=\"font-weight: 400;\">Ele convidou a c\u00fapula da seguran\u00e7a para discutir quando e como o governo pretende adquirir os equipamentos, que j\u00e1 s\u00e3o utilizados em diversos estados. Al\u00e9m disso, foi instaurado um procedimento para apurar a compra das c\u00e2meras que ser\u00e3o acopladas aos agentes de seguran\u00e7a.<\/span><\/p>\n<p style=\"text-align: justify;\"><span style=\"font-weight: 400;\">&#8220;Vamos discutir qual a melhor forma de iniciar a implementa\u00e7\u00e3o dessa tecnologia em nossas for\u00e7as, teremos palestras de representantes do Minist\u00e9rio da Justi\u00e7a da Senasp e tamb\u00e9m uma percep\u00e7\u00e3o das quest\u00f5es de abordagens pr\u00e1ticas pelo poder judici\u00e1rio&#8221;, afirma Curti.<\/span><\/p>\n<p style=\"text-align: justify;\"><span style=\"font-weight: 400;\">O secret\u00e1rio de seguran\u00e7a n\u00e3o compareceu \u00e0 audi\u00eancia, mas o diretor de planejamento, Marcos Frank, informou que h\u00e1 um estudo em andamento para a compra dos equipamentos. No entanto, al\u00e9m das c\u00e2meras, s\u00e3o necess\u00e1rios outros aparelhos para receber as imagens e fazer o arquivamento, o que depende de recursos federais.<\/span><\/p>\n<p style=\"text-align: justify;\"><span style=\"font-weight: 400;\">&#8220;O plano estadual de seguran\u00e7a p\u00fablica prev\u00ea a\u00e7\u00f5es para implementar o uso da c\u00e2mera corporal e aguarda a libera\u00e7\u00e3o dos recursos do fundo nacional&#8221;, explica Frank.<\/span><\/p>\n<p style=\"text-align: justify;\"><span style=\"font-weight: 400;\">A Pol\u00edcia Militar j\u00e1 elaborou alguns projetos para a implementa\u00e7\u00e3o das c\u00e2meras corporais, mas a secretaria de seguran\u00e7a alega n\u00e3o ter recursos dispon\u00edveis para a implanta\u00e7\u00e3o do sistema. A discuss\u00e3o sobre o uso das c\u00e2meras corporais pelas for\u00e7as de seguran\u00e7a continua e visa aprimorar a transpar\u00eancia e a efici\u00eancia das a\u00e7\u00f5es policiais no estado do Acre.<\/span><\/p>\n<p><em>Estagi\u00e1ria supervisionada por Gisele Almeida<\/em><\/p>\n<p style=\"text-align: justify;\"><em><span style=\"font-weight: 400;\">Com informa\u00e7\u00f5es do rep\u00f3rter Adailson Oliveira para a TV Gazeta<\/span><\/em><\/p>\n","protected":false},"excerpt":{"rendered":"<p>Mat\u00e9ria escrita por Inayme Lobo para o Agazeta.net<\/p>\n","protected":false},"author":4,"featured_media":124125,"comment_status":"open","ping_status":"open","sticky":false,"template":"","format":"standard","meta":{"jnews-multi-image_gallery":[],"jnews_single_post":{"source_name":"","source_url":"","via_name":"","via_url":"","override_template":"0","override":[{"template":"custom","single_blog_custom":"110746","parallax":"1","fullscreen":"1","layout":"right-sidebar","sidebar":"default-sidebar","second_sidebar":"default-sidebar","sticky_sidebar":"1","share_position":"top","share_float_style":"share-monocrhome","show_share_counter":"1","show_view_counter":"1","show_featured":"1","show_post_meta":"1","show_post_author":"1","show_post_author_image":"1","show_post_date":"1","post_date_format":"default","post_date_format_custom":"Y\/m\/d","show_post_category":"1","show_post_reading_time":"0","post_reading_time_wpm":"300","show_zoom_button":"0","zoom_button_out_step":"2","zoom_button_in_step":"3","show_post_tag":"1","show_prev_next_post":"1","show_popup_post":"1","number_popup_post":"1","show_author_box":"0","show_post_related":"1","show_inline_post_related":"0"}],"override_image_size":"0","image_override":[{"single_post_thumbnail_size":"crop-500","single_post_gallery_size":"crop-500"}],"trending_post":"0","trending_post_position":"meta","trending_post_label":"Trending","sponsored_post":"0","sponsored_post_label":"Sponsored by","sponsored_post_name":"","sponsored_post_url":"","sponsored_post_logo_enable":"0","sponsored_post_logo":"","sponsored_post_desc":"","disable_ad":"0"},"jnews_primary_category":{"id":"","hide":""},"jnews_social_meta":{"fb_title":"","fb_description":"","fb_image":"","twitter_title":"","twitter_description":"","twitter_image":""},"jnews_review":[],"enable_review":"0","type":"percentage","name":"","summary":"","brand":"","sku":"","good":[{"good_text":""}],"bad":[{"bad_text":""}],"score_override":"0","override_value":"","rating":[{"rating_text":"","rating_number":"10"}],"price":[{"shop":"","price":"","link":"","icon":""}],"footnotes":""},"categories":[54],"tags":[],"class_list":["post-124123","post","type-post","status-publish","format-standard","has-post-thumbnail","hentry","category-cotidiano"],"yoast_head":"<!-- This site is optimized with the Yoast SEO plugin v26.5 - https:\/\/yoast.com\/wordpress\/plugins\/seo\/ -->\n<title>MPAC estimula debate sobre o uso de c\u00e2meras corporais pelos agentes de seguran\u00e7a - Agazeta.net<\/title>\n<meta name=\"robots\" content=\"index, follow, max-snippet:-1, max-image-preview:large, max-video-preview:-1\" \/>\n<link rel=\"canonical\" href=\"https:\/\/nk7-testes.com.br\/agazeta\/mpac-estimula-debate-sobre-o-uso-de-cameras-corporais-pelos-agentes-de-seguranca\/\" \/>\n<meta property=\"og:locale\" content=\"pt_BR\" \/>\n<meta property=\"og:type\" content=\"article\" \/>\n<meta property=\"og:title\" content=\"MPAC estimula debate sobre o uso de c\u00e2meras corporais pelos agentes de seguran\u00e7a\" \/>\n<meta property=\"og:description\" content=\"Mat\u00e9ria escrita por Inayme Lobo para o Agazeta.net\" \/>\n<meta property=\"og:url\" content=\"https:\/\/nk7-testes.com.br\/agazeta\/mpac-estimula-debate-sobre-o-uso-de-cameras-corporais-pelos-agentes-de-seguranca\/\" \/>\n<meta property=\"og:site_name\" content=\"Agazeta.net\" \/>\n<meta property=\"article:published_time\" content=\"2023-12-20T13:46:09+00:00\" \/>\n<meta property=\"og:image\" content=\"https:\/\/nk7-testes.com.br\/agazeta\/wp-content\/uploads\/2023\/12\/WhatsApp-Image-2023-12-20-at-08.41.38.jpeg\" \/>\n\t<meta property=\"og:image:width\" content=\"984\" \/>\n\t<meta property=\"og:image:height\" content=\"553\" \/>\n\t<meta property=\"og:image:type\" content=\"image\/jpeg\" \/>\n<meta name=\"author\" content=\"Agazeta.Net\" \/>\n<meta name=\"twitter:card\" content=\"summary_large_image\" \/>\n<meta name=\"twitter:title\" content=\"MPAC estimula debate sobre o uso de c\u00e2meras corporais pelos agentes de seguran\u00e7a\" \/>\n<meta name=\"twitter:image\" content=\"https:\/\/nk7-testes.com.br\/agazeta\/wp-content\/uploads\/2023\/12\/WhatsApp-Image-2023-12-20-at-08.41.38.jpeg\" \/>\n<meta name=\"twitter:label1\" content=\"Escrito por\" \/>\n\t<meta name=\"twitter:data1\" content=\"Agazeta.Net\" \/>\n\t<meta name=\"twitter:label2\" content=\"Est. tempo de leitura\" \/>\n\t<meta name=\"twitter:data2\" content=\"3 minutos\" \/>\n<script type=\"application\/ld+json\" class=\"yoast-schema-graph\">{\"@context\":\"https:\/\/schema.org\",\"@graph\":[{\"@type\":\"WebPage\",\"@id\":\"https:\/\/nk7-testes.com.br\/agazeta\/mpac-estimula-debate-sobre-o-uso-de-cameras-corporais-pelos-agentes-de-seguranca\/\",\"url\":\"https:\/\/nk7-testes.com.br\/agazeta\/mpac-estimula-debate-sobre-o-uso-de-cameras-corporais-pelos-agentes-de-seguranca\/\",\"name\":\"MPAC estimula debate sobre o uso de c\u00e2meras corporais pelos agentes de seguran\u00e7a - Agazeta.net\",\"isPartOf\":{\"@id\":\"https:\/\/nk7-testes.com.br\/agazeta\/#website\"},\"primaryImageOfPage\":{\"@id\":\"https:\/\/nk7-testes.com.br\/agazeta\/mpac-estimula-debate-sobre-o-uso-de-cameras-corporais-pelos-agentes-de-seguranca\/#primaryimage\"},\"image\":{\"@id\":\"https:\/\/nk7-testes.com.br\/agazeta\/mpac-estimula-debate-sobre-o-uso-de-cameras-corporais-pelos-agentes-de-seguranca\/#primaryimage\"},\"thumbnailUrl\":\"https:\/\/nk7-testes.com.br\/agazeta\/wp-content\/uploads\/2023\/12\/WhatsApp-Image-2023-12-20-at-08.41.38.jpeg\",\"datePublished\":\"2023-12-20T13:46:09+00:00\",\"author\":{\"@id\":\"https:\/\/nk7-testes.com.br\/agazeta\/#\/schema\/person\/ff6b39d54d6973bfc57f4140f659b23f\"},\"breadcrumb\":{\"@id\":\"https:\/\/nk7-testes.com.br\/agazeta\/mpac-estimula-debate-sobre-o-uso-de-cameras-corporais-pelos-agentes-de-seguranca\/#breadcrumb\"},\"inLanguage\":\"pt-BR\",\"potentialAction\":[{\"@type\":\"ReadAction\",\"target\":[\"https:\/\/nk7-testes.com.br\/agazeta\/mpac-estimula-debate-sobre-o-uso-de-cameras-corporais-pelos-agentes-de-seguranca\/\"]}]},{\"@type\":\"ImageObject\",\"inLanguage\":\"pt-BR\",\"@id\":\"https:\/\/nk7-testes.com.br\/agazeta\/mpac-estimula-debate-sobre-o-uso-de-cameras-corporais-pelos-agentes-de-seguranca\/#primaryimage\",\"url\":\"https:\/\/nk7-testes.com.br\/agazeta\/wp-content\/uploads\/2023\/12\/WhatsApp-Image-2023-12-20-at-08.41.38.jpeg\",\"contentUrl\":\"https:\/\/nk7-testes.com.br\/agazeta\/wp-content\/uploads\/2023\/12\/WhatsApp-Image-2023-12-20-at-08.41.38.jpeg\",\"width\":984,\"height\":553,\"caption\":\"Foto: Rovena Rosa\/Ag\u00eancia Brasil\"},{\"@type\":\"BreadcrumbList\",\"@id\":\"https:\/\/nk7-testes.com.br\/agazeta\/mpac-estimula-debate-sobre-o-uso-de-cameras-corporais-pelos-agentes-de-seguranca\/#breadcrumb\",\"itemListElement\":[{\"@type\":\"ListItem\",\"position\":1,\"name\":\"In\u00edcio\",\"item\":\"https:\/\/nk7-testes.com.br\/agazeta\/\"},{\"@type\":\"ListItem\",\"position\":2,\"name\":\"MPAC estimula debate sobre o uso de c\u00e2meras corporais pelos agentes de seguran\u00e7a\"}]},{\"@type\":\"WebSite\",\"@id\":\"https:\/\/nk7-testes.com.br\/agazeta\/#website\",\"url\":\"https:\/\/nk7-testes.com.br\/agazeta\/\",\"name\":\"Agazeta.net\",\"description\":\"Agazeta.net - Not\u00edcias de Rio Branco\/AC\",\"potentialAction\":[{\"@type\":\"SearchAction\",\"target\":{\"@type\":\"EntryPoint\",\"urlTemplate\":\"https:\/\/nk7-testes.com.br\/agazeta\/?s={search_term_string}\"},\"query-input\":{\"@type\":\"PropertyValueSpecification\",\"valueRequired\":true,\"valueName\":\"search_term_string\"}}],\"inLanguage\":\"pt-BR\"},{\"@type\":\"Person\",\"@id\":\"https:\/\/nk7-testes.com.br\/agazeta\/#\/schema\/person\/ff6b39d54d6973bfc57f4140f659b23f\",\"name\":\"Agazeta.Net\",\"url\":\"https:\/\/nk7-testes.com.br\/agazeta\/author\/agazeta\/\"}]}<\/script>\n<!-- \/ Yoast SEO plugin. -->","yoast_head_json":{"title":"MPAC estimula debate sobre o uso de c\u00e2meras corporais pelos agentes de seguran\u00e7a - Agazeta.net","robots":{"index":"index","follow":"follow","max-snippet":"max-snippet:-1","max-image-preview":"max-image-preview:large","max-video-preview":"max-video-preview:-1"},"canonical":"https:\/\/nk7-testes.com.br\/agazeta\/mpac-estimula-debate-sobre-o-uso-de-cameras-corporais-pelos-agentes-de-seguranca\/","og_locale":"pt_BR","og_type":"article","og_title":"MPAC estimula debate sobre o uso de c\u00e2meras corporais pelos agentes de seguran\u00e7a","og_description":"Mat\u00e9ria escrita por Inayme Lobo para o Agazeta.net","og_url":"https:\/\/nk7-testes.com.br\/agazeta\/mpac-estimula-debate-sobre-o-uso-de-cameras-corporais-pelos-agentes-de-seguranca\/","og_site_name":"Agazeta.net","article_published_time":"2023-12-20T13:46:09+00:00","og_image":[{"width":984,"height":553,"url":"https:\/\/nk7-testes.com.br\/agazeta\/wp-content\/uploads\/2023\/12\/WhatsApp-Image-2023-12-20-at-08.41.38.jpeg","type":"image\/jpeg"}],"author":"Agazeta.Net","twitter_card":"summary_large_image","twitter_title":"MPAC estimula debate sobre o uso de c\u00e2meras corporais pelos agentes de seguran\u00e7a","twitter_image":"https:\/\/nk7-testes.com.br\/agazeta\/wp-content\/uploads\/2023\/12\/WhatsApp-Image-2023-12-20-at-08.41.38.jpeg","twitter_misc":{"Escrito por":"Agazeta.Net","Est. tempo de leitura":"3 minutos"},"schema":{"@context":"https:\/\/schema.org","@graph":[{"@type":"WebPage","@id":"https:\/\/nk7-testes.com.br\/agazeta\/mpac-estimula-debate-sobre-o-uso-de-cameras-corporais-pelos-agentes-de-seguranca\/","url":"https:\/\/nk7-testes.com.br\/agazeta\/mpac-estimula-debate-sobre-o-uso-de-cameras-corporais-pelos-agentes-de-seguranca\/","name":"MPAC estimula debate sobre o uso de c\u00e2meras corporais pelos agentes de seguran\u00e7a - Agazeta.net","isPartOf":{"@id":"https:\/\/nk7-testes.com.br\/agazeta\/#website"},"primaryImageOfPage":{"@id":"https:\/\/nk7-testes.com.br\/agazeta\/mpac-estimula-debate-sobre-o-uso-de-cameras-corporais-pelos-agentes-de-seguranca\/#primaryimage"},"image":{"@id":"https:\/\/nk7-testes.com.br\/agazeta\/mpac-estimula-debate-sobre-o-uso-de-cameras-corporais-pelos-agentes-de-seguranca\/#primaryimage"},"thumbnailUrl":"https:\/\/nk7-testes.com.br\/agazeta\/wp-content\/uploads\/2023\/12\/WhatsApp-Image-2023-12-20-at-08.41.38.jpeg","datePublished":"2023-12-20T13:46:09+00:00","author":{"@id":"https:\/\/nk7-testes.com.br\/agazeta\/#\/schema\/person\/ff6b39d54d6973bfc57f4140f659b23f"},"breadcrumb":{"@id":"https:\/\/nk7-testes.com.br\/agazeta\/mpac-estimula-debate-sobre-o-uso-de-cameras-corporais-pelos-agentes-de-seguranca\/#breadcrumb"},"inLanguage":"pt-BR","potentialAction":[{"@type":"ReadAction","target":["https:\/\/nk7-testes.com.br\/agazeta\/mpac-estimula-debate-sobre-o-uso-de-cameras-corporais-pelos-agentes-de-seguranca\/"]}]},{"@type":"ImageObject","inLanguage":"pt-BR","@id":"https:\/\/nk7-testes.com.br\/agazeta\/mpac-estimula-debate-sobre-o-uso-de-cameras-corporais-pelos-agentes-de-seguranca\/#primaryimage","url":"https:\/\/nk7-testes.com.br\/agazeta\/wp-content\/uploads\/2023\/12\/WhatsApp-Image-2023-12-20-at-08.41.38.jpeg","contentUrl":"https:\/\/nk7-testes.com.br\/agazeta\/wp-content\/uploads\/2023\/12\/WhatsApp-Image-2023-12-20-at-08.41.38.jpeg","width":984,"height":553,"caption":"Foto: Rovena Rosa\/Ag\u00eancia Brasil"},{"@type":"BreadcrumbList","@id":"https:\/\/nk7-testes.com.br\/agazeta\/mpac-estimula-debate-sobre-o-uso-de-cameras-corporais-pelos-agentes-de-seguranca\/#breadcrumb","itemListElement":[{"@type":"ListItem","position":1,"name":"In\u00edcio","item":"https:\/\/nk7-testes.com.br\/agazeta\/"},{"@type":"ListItem","position":2,"name":"MPAC estimula debate sobre o uso de c\u00e2meras corporais pelos agentes de seguran\u00e7a"}]},{"@type":"WebSite","@id":"https:\/\/nk7-testes.com.br\/agazeta\/#website","url":"https:\/\/nk7-testes.com.br\/agazeta\/","name":"Agazeta.net","description":"Agazeta.net - Not\u00edcias de Rio Branco\/AC","potentialAction":[{"@type":"SearchAction","target":{"@type":"EntryPoint","urlTemplate":"https:\/\/nk7-testes.com.br\/agazeta\/?s={search_term_string}"},"query-input":{"@type":"PropertyValueSpecification","valueRequired":true,"valueName":"search_term_string"}}],"inLanguage":"pt-BR"},{"@type":"Person","@id":"https:\/\/nk7-testes.com.br\/agazeta\/#\/schema\/person\/ff6b39d54d6973bfc57f4140f659b23f","name":"Agazeta.Net","url":"https:\/\/nk7-testes.com.br\/agazeta\/author\/agazeta\/"}]}},"_links":{"self":[{"href":"https:\/\/nk7-testes.com.br\/agazeta\/wp-json\/wp\/v2\/posts\/124123","targetHints":{"allow":["GET"]}}],"collection":[{"href":"https:\/\/nk7-testes.com.br\/agazeta\/wp-json\/wp\/v2\/posts"}],"about":[{"href":"https:\/\/nk7-testes.com.br\/agazeta\/wp-json\/wp\/v2\/types\/post"}],"author":[{"embeddable":true,"href":"https:\/\/nk7-testes.com.br\/agazeta\/wp-json\/wp\/v2\/users\/4"}],"replies":[{"embeddable":true,"href":"https:\/\/nk7-testes.com.br\/agazeta\/wp-json\/wp\/v2\/comments?post=124123"}],"version-history":[{"count":0,"href":"https:\/\/nk7-testes.com.br\/agazeta\/wp-json\/wp\/v2\/posts\/124123\/revisions"}],"wp:featuredmedia":[{"embeddable":true,"href":"https:\/\/nk7-testes.com.br\/agazeta\/wp-json\/wp\/v2\/media\/124125"}],"wp:attachment":[{"href":"https:\/\/nk7-testes.com.br\/agazeta\/wp-json\/wp\/v2\/media?parent=124123"}],"wp:term":[{"taxonomy":"category","embeddable":true,"href":"https:\/\/nk7-testes.com.br\/agazeta\/wp-json\/wp\/v2\/categories?post=124123"},{"taxonomy":"post_tag","embeddable":true,"href":"https:\/\/nk7-testes.com.br\/agazeta\/wp-json\/wp\/v2\/tags?post=124123"}],"curies":[{"name":"wp","href":"https:\/\/api.w.org\/{rel}","templated":true}]}}