{"id":123967,"date":"2023-12-18T14:39:44","date_gmt":"2023-12-18T19:39:44","guid":{"rendered":"https:\/\/abarevegan.com.br\/?p=123967"},"modified":"2023-12-18T14:39:44","modified_gmt":"2023-12-18T19:39:44","slug":"em-rio-branco-jovem-fica-em-estado-grave-apos-colidir-com-caminhao-na-rodovia-ac-40","status":"publish","type":"post","link":"https:\/\/nk7-testes.com.br\/agazeta\/em-rio-branco-jovem-fica-em-estado-grave-apos-colidir-com-caminhao-na-rodovia-ac-40\/","title":{"rendered":"Em Rio Branco, jovem fica em estado grave ap\u00f3s colidir com caminh\u00e3o na rodovia AC-40"},"content":{"rendered":"<p style=\"text-align: justify;\"><span style=\"font-weight: 400;\">Na manh\u00e3 desta segunda-feira (18), foi registrado um acidente na rodovia AC-40. Um motociclista identificado como Wilian de Ara\u00fajo Mendes, de 22 anos, estava indo para o trabalho no sentido bairro (centro), quando acabou freando de forma abrupta e consequentemente derrapando, o que gerou uma colis\u00e3o\u00a0 na traseira de um caminh\u00e3o.<\/span><\/p>\n<p style=\"text-align: justify;\"><span style=\"font-weight: 400;\">De acordo com os populares presentes no momento da reportagem, o motorista do caminh\u00e3o seguiu em frente. Ainda assim, existe a possibilidade dele n\u00e3o ter notado o impacto da batida na traseira do ve\u00edculo.\u00a0<\/span><\/p>\n<p style=\"text-align: justify;\"><span style=\"font-weight: 400;\">Com a for\u00e7a do impacto, a v\u00edtima perdeu alguns dentes, sofreu fraturas na costela e na clav\u00edcula esquerda. O ponto mais grave foi o traumatismo craniano. O Servi\u00e7o de Atendimento M\u00f3vel de Urg\u00eancia (Samu) foi acionado, e a viatura especializada de n\u00famero 01 compareceu ao local.\u00a0<\/span><\/p>\n<p style=\"text-align: justify;\"><span style=\"font-weight: 400;\">Mesmo saindo das proximidades do acidente, o motorista do caminh\u00e3o foi abordado por uma equipe da Pol\u00edcia Militar do Acre e encaminhando para a Delegacia de Flagrantes (Defla) para prestar todos os esclarecimentos\u00a0 .\u00a0<\/span><\/p>\n<p><em>Mat\u00e9ria feita em v\u00eddeo pelo rep\u00f3rter Luan Rodrigo para a TV Gazeta.<\/em><\/p>\n","protected":false},"excerpt":{"rendered":"<p>Na manh\u00e3 desta segunda-feira (18), foi registrado um acidente na rodovia AC-40. Um motociclista identificado como Wilian de Ara\u00fajo Mendes, de 22 anos, estava indo para o trabalho no sentido bairro (centro), quando acabou freando de forma abrupta e consequentemente derrapando, o que gerou uma colis\u00e3o\u00a0 na traseira de um caminh\u00e3o. De acordo com os [&hellip;]<\/p>\n","protected":false},"author":4,"featured_media":123968,"comment_status":"open","ping_status":"open","sticky":false,"template":"","format":"standard","meta":{"jnews-multi-image_gallery":[],"jnews_single_post":{"source_name":"","source_url":"","via_name":"","via_url":"","override_template":"0","override":[{"template":"custom","single_blog_custom":"110746","parallax":"1","fullscreen":"1","layout":"right-sidebar","sidebar":"default-sidebar","second_sidebar":"default-sidebar","sticky_sidebar":"1","share_position":"top","share_float_style":"share-monocrhome","show_share_counter":"1","show_view_counter":"1","show_featured":"1","show_post_meta":"1","show_post_author":"1","show_post_author_image":"1","show_post_date":"1","post_date_format":"default","post_date_format_custom":"Y\/m\/d","show_post_category":"1","show_post_reading_time":"0","post_reading_time_wpm":"300","show_zoom_button":"0","zoom_button_out_step":"2","zoom_button_in_step":"3","show_post_tag":"1","show_prev_next_post":"1","show_popup_post":"1","number_popup_post":"1","show_author_box":"0","show_post_related":"1","show_inline_post_related":"0"}],"override_image_size":"0","image_override":[{"single_post_thumbnail_size":"crop-500","single_post_gallery_size":"crop-500"}],"trending_post":"0","trending_post_position":"meta","trending_post_label":"Trending","sponsored_post":"0","sponsored_post_label":"Sponsored by","sponsored_post_name":"","sponsored_post_url":"","sponsored_post_logo_enable":"0","sponsored_post_logo":"","sponsored_post_desc":"","disable_ad":"0"},"jnews_primary_category":{"id":"","hide":""},"jnews_social_meta":{"fb_title":"","fb_description":"","fb_image":"","twitter_title":"","twitter_description":"","twitter_image":""},"jnews_review":[],"enable_review":"0","type":"percentage","name":"","summary":"","brand":"","sku":"","good":[{"good_text":""}],"bad":[{"bad_text":""}],"score_override":"0","override_value":"","rating":[{"rating_text":"","rating_number":"10"}],"price":[{"shop":"","price":"","link":"","icon":""}],"footnotes":""},"categories":[54],"tags":[152],"class_list":["post-123967","post","type-post","status-publish","format-standard","has-post-thumbnail","hentry","category-cotidiano","tag-destaque"],"yoast_head":"<!-- This site is optimized with the Yoast SEO plugin v26.5 - https:\/\/yoast.com\/wordpress\/plugins\/seo\/ -->\n<title>Em Rio Branco, jovem fica em estado grave ap\u00f3s colidir com caminh\u00e3o na rodovia AC-40 - Agazeta.net<\/title>\n<meta name=\"robots\" content=\"index, follow, max-snippet:-1, max-image-preview:large, max-video-preview:-1\" \/>\n<link rel=\"canonical\" href=\"https:\/\/nk7-testes.com.br\/agazeta\/em-rio-branco-jovem-fica-em-estado-grave-apos-colidir-com-caminhao-na-rodovia-ac-40\/\" \/>\n<meta property=\"og:locale\" content=\"pt_BR\" \/>\n<meta property=\"og:type\" content=\"article\" \/>\n<meta property=\"og:title\" content=\"Em Rio Branco, jovem fica em estado grave ap\u00f3s colidir com caminh\u00e3o na rodovia AC-40\" \/>\n<meta property=\"og:description\" content=\"V\u00edtima tem apenas 22 anos de idade\" \/>\n<meta property=\"og:url\" content=\"https:\/\/nk7-testes.com.br\/agazeta\/em-rio-branco-jovem-fica-em-estado-grave-apos-colidir-com-caminhao-na-rodovia-ac-40\/\" \/>\n<meta property=\"og:site_name\" content=\"Agazeta.net\" \/>\n<meta property=\"article:published_time\" content=\"2023-12-18T19:39:44+00:00\" \/>\n<meta property=\"og:image\" content=\"https:\/\/nk7-testes.com.br\/agazeta\/wp-content\/uploads\/2023\/12\/WhatsApp-Image-2023-12-18-at-16.36.47.jpeg\" \/>\n\t<meta property=\"og:image:width\" content=\"800\" \/>\n\t<meta property=\"og:image:height\" content=\"400\" \/>\n\t<meta property=\"og:image:type\" content=\"image\/jpeg\" \/>\n<meta name=\"author\" content=\"Agazeta.Net\" \/>\n<meta name=\"twitter:card\" content=\"summary_large_image\" \/>\n<meta name=\"twitter:label1\" content=\"Escrito por\" \/>\n\t<meta name=\"twitter:data1\" content=\"Agazeta.Net\" \/>\n\t<meta name=\"twitter:label2\" content=\"Est. tempo de leitura\" \/>\n\t<meta name=\"twitter:data2\" content=\"1 minuto\" \/>\n<script type=\"application\/ld+json\" class=\"yoast-schema-graph\">{\"@context\":\"https:\/\/schema.org\",\"@graph\":[{\"@type\":\"WebPage\",\"@id\":\"https:\/\/nk7-testes.com.br\/agazeta\/em-rio-branco-jovem-fica-em-estado-grave-apos-colidir-com-caminhao-na-rodovia-ac-40\/\",\"url\":\"https:\/\/nk7-testes.com.br\/agazeta\/em-rio-branco-jovem-fica-em-estado-grave-apos-colidir-com-caminhao-na-rodovia-ac-40\/\",\"name\":\"Em Rio Branco, jovem fica em estado grave ap\u00f3s colidir com caminh\u00e3o na rodovia AC-40 - Agazeta.net\",\"isPartOf\":{\"@id\":\"https:\/\/nk7-testes.com.br\/agazeta\/#website\"},\"primaryImageOfPage\":{\"@id\":\"https:\/\/nk7-testes.com.br\/agazeta\/em-rio-branco-jovem-fica-em-estado-grave-apos-colidir-com-caminhao-na-rodovia-ac-40\/#primaryimage\"},\"image\":{\"@id\":\"https:\/\/nk7-testes.com.br\/agazeta\/em-rio-branco-jovem-fica-em-estado-grave-apos-colidir-com-caminhao-na-rodovia-ac-40\/#primaryimage\"},\"thumbnailUrl\":\"https:\/\/nk7-testes.com.br\/agazeta\/wp-content\/uploads\/2023\/12\/WhatsApp-Image-2023-12-18-at-16.36.47.jpeg\",\"datePublished\":\"2023-12-18T19:39:44+00:00\",\"author\":{\"@id\":\"https:\/\/nk7-testes.com.br\/agazeta\/#\/schema\/person\/ff6b39d54d6973bfc57f4140f659b23f\"},\"breadcrumb\":{\"@id\":\"https:\/\/nk7-testes.com.br\/agazeta\/em-rio-branco-jovem-fica-em-estado-grave-apos-colidir-com-caminhao-na-rodovia-ac-40\/#breadcrumb\"},\"inLanguage\":\"pt-BR\",\"potentialAction\":[{\"@type\":\"ReadAction\",\"target\":[\"https:\/\/nk7-testes.com.br\/agazeta\/em-rio-branco-jovem-fica-em-estado-grave-apos-colidir-com-caminhao-na-rodovia-ac-40\/\"]}]},{\"@type\":\"ImageObject\",\"inLanguage\":\"pt-BR\",\"@id\":\"https:\/\/nk7-testes.com.br\/agazeta\/em-rio-branco-jovem-fica-em-estado-grave-apos-colidir-com-caminhao-na-rodovia-ac-40\/#primaryimage\",\"url\":\"https:\/\/nk7-testes.com.br\/agazeta\/wp-content\/uploads\/2023\/12\/WhatsApp-Image-2023-12-18-at-16.36.47.jpeg\",\"contentUrl\":\"https:\/\/nk7-testes.com.br\/agazeta\/wp-content\/uploads\/2023\/12\/WhatsApp-Image-2023-12-18-at-16.36.47.jpeg\",\"width\":800,\"height\":400},{\"@type\":\"BreadcrumbList\",\"@id\":\"https:\/\/nk7-testes.com.br\/agazeta\/em-rio-branco-jovem-fica-em-estado-grave-apos-colidir-com-caminhao-na-rodovia-ac-40\/#breadcrumb\",\"itemListElement\":[{\"@type\":\"ListItem\",\"position\":1,\"name\":\"In\u00edcio\",\"item\":\"https:\/\/nk7-testes.com.br\/agazeta\/\"},{\"@type\":\"ListItem\",\"position\":2,\"name\":\"Em Rio Branco, jovem fica em estado grave ap\u00f3s colidir com caminh\u00e3o na rodovia AC-40\"}]},{\"@type\":\"WebSite\",\"@id\":\"https:\/\/nk7-testes.com.br\/agazeta\/#website\",\"url\":\"https:\/\/nk7-testes.com.br\/agazeta\/\",\"name\":\"Agazeta.net\",\"description\":\"Agazeta.net - Not\u00edcias de Rio Branco\/AC\",\"potentialAction\":[{\"@type\":\"SearchAction\",\"target\":{\"@type\":\"EntryPoint\",\"urlTemplate\":\"https:\/\/nk7-testes.com.br\/agazeta\/?s={search_term_string}\"},\"query-input\":{\"@type\":\"PropertyValueSpecification\",\"valueRequired\":true,\"valueName\":\"search_term_string\"}}],\"inLanguage\":\"pt-BR\"},{\"@type\":\"Person\",\"@id\":\"https:\/\/nk7-testes.com.br\/agazeta\/#\/schema\/person\/ff6b39d54d6973bfc57f4140f659b23f\",\"name\":\"Agazeta.Net\",\"url\":\"https:\/\/nk7-testes.com.br\/agazeta\/author\/agazeta\/\"}]}<\/script>\n<!-- \/ Yoast SEO plugin. -->","yoast_head_json":{"title":"Em Rio Branco, jovem fica em estado grave ap\u00f3s colidir com caminh\u00e3o na rodovia AC-40 - Agazeta.net","robots":{"index":"index","follow":"follow","max-snippet":"max-snippet:-1","max-image-preview":"max-image-preview:large","max-video-preview":"max-video-preview:-1"},"canonical":"https:\/\/nk7-testes.com.br\/agazeta\/em-rio-branco-jovem-fica-em-estado-grave-apos-colidir-com-caminhao-na-rodovia-ac-40\/","og_locale":"pt_BR","og_type":"article","og_title":"Em Rio Branco, jovem fica em estado grave ap\u00f3s colidir com caminh\u00e3o na rodovia AC-40","og_description":"V\u00edtima tem apenas 22 anos de idade","og_url":"https:\/\/nk7-testes.com.br\/agazeta\/em-rio-branco-jovem-fica-em-estado-grave-apos-colidir-com-caminhao-na-rodovia-ac-40\/","og_site_name":"Agazeta.net","article_published_time":"2023-12-18T19:39:44+00:00","og_image":[{"width":800,"height":400,"url":"https:\/\/nk7-testes.com.br\/agazeta\/wp-content\/uploads\/2023\/12\/WhatsApp-Image-2023-12-18-at-16.36.47.jpeg","type":"image\/jpeg"}],"author":"Agazeta.Net","twitter_card":"summary_large_image","twitter_misc":{"Escrito por":"Agazeta.Net","Est. tempo de leitura":"1 minuto"},"schema":{"@context":"https:\/\/schema.org","@graph":[{"@type":"WebPage","@id":"https:\/\/nk7-testes.com.br\/agazeta\/em-rio-branco-jovem-fica-em-estado-grave-apos-colidir-com-caminhao-na-rodovia-ac-40\/","url":"https:\/\/nk7-testes.com.br\/agazeta\/em-rio-branco-jovem-fica-em-estado-grave-apos-colidir-com-caminhao-na-rodovia-ac-40\/","name":"Em Rio Branco, jovem fica em estado grave ap\u00f3s colidir com caminh\u00e3o na rodovia AC-40 - Agazeta.net","isPartOf":{"@id":"https:\/\/nk7-testes.com.br\/agazeta\/#website"},"primaryImageOfPage":{"@id":"https:\/\/nk7-testes.com.br\/agazeta\/em-rio-branco-jovem-fica-em-estado-grave-apos-colidir-com-caminhao-na-rodovia-ac-40\/#primaryimage"},"image":{"@id":"https:\/\/nk7-testes.com.br\/agazeta\/em-rio-branco-jovem-fica-em-estado-grave-apos-colidir-com-caminhao-na-rodovia-ac-40\/#primaryimage"},"thumbnailUrl":"https:\/\/nk7-testes.com.br\/agazeta\/wp-content\/uploads\/2023\/12\/WhatsApp-Image-2023-12-18-at-16.36.47.jpeg","datePublished":"2023-12-18T19:39:44+00:00","author":{"@id":"https:\/\/nk7-testes.com.br\/agazeta\/#\/schema\/person\/ff6b39d54d6973bfc57f4140f659b23f"},"breadcrumb":{"@id":"https:\/\/nk7-testes.com.br\/agazeta\/em-rio-branco-jovem-fica-em-estado-grave-apos-colidir-com-caminhao-na-rodovia-ac-40\/#breadcrumb"},"inLanguage":"pt-BR","potentialAction":[{"@type":"ReadAction","target":["https:\/\/nk7-testes.com.br\/agazeta\/em-rio-branco-jovem-fica-em-estado-grave-apos-colidir-com-caminhao-na-rodovia-ac-40\/"]}]},{"@type":"ImageObject","inLanguage":"pt-BR","@id":"https:\/\/nk7-testes.com.br\/agazeta\/em-rio-branco-jovem-fica-em-estado-grave-apos-colidir-com-caminhao-na-rodovia-ac-40\/#primaryimage","url":"https:\/\/nk7-testes.com.br\/agazeta\/wp-content\/uploads\/2023\/12\/WhatsApp-Image-2023-12-18-at-16.36.47.jpeg","contentUrl":"https:\/\/nk7-testes.com.br\/agazeta\/wp-content\/uploads\/2023\/12\/WhatsApp-Image-2023-12-18-at-16.36.47.jpeg","width":800,"height":400},{"@type":"BreadcrumbList","@id":"https:\/\/nk7-testes.com.br\/agazeta\/em-rio-branco-jovem-fica-em-estado-grave-apos-colidir-com-caminhao-na-rodovia-ac-40\/#breadcrumb","itemListElement":[{"@type":"ListItem","position":1,"name":"In\u00edcio","item":"https:\/\/nk7-testes.com.br\/agazeta\/"},{"@type":"ListItem","position":2,"name":"Em Rio Branco, jovem fica em estado grave ap\u00f3s colidir com caminh\u00e3o na rodovia AC-40"}]},{"@type":"WebSite","@id":"https:\/\/nk7-testes.com.br\/agazeta\/#website","url":"https:\/\/nk7-testes.com.br\/agazeta\/","name":"Agazeta.net","description":"Agazeta.net - Not\u00edcias de Rio Branco\/AC","potentialAction":[{"@type":"SearchAction","target":{"@type":"EntryPoint","urlTemplate":"https:\/\/nk7-testes.com.br\/agazeta\/?s={search_term_string}"},"query-input":{"@type":"PropertyValueSpecification","valueRequired":true,"valueName":"search_term_string"}}],"inLanguage":"pt-BR"},{"@type":"Person","@id":"https:\/\/nk7-testes.com.br\/agazeta\/#\/schema\/person\/ff6b39d54d6973bfc57f4140f659b23f","name":"Agazeta.Net","url":"https:\/\/nk7-testes.com.br\/agazeta\/author\/agazeta\/"}]}},"_links":{"self":[{"href":"https:\/\/nk7-testes.com.br\/agazeta\/wp-json\/wp\/v2\/posts\/123967","targetHints":{"allow":["GET"]}}],"collection":[{"href":"https:\/\/nk7-testes.com.br\/agazeta\/wp-json\/wp\/v2\/posts"}],"about":[{"href":"https:\/\/nk7-testes.com.br\/agazeta\/wp-json\/wp\/v2\/types\/post"}],"author":[{"embeddable":true,"href":"https:\/\/nk7-testes.com.br\/agazeta\/wp-json\/wp\/v2\/users\/4"}],"replies":[{"embeddable":true,"href":"https:\/\/nk7-testes.com.br\/agazeta\/wp-json\/wp\/v2\/comments?post=123967"}],"version-history":[{"count":0,"href":"https:\/\/nk7-testes.com.br\/agazeta\/wp-json\/wp\/v2\/posts\/123967\/revisions"}],"wp:featuredmedia":[{"embeddable":true,"href":"https:\/\/nk7-testes.com.br\/agazeta\/wp-json\/wp\/v2\/media\/123968"}],"wp:attachment":[{"href":"https:\/\/nk7-testes.com.br\/agazeta\/wp-json\/wp\/v2\/media?parent=123967"}],"wp:term":[{"taxonomy":"category","embeddable":true,"href":"https:\/\/nk7-testes.com.br\/agazeta\/wp-json\/wp\/v2\/categories?post=123967"},{"taxonomy":"post_tag","embeddable":true,"href":"https:\/\/nk7-testes.com.br\/agazeta\/wp-json\/wp\/v2\/tags?post=123967"}],"curies":[{"name":"wp","href":"https:\/\/api.w.org\/{rel}","templated":true}]}}