{"id":123932,"date":"2023-12-18T09:11:42","date_gmt":"2023-12-18T14:11:42","guid":{"rendered":"https:\/\/abarevegan.com.br\/?p=123932"},"modified":"2023-12-18T09:11:42","modified_gmt":"2023-12-18T14:11:42","slug":"adolescente-que-atropelou-dj-e-motorista-de-aplicativo-na-estrada-dias-martins-vai-ser-internada-preventivamente","status":"publish","type":"post","link":"https:\/\/nk7-testes.com.br\/agazeta\/adolescente-que-atropelou-dj-e-motorista-de-aplicativo-na-estrada-dias-martins-vai-ser-internada-preventivamente\/","title":{"rendered":"Adolescente que atropelou DJ e motorista de aplicativo na Estrada Dias Martins vai ser internada preventivamente"},"content":{"rendered":"<p>Mat\u00e9ria escrita por<strong> Inayme Lobo<\/strong> para o<strong> agazeta.net<\/strong><\/p>\n<p><!--more--><\/p>\n<p style=\"text-align: justify;\"><span style=\"font-weight: 400;\">A Justi\u00e7a do Acre concedeu a interna\u00e7\u00e3o provis\u00f3ria para a adolescente respons\u00e1vel por um acidente ocorrido na Estrada Dias Martins, na primeira semana de dezembro. <a href=\"https:\/\/nk7-testes.com.br\/adolescente-invade-carro-na-contramao-e-deixa-duas-pessoas-em-estado-grave-em-rio-branco-veja-video\/\">A jovem, que dirigia na contram\u00e3o<\/a> e colidiu com uma moto, <a href=\"https:\/\/nk7-testes.com.br\/adolescente-que-colidiu-com-motocicleta-ao-dirigir-na-contramao-recusou-fazer-teste-do-bafometro\/\">supostamente estava sob efeito de bebida alco\u00f3lica<\/a> e n\u00e3o possu\u00eda Carteira Nacional de Habilita\u00e7\u00e3o (CNH).\u00a0<\/span><\/p>\n<p style=\"text-align: justify;\"><span style=\"font-weight: 400;\">A decis\u00e3o foi tomada com base na manuten\u00e7\u00e3o da ordem p\u00fablica e na garantia da instru\u00e7\u00e3o processual, acatando o pedido do Minist\u00e9rio P\u00fablico Estadual do Acre (MPAC).<\/span><\/p>\n<p style=\"text-align: justify;\"><span style=\"font-weight: 400;\">A interna\u00e7\u00e3o foi determinada pela Ju\u00edza da primeira vara da inf\u00e2ncia e da juventude, Rogeria Mesquita, no s\u00e1bado (16), ap\u00f3s a manifesta\u00e7\u00e3o do MPAC. A defesa do adolescente entrou com um pedido de Habeas Corpus, por\u00e9m o juiz J\u00fanior Alberto manteve a decis\u00e3o da primeira inst\u00e2ncia.<\/span><\/p>\n<p style=\"text-align: justify;\"><span style=\"font-weight: 400;\">Enquanto isso, a v\u00edtima do acidente, Mauro Gomes de Freitas Neto, continua internado na Unidade de Terapia Intensiva do Pronto Socorro (UTI), com traumatismo craniano, afundamento no cr\u00e2nio, fratura na bacia e no f\u00eamur esquerdo. O jovem, que conduzia a moto, trabalhava como motorista de aplicativo. Felipe Moreira da Silva, de 24 anos, teve uma das pernas dilaceradas devido \u00e0 gravidade do acidente causado pelo menor de 16 anos.<\/span><\/p>\n<h3 style=\"text-align: justify;\"><span style=\"font-weight: 400;\">Doa\u00e7\u00e3o de sangue<\/span><\/h3>\n<p style=\"text-align: justify;\"><span style=\"font-weight: 400;\">Diante da situa\u00e7\u00e3o, uma campanha de <a href=\"https:\/\/nk7-testes.com.br\/jovem-atropelado-por-adolescente-que-dirigia-na-contramao-precisa-de-doacao-de-sangue-saiba-como-doar\/\">doa\u00e7\u00e3o de sangue<\/a> foi iniciada para ajudar Mauro Gomes de Freitas Neto. O jovem necessita de doa\u00e7\u00f5es de sangue de qualquer tipo sangu\u00edneo. Os doadores podem se dirigir ao Hemoacre, localizado na Avenida Get\u00falio Vargas, bairro Bosque, n\u00b0 2787, em Rio Branco, at\u00e9 as 18h.<\/span><\/p>\n<p><em>Estagi\u00e1ria supervisionada por Gisele Almeida<\/em><\/p>\n<p style=\"text-align: justify;\"><em>Com informa\u00e7\u00f5es de D\u00e9bora Ribeiro para TV Gazeta\u00a0<\/em><\/p>\n","protected":false},"excerpt":{"rendered":"<p>Mat\u00e9ria escrita por Inayme Lobo para o agazeta.net<\/p>\n","protected":false},"author":4,"featured_media":123933,"comment_status":"open","ping_status":"open","sticky":false,"template":"","format":"standard","meta":{"jnews-multi-image_gallery":[],"jnews_single_post":{"source_name":"","source_url":"","via_name":"","via_url":"","override_template":"0","override":[{"template":"custom","single_blog_custom":"110746","parallax":"1","fullscreen":"1","layout":"right-sidebar","sidebar":"default-sidebar","second_sidebar":"default-sidebar","sticky_sidebar":"1","share_position":"top","share_float_style":"share-monocrhome","show_share_counter":"1","show_view_counter":"1","show_featured":"1","show_post_meta":"1","show_post_author":"1","show_post_author_image":"1","show_post_date":"1","post_date_format":"default","post_date_format_custom":"Y\/m\/d","show_post_category":"1","show_post_reading_time":"0","post_reading_time_wpm":"300","show_zoom_button":"0","zoom_button_out_step":"2","zoom_button_in_step":"3","show_post_tag":"1","show_prev_next_post":"1","show_popup_post":"1","number_popup_post":"1","show_author_box":"0","show_post_related":"1","show_inline_post_related":"0"}],"override_image_size":"0","image_override":[{"single_post_thumbnail_size":"crop-500","single_post_gallery_size":"crop-500"}],"trending_post":"0","trending_post_position":"meta","trending_post_label":"Trending","sponsored_post":"0","sponsored_post_label":"Sponsored by","sponsored_post_name":"","sponsored_post_url":"","sponsored_post_logo_enable":"0","sponsored_post_logo":"","sponsored_post_desc":"","disable_ad":"0"},"jnews_primary_category":{"id":"","hide":""},"jnews_social_meta":{"fb_title":"","fb_description":"","fb_image":"","twitter_title":"","twitter_description":"","twitter_image":""},"jnews_review":[],"enable_review":"0","type":"percentage","name":"","summary":"","brand":"","sku":"","good":[{"good_text":""}],"bad":[{"bad_text":""}],"score_override":"0","override_value":"","rating":[{"rating_text":"","rating_number":"10"}],"price":[{"shop":"","price":"","link":"","icon":""}],"footnotes":""},"categories":[54],"tags":[152],"class_list":["post-123932","post","type-post","status-publish","format-standard","has-post-thumbnail","hentry","category-cotidiano","tag-destaque"],"yoast_head":"<!-- This site is optimized with the Yoast SEO plugin v26.5 - https:\/\/yoast.com\/wordpress\/plugins\/seo\/ -->\n<title>Adolescente que atropelou DJ e motorista de aplicativo na Estrada Dias Martins vai ser internada preventivamente - Agazeta.net<\/title>\n<meta name=\"robots\" content=\"index, follow, max-snippet:-1, max-image-preview:large, max-video-preview:-1\" \/>\n<link rel=\"canonical\" href=\"https:\/\/nk7-testes.com.br\/agazeta\/adolescente-que-atropelou-dj-e-motorista-de-aplicativo-na-estrada-dias-martins-vai-ser-internada-preventivamente\/\" \/>\n<meta property=\"og:locale\" content=\"pt_BR\" \/>\n<meta property=\"og:type\" content=\"article\" \/>\n<meta property=\"og:title\" content=\"Adolescente que atropelou DJ e motorista de aplicativo na Estrada Dias Martins vai ser internada preventivamente\" \/>\n<meta property=\"og:description\" content=\"Mat\u00e9ria escrita por Inayme Lobo para o agazeta.net\" \/>\n<meta property=\"og:url\" content=\"https:\/\/nk7-testes.com.br\/agazeta\/adolescente-que-atropelou-dj-e-motorista-de-aplicativo-na-estrada-dias-martins-vai-ser-internada-preventivamente\/\" \/>\n<meta property=\"og:site_name\" content=\"Agazeta.net\" \/>\n<meta property=\"article:published_time\" content=\"2023-12-18T14:11:42+00:00\" \/>\n<meta property=\"og:image\" content=\"https:\/\/nk7-testes.com.br\/agazeta\/wp-content\/uploads\/2023\/12\/WhatsApp-Image-2023-12-08-at-13.48.50-750x374-1.jpeg\" \/>\n\t<meta property=\"og:image:width\" content=\"750\" \/>\n\t<meta property=\"og:image:height\" content=\"374\" \/>\n\t<meta property=\"og:image:type\" content=\"image\/jpeg\" \/>\n<meta name=\"author\" content=\"Agazeta.Net\" \/>\n<meta name=\"twitter:card\" content=\"summary_large_image\" \/>\n<meta name=\"twitter:title\" content=\"Adolescente que atropelou DJ e motorista de aplicativo na Estrada Dias Martins vai ser internada preventivamente\" \/>\n<meta name=\"twitter:image\" content=\"https:\/\/nk7-testes.com.br\/agazeta\/wp-content\/uploads\/2023\/12\/WhatsApp-Image-2023-12-08-at-13.48.50-750x374-1.jpeg\" \/>\n<meta name=\"twitter:label1\" content=\"Escrito por\" \/>\n\t<meta name=\"twitter:data1\" content=\"Agazeta.Net\" \/>\n\t<meta name=\"twitter:label2\" content=\"Est. tempo de leitura\" \/>\n\t<meta name=\"twitter:data2\" content=\"2 minutos\" \/>\n<script type=\"application\/ld+json\" class=\"yoast-schema-graph\">{\"@context\":\"https:\/\/schema.org\",\"@graph\":[{\"@type\":\"WebPage\",\"@id\":\"https:\/\/nk7-testes.com.br\/agazeta\/adolescente-que-atropelou-dj-e-motorista-de-aplicativo-na-estrada-dias-martins-vai-ser-internada-preventivamente\/\",\"url\":\"https:\/\/nk7-testes.com.br\/agazeta\/adolescente-que-atropelou-dj-e-motorista-de-aplicativo-na-estrada-dias-martins-vai-ser-internada-preventivamente\/\",\"name\":\"Adolescente que atropelou DJ e motorista de aplicativo na Estrada Dias Martins vai ser internada preventivamente - Agazeta.net\",\"isPartOf\":{\"@id\":\"https:\/\/nk7-testes.com.br\/agazeta\/#website\"},\"primaryImageOfPage\":{\"@id\":\"https:\/\/nk7-testes.com.br\/agazeta\/adolescente-que-atropelou-dj-e-motorista-de-aplicativo-na-estrada-dias-martins-vai-ser-internada-preventivamente\/#primaryimage\"},\"image\":{\"@id\":\"https:\/\/nk7-testes.com.br\/agazeta\/adolescente-que-atropelou-dj-e-motorista-de-aplicativo-na-estrada-dias-martins-vai-ser-internada-preventivamente\/#primaryimage\"},\"thumbnailUrl\":\"https:\/\/nk7-testes.com.br\/agazeta\/wp-content\/uploads\/2023\/12\/WhatsApp-Image-2023-12-08-at-13.48.50-750x374-1.jpeg\",\"datePublished\":\"2023-12-18T14:11:42+00:00\",\"author\":{\"@id\":\"https:\/\/nk7-testes.com.br\/agazeta\/#\/schema\/person\/ff6b39d54d6973bfc57f4140f659b23f\"},\"breadcrumb\":{\"@id\":\"https:\/\/nk7-testes.com.br\/agazeta\/adolescente-que-atropelou-dj-e-motorista-de-aplicativo-na-estrada-dias-martins-vai-ser-internada-preventivamente\/#breadcrumb\"},\"inLanguage\":\"pt-BR\",\"potentialAction\":[{\"@type\":\"ReadAction\",\"target\":[\"https:\/\/nk7-testes.com.br\/agazeta\/adolescente-que-atropelou-dj-e-motorista-de-aplicativo-na-estrada-dias-martins-vai-ser-internada-preventivamente\/\"]}]},{\"@type\":\"ImageObject\",\"inLanguage\":\"pt-BR\",\"@id\":\"https:\/\/nk7-testes.com.br\/agazeta\/adolescente-que-atropelou-dj-e-motorista-de-aplicativo-na-estrada-dias-martins-vai-ser-internada-preventivamente\/#primaryimage\",\"url\":\"https:\/\/nk7-testes.com.br\/agazeta\/wp-content\/uploads\/2023\/12\/WhatsApp-Image-2023-12-08-at-13.48.50-750x374-1.jpeg\",\"contentUrl\":\"https:\/\/nk7-testes.com.br\/agazeta\/wp-content\/uploads\/2023\/12\/WhatsApp-Image-2023-12-08-at-13.48.50-750x374-1.jpeg\",\"width\":750,\"height\":374,\"caption\":\"Imagem: cedida\"},{\"@type\":\"BreadcrumbList\",\"@id\":\"https:\/\/nk7-testes.com.br\/agazeta\/adolescente-que-atropelou-dj-e-motorista-de-aplicativo-na-estrada-dias-martins-vai-ser-internada-preventivamente\/#breadcrumb\",\"itemListElement\":[{\"@type\":\"ListItem\",\"position\":1,\"name\":\"In\u00edcio\",\"item\":\"https:\/\/nk7-testes.com.br\/agazeta\/\"},{\"@type\":\"ListItem\",\"position\":2,\"name\":\"Adolescente que atropelou DJ e motorista de aplicativo na Estrada Dias Martins vai ser internada preventivamente\"}]},{\"@type\":\"WebSite\",\"@id\":\"https:\/\/nk7-testes.com.br\/agazeta\/#website\",\"url\":\"https:\/\/nk7-testes.com.br\/agazeta\/\",\"name\":\"Agazeta.net\",\"description\":\"Agazeta.net - Not\u00edcias de Rio Branco\/AC\",\"potentialAction\":[{\"@type\":\"SearchAction\",\"target\":{\"@type\":\"EntryPoint\",\"urlTemplate\":\"https:\/\/nk7-testes.com.br\/agazeta\/?s={search_term_string}\"},\"query-input\":{\"@type\":\"PropertyValueSpecification\",\"valueRequired\":true,\"valueName\":\"search_term_string\"}}],\"inLanguage\":\"pt-BR\"},{\"@type\":\"Person\",\"@id\":\"https:\/\/nk7-testes.com.br\/agazeta\/#\/schema\/person\/ff6b39d54d6973bfc57f4140f659b23f\",\"name\":\"Agazeta.Net\",\"url\":\"https:\/\/nk7-testes.com.br\/agazeta\/author\/agazeta\/\"}]}<\/script>\n<!-- \/ Yoast SEO plugin. -->","yoast_head_json":{"title":"Adolescente que atropelou DJ e motorista de aplicativo na Estrada Dias Martins vai ser internada preventivamente - Agazeta.net","robots":{"index":"index","follow":"follow","max-snippet":"max-snippet:-1","max-image-preview":"max-image-preview:large","max-video-preview":"max-video-preview:-1"},"canonical":"https:\/\/nk7-testes.com.br\/agazeta\/adolescente-que-atropelou-dj-e-motorista-de-aplicativo-na-estrada-dias-martins-vai-ser-internada-preventivamente\/","og_locale":"pt_BR","og_type":"article","og_title":"Adolescente que atropelou DJ e motorista de aplicativo na Estrada Dias Martins vai ser internada preventivamente","og_description":"Mat\u00e9ria escrita por Inayme Lobo para o agazeta.net","og_url":"https:\/\/nk7-testes.com.br\/agazeta\/adolescente-que-atropelou-dj-e-motorista-de-aplicativo-na-estrada-dias-martins-vai-ser-internada-preventivamente\/","og_site_name":"Agazeta.net","article_published_time":"2023-12-18T14:11:42+00:00","og_image":[{"width":750,"height":374,"url":"https:\/\/nk7-testes.com.br\/agazeta\/wp-content\/uploads\/2023\/12\/WhatsApp-Image-2023-12-08-at-13.48.50-750x374-1.jpeg","type":"image\/jpeg"}],"author":"Agazeta.Net","twitter_card":"summary_large_image","twitter_title":"Adolescente que atropelou DJ e motorista de aplicativo na Estrada Dias Martins vai ser internada preventivamente","twitter_image":"https:\/\/nk7-testes.com.br\/agazeta\/wp-content\/uploads\/2023\/12\/WhatsApp-Image-2023-12-08-at-13.48.50-750x374-1.jpeg","twitter_misc":{"Escrito por":"Agazeta.Net","Est. tempo de leitura":"2 minutos"},"schema":{"@context":"https:\/\/schema.org","@graph":[{"@type":"WebPage","@id":"https:\/\/nk7-testes.com.br\/agazeta\/adolescente-que-atropelou-dj-e-motorista-de-aplicativo-na-estrada-dias-martins-vai-ser-internada-preventivamente\/","url":"https:\/\/nk7-testes.com.br\/agazeta\/adolescente-que-atropelou-dj-e-motorista-de-aplicativo-na-estrada-dias-martins-vai-ser-internada-preventivamente\/","name":"Adolescente que atropelou DJ e motorista de aplicativo na Estrada Dias Martins vai ser internada preventivamente - Agazeta.net","isPartOf":{"@id":"https:\/\/nk7-testes.com.br\/agazeta\/#website"},"primaryImageOfPage":{"@id":"https:\/\/nk7-testes.com.br\/agazeta\/adolescente-que-atropelou-dj-e-motorista-de-aplicativo-na-estrada-dias-martins-vai-ser-internada-preventivamente\/#primaryimage"},"image":{"@id":"https:\/\/nk7-testes.com.br\/agazeta\/adolescente-que-atropelou-dj-e-motorista-de-aplicativo-na-estrada-dias-martins-vai-ser-internada-preventivamente\/#primaryimage"},"thumbnailUrl":"https:\/\/nk7-testes.com.br\/agazeta\/wp-content\/uploads\/2023\/12\/WhatsApp-Image-2023-12-08-at-13.48.50-750x374-1.jpeg","datePublished":"2023-12-18T14:11:42+00:00","author":{"@id":"https:\/\/nk7-testes.com.br\/agazeta\/#\/schema\/person\/ff6b39d54d6973bfc57f4140f659b23f"},"breadcrumb":{"@id":"https:\/\/nk7-testes.com.br\/agazeta\/adolescente-que-atropelou-dj-e-motorista-de-aplicativo-na-estrada-dias-martins-vai-ser-internada-preventivamente\/#breadcrumb"},"inLanguage":"pt-BR","potentialAction":[{"@type":"ReadAction","target":["https:\/\/nk7-testes.com.br\/agazeta\/adolescente-que-atropelou-dj-e-motorista-de-aplicativo-na-estrada-dias-martins-vai-ser-internada-preventivamente\/"]}]},{"@type":"ImageObject","inLanguage":"pt-BR","@id":"https:\/\/nk7-testes.com.br\/agazeta\/adolescente-que-atropelou-dj-e-motorista-de-aplicativo-na-estrada-dias-martins-vai-ser-internada-preventivamente\/#primaryimage","url":"https:\/\/nk7-testes.com.br\/agazeta\/wp-content\/uploads\/2023\/12\/WhatsApp-Image-2023-12-08-at-13.48.50-750x374-1.jpeg","contentUrl":"https:\/\/nk7-testes.com.br\/agazeta\/wp-content\/uploads\/2023\/12\/WhatsApp-Image-2023-12-08-at-13.48.50-750x374-1.jpeg","width":750,"height":374,"caption":"Imagem: cedida"},{"@type":"BreadcrumbList","@id":"https:\/\/nk7-testes.com.br\/agazeta\/adolescente-que-atropelou-dj-e-motorista-de-aplicativo-na-estrada-dias-martins-vai-ser-internada-preventivamente\/#breadcrumb","itemListElement":[{"@type":"ListItem","position":1,"name":"In\u00edcio","item":"https:\/\/nk7-testes.com.br\/agazeta\/"},{"@type":"ListItem","position":2,"name":"Adolescente que atropelou DJ e motorista de aplicativo na Estrada Dias Martins vai ser internada preventivamente"}]},{"@type":"WebSite","@id":"https:\/\/nk7-testes.com.br\/agazeta\/#website","url":"https:\/\/nk7-testes.com.br\/agazeta\/","name":"Agazeta.net","description":"Agazeta.net - Not\u00edcias de Rio Branco\/AC","potentialAction":[{"@type":"SearchAction","target":{"@type":"EntryPoint","urlTemplate":"https:\/\/nk7-testes.com.br\/agazeta\/?s={search_term_string}"},"query-input":{"@type":"PropertyValueSpecification","valueRequired":true,"valueName":"search_term_string"}}],"inLanguage":"pt-BR"},{"@type":"Person","@id":"https:\/\/nk7-testes.com.br\/agazeta\/#\/schema\/person\/ff6b39d54d6973bfc57f4140f659b23f","name":"Agazeta.Net","url":"https:\/\/nk7-testes.com.br\/agazeta\/author\/agazeta\/"}]}},"_links":{"self":[{"href":"https:\/\/nk7-testes.com.br\/agazeta\/wp-json\/wp\/v2\/posts\/123932","targetHints":{"allow":["GET"]}}],"collection":[{"href":"https:\/\/nk7-testes.com.br\/agazeta\/wp-json\/wp\/v2\/posts"}],"about":[{"href":"https:\/\/nk7-testes.com.br\/agazeta\/wp-json\/wp\/v2\/types\/post"}],"author":[{"embeddable":true,"href":"https:\/\/nk7-testes.com.br\/agazeta\/wp-json\/wp\/v2\/users\/4"}],"replies":[{"embeddable":true,"href":"https:\/\/nk7-testes.com.br\/agazeta\/wp-json\/wp\/v2\/comments?post=123932"}],"version-history":[{"count":0,"href":"https:\/\/nk7-testes.com.br\/agazeta\/wp-json\/wp\/v2\/posts\/123932\/revisions"}],"wp:featuredmedia":[{"embeddable":true,"href":"https:\/\/nk7-testes.com.br\/agazeta\/wp-json\/wp\/v2\/media\/123933"}],"wp:attachment":[{"href":"https:\/\/nk7-testes.com.br\/agazeta\/wp-json\/wp\/v2\/media?parent=123932"}],"wp:term":[{"taxonomy":"category","embeddable":true,"href":"https:\/\/nk7-testes.com.br\/agazeta\/wp-json\/wp\/v2\/categories?post=123932"},{"taxonomy":"post_tag","embeddable":true,"href":"https:\/\/nk7-testes.com.br\/agazeta\/wp-json\/wp\/v2\/tags?post=123932"}],"curies":[{"name":"wp","href":"https:\/\/api.w.org\/{rel}","templated":true}]}}