{"id":123873,"date":"2023-12-15T16:30:45","date_gmt":"2023-12-15T21:30:45","guid":{"rendered":"https:\/\/abarevegan.com.br\/?p=123873"},"modified":"2023-12-17T09:56:59","modified_gmt":"2023-12-17T14:56:59","slug":"artistas-de-rio-branco-realizam-ato-publico-para-cobrar-fgb-pagamento-da-lei-paulo-gustavo","status":"publish","type":"post","link":"https:\/\/nk7-testes.com.br\/agazeta\/artistas-de-rio-branco-realizam-ato-publico-para-cobrar-fgb-pagamento-da-lei-paulo-gustavo\/","title":{"rendered":"Artistas de Rio Branco realizam ato p\u00fablico para cobrar FGB pagamento da lei Paulo Gustavo"},"content":{"rendered":"<p style=\"text-align: justify;\">Artistas de Rio Branco se re\u00fanem em frente \u00e0 Prefeitura, na pr\u00f3xima segunda-feira (18), a partir das 8h, em um ato p\u00fablico para cobrar o pagamento emergencial da lei Paulo Gustavo. A mobiliza\u00e7\u00e3o tem apoio da Associa\u00e7\u00e3o de Docentes da Universidade Federal do Acre (Adufac).<\/p>\n<p style=\"text-align: justify;\">Segundo o que foi divulgado pela Funda\u00e7\u00e3o Garibaldi Brasil (FGB), 92 projetos foram aprovados para receber o aux\u00edlio do Governo Federal, em parceria com os munic\u00edpios. O problema \u00e9 que na \u00faltima quinta-feira (07), a FGB anunciou que vai pagar os recursos s\u00f3 na segunda quinzena de fevereiro de 2024.<\/p>\n<p style=\"text-align: justify;\">De acordo com o m\u00fasico Diogo Soares, a FGB e a Prefeitura de Rio Branco est\u00e3o negligenciando o car\u00e1ter emergencial da lei, por terem decidido n\u00e3o pagar o recurso este ano.<\/p>\n<p>&#8220;Tem 92 pessoas envolvidas diretamente, sem contar as fam\u00edlias. Est\u00e3o tendo da Funda\u00e7\u00e3o Garibaldi Brasil e da Prefeitura de Rio Branco uma postura de negligenciar completamente o car\u00e1ter emergencial dessa lei&#8221;, afirmou Sares, em v\u00eddeo publicado nas redes sociais.<\/p>\n<p style=\"text-align: justify;\">O ato vai ser realizado pelo Conselho Municipal de Pol\u00edticas Culturais de Rio Branco (CMPC), pelo Conselho Estadual de Cultura (Concultura), Comit\u00ea Paulo Gustavo Acre e Movimento Cultural.<\/p>\n<p>&nbsp;<\/p>\n","protected":false},"excerpt":{"rendered":"<p>Artistas de Rio Branco se re\u00fanem em frente \u00e0 Prefeitura, na pr\u00f3xima segunda-feira (18), a partir das 8h, em um ato p\u00fablico para cobrar o pagamento emergencial da lei Paulo Gustavo. A mobiliza\u00e7\u00e3o tem apoio da Associa\u00e7\u00e3o de Docentes da Universidade Federal do Acre (Adufac). Segundo o que foi divulgado pela Funda\u00e7\u00e3o Garibaldi Brasil (FGB), [&hellip;]<\/p>\n","protected":false},"author":4,"featured_media":123882,"comment_status":"open","ping_status":"open","sticky":false,"template":"","format":"standard","meta":{"jnews-multi-image_gallery":[],"jnews_single_post":{"source_name":"","source_url":"","via_name":"","via_url":"","override_template":"0","override":[{"template":"custom","single_blog_custom":"110746","parallax":"1","fullscreen":"1","layout":"right-sidebar","sidebar":"default-sidebar","second_sidebar":"default-sidebar","sticky_sidebar":"1","share_position":"top","share_float_style":"share-monocrhome","show_share_counter":"1","show_view_counter":"1","show_featured":"1","show_post_meta":"1","show_post_author":"1","show_post_author_image":"1","show_post_date":"1","post_date_format":"default","post_date_format_custom":"Y\/m\/d","show_post_category":"1","show_post_reading_time":"0","post_reading_time_wpm":"300","show_zoom_button":"0","zoom_button_out_step":"2","zoom_button_in_step":"3","show_post_tag":"1","show_prev_next_post":"1","show_popup_post":"1","number_popup_post":"1","show_author_box":"0","show_post_related":"1","show_inline_post_related":"0"}],"override_image_size":"0","image_override":[{"single_post_thumbnail_size":"crop-500","single_post_gallery_size":"crop-500"}],"trending_post":"0","trending_post_position":"meta","trending_post_label":"Trending","sponsored_post":"0","sponsored_post_label":"Sponsored by","sponsored_post_name":"","sponsored_post_url":"","sponsored_post_logo_enable":"0","sponsored_post_logo":"","sponsored_post_desc":"","disable_ad":"0"},"jnews_primary_category":{"id":"","hide":""},"jnews_social_meta":{"fb_title":"","fb_description":"","fb_image":"","twitter_title":"","twitter_description":"","twitter_image":""},"jnews_review":[],"enable_review":"0","type":"percentage","name":"","summary":"","brand":"","sku":"","good":[{"good_text":""}],"bad":[{"bad_text":""}],"score_override":"0","override_value":"","rating":[{"rating_text":"","rating_number":"10"}],"price":[{"shop":"","price":"","link":"","icon":""}],"footnotes":""},"categories":[54],"tags":[152],"class_list":["post-123873","post","type-post","status-publish","format-standard","has-post-thumbnail","hentry","category-cotidiano","tag-destaque"],"yoast_head":"<!-- This site is optimized with the Yoast SEO plugin v26.5 - https:\/\/yoast.com\/wordpress\/plugins\/seo\/ -->\n<title>Artistas de Rio Branco realizam ato p\u00fablico para cobrar FGB pagamento da lei Paulo Gustavo - Agazeta.net<\/title>\n<meta name=\"robots\" content=\"index, follow, max-snippet:-1, max-image-preview:large, max-video-preview:-1\" \/>\n<link rel=\"canonical\" href=\"https:\/\/nk7-testes.com.br\/agazeta\/artistas-de-rio-branco-realizam-ato-publico-para-cobrar-fgb-pagamento-da-lei-paulo-gustavo\/\" \/>\n<meta property=\"og:locale\" content=\"pt_BR\" \/>\n<meta property=\"og:type\" content=\"article\" \/>\n<meta property=\"og:title\" content=\"Artistas de Rio Branco realizam ato p\u00fablico para cobrar FGB pagamento da lei Paulo Gustavo\" \/>\n<meta property=\"og:description\" content=\"Na \u00faltima quinta-feira (07), a FGB anunciou que os pagamentos ser\u00e3o feitos apenas em fevereiro\" \/>\n<meta property=\"og:url\" content=\"https:\/\/nk7-testes.com.br\/agazeta\/artistas-de-rio-branco-realizam-ato-publico-para-cobrar-fgb-pagamento-da-lei-paulo-gustavo\/\" \/>\n<meta property=\"og:site_name\" content=\"Agazeta.net\" \/>\n<meta property=\"article:published_time\" content=\"2023-12-15T21:30:45+00:00\" \/>\n<meta property=\"article:modified_time\" content=\"2023-12-17T14:56:59+00:00\" \/>\n<meta property=\"og:image\" content=\"https:\/\/nk7-testes.com.br\/agazeta\/wp-content\/uploads\/2023\/12\/WhatsApp-Image-2023-12-15-at-16.26.04-1.jpeg\" \/>\n\t<meta property=\"og:image:width\" content=\"800\" \/>\n\t<meta property=\"og:image:height\" content=\"399\" \/>\n\t<meta property=\"og:image:type\" content=\"image\/jpeg\" \/>\n<meta name=\"author\" content=\"Agazeta.Net\" \/>\n<meta name=\"twitter:card\" content=\"summary_large_image\" \/>\n<meta name=\"twitter:label1\" content=\"Escrito por\" \/>\n\t<meta name=\"twitter:data1\" content=\"Agazeta.Net\" \/>\n\t<meta name=\"twitter:label2\" content=\"Est. tempo de leitura\" \/>\n\t<meta name=\"twitter:data2\" content=\"1 minuto\" \/>\n<script type=\"application\/ld+json\" class=\"yoast-schema-graph\">{\"@context\":\"https:\/\/schema.org\",\"@graph\":[{\"@type\":\"WebPage\",\"@id\":\"https:\/\/nk7-testes.com.br\/agazeta\/artistas-de-rio-branco-realizam-ato-publico-para-cobrar-fgb-pagamento-da-lei-paulo-gustavo\/\",\"url\":\"https:\/\/nk7-testes.com.br\/agazeta\/artistas-de-rio-branco-realizam-ato-publico-para-cobrar-fgb-pagamento-da-lei-paulo-gustavo\/\",\"name\":\"Artistas de Rio Branco realizam ato p\u00fablico para cobrar FGB pagamento da lei Paulo Gustavo - Agazeta.net\",\"isPartOf\":{\"@id\":\"https:\/\/nk7-testes.com.br\/agazeta\/#website\"},\"primaryImageOfPage\":{\"@id\":\"https:\/\/nk7-testes.com.br\/agazeta\/artistas-de-rio-branco-realizam-ato-publico-para-cobrar-fgb-pagamento-da-lei-paulo-gustavo\/#primaryimage\"},\"image\":{\"@id\":\"https:\/\/nk7-testes.com.br\/agazeta\/artistas-de-rio-branco-realizam-ato-publico-para-cobrar-fgb-pagamento-da-lei-paulo-gustavo\/#primaryimage\"},\"thumbnailUrl\":\"https:\/\/nk7-testes.com.br\/agazeta\/wp-content\/uploads\/2023\/12\/WhatsApp-Image-2023-12-15-at-16.26.04-1.jpeg\",\"datePublished\":\"2023-12-15T21:30:45+00:00\",\"dateModified\":\"2023-12-17T14:56:59+00:00\",\"author\":{\"@id\":\"https:\/\/nk7-testes.com.br\/agazeta\/#\/schema\/person\/ff6b39d54d6973bfc57f4140f659b23f\"},\"breadcrumb\":{\"@id\":\"https:\/\/nk7-testes.com.br\/agazeta\/artistas-de-rio-branco-realizam-ato-publico-para-cobrar-fgb-pagamento-da-lei-paulo-gustavo\/#breadcrumb\"},\"inLanguage\":\"pt-BR\",\"potentialAction\":[{\"@type\":\"ReadAction\",\"target\":[\"https:\/\/nk7-testes.com.br\/agazeta\/artistas-de-rio-branco-realizam-ato-publico-para-cobrar-fgb-pagamento-da-lei-paulo-gustavo\/\"]}]},{\"@type\":\"ImageObject\",\"inLanguage\":\"pt-BR\",\"@id\":\"https:\/\/nk7-testes.com.br\/agazeta\/artistas-de-rio-branco-realizam-ato-publico-para-cobrar-fgb-pagamento-da-lei-paulo-gustavo\/#primaryimage\",\"url\":\"https:\/\/nk7-testes.com.br\/agazeta\/wp-content\/uploads\/2023\/12\/WhatsApp-Image-2023-12-15-at-16.26.04-1.jpeg\",\"contentUrl\":\"https:\/\/nk7-testes.com.br\/agazeta\/wp-content\/uploads\/2023\/12\/WhatsApp-Image-2023-12-15-at-16.26.04-1.jpeg\",\"width\":800,\"height\":399},{\"@type\":\"BreadcrumbList\",\"@id\":\"https:\/\/nk7-testes.com.br\/agazeta\/artistas-de-rio-branco-realizam-ato-publico-para-cobrar-fgb-pagamento-da-lei-paulo-gustavo\/#breadcrumb\",\"itemListElement\":[{\"@type\":\"ListItem\",\"position\":1,\"name\":\"In\u00edcio\",\"item\":\"https:\/\/nk7-testes.com.br\/agazeta\/\"},{\"@type\":\"ListItem\",\"position\":2,\"name\":\"Artistas de Rio Branco realizam ato p\u00fablico para cobrar FGB pagamento da lei Paulo Gustavo\"}]},{\"@type\":\"WebSite\",\"@id\":\"https:\/\/nk7-testes.com.br\/agazeta\/#website\",\"url\":\"https:\/\/nk7-testes.com.br\/agazeta\/\",\"name\":\"Agazeta.net\",\"description\":\"Agazeta.net - Not\u00edcias de Rio Branco\/AC\",\"potentialAction\":[{\"@type\":\"SearchAction\",\"target\":{\"@type\":\"EntryPoint\",\"urlTemplate\":\"https:\/\/nk7-testes.com.br\/agazeta\/?s={search_term_string}\"},\"query-input\":{\"@type\":\"PropertyValueSpecification\",\"valueRequired\":true,\"valueName\":\"search_term_string\"}}],\"inLanguage\":\"pt-BR\"},{\"@type\":\"Person\",\"@id\":\"https:\/\/nk7-testes.com.br\/agazeta\/#\/schema\/person\/ff6b39d54d6973bfc57f4140f659b23f\",\"name\":\"Agazeta.Net\",\"url\":\"https:\/\/nk7-testes.com.br\/agazeta\/author\/agazeta\/\"}]}<\/script>\n<!-- \/ Yoast SEO plugin. -->","yoast_head_json":{"title":"Artistas de Rio Branco realizam ato p\u00fablico para cobrar FGB pagamento da lei Paulo Gustavo - Agazeta.net","robots":{"index":"index","follow":"follow","max-snippet":"max-snippet:-1","max-image-preview":"max-image-preview:large","max-video-preview":"max-video-preview:-1"},"canonical":"https:\/\/nk7-testes.com.br\/agazeta\/artistas-de-rio-branco-realizam-ato-publico-para-cobrar-fgb-pagamento-da-lei-paulo-gustavo\/","og_locale":"pt_BR","og_type":"article","og_title":"Artistas de Rio Branco realizam ato p\u00fablico para cobrar FGB pagamento da lei Paulo Gustavo","og_description":"Na \u00faltima quinta-feira (07), a FGB anunciou que os pagamentos ser\u00e3o feitos apenas em fevereiro","og_url":"https:\/\/nk7-testes.com.br\/agazeta\/artistas-de-rio-branco-realizam-ato-publico-para-cobrar-fgb-pagamento-da-lei-paulo-gustavo\/","og_site_name":"Agazeta.net","article_published_time":"2023-12-15T21:30:45+00:00","article_modified_time":"2023-12-17T14:56:59+00:00","og_image":[{"width":800,"height":399,"url":"https:\/\/nk7-testes.com.br\/agazeta\/wp-content\/uploads\/2023\/12\/WhatsApp-Image-2023-12-15-at-16.26.04-1.jpeg","type":"image\/jpeg"}],"author":"Agazeta.Net","twitter_card":"summary_large_image","twitter_misc":{"Escrito por":"Agazeta.Net","Est. tempo de leitura":"1 minuto"},"schema":{"@context":"https:\/\/schema.org","@graph":[{"@type":"WebPage","@id":"https:\/\/nk7-testes.com.br\/agazeta\/artistas-de-rio-branco-realizam-ato-publico-para-cobrar-fgb-pagamento-da-lei-paulo-gustavo\/","url":"https:\/\/nk7-testes.com.br\/agazeta\/artistas-de-rio-branco-realizam-ato-publico-para-cobrar-fgb-pagamento-da-lei-paulo-gustavo\/","name":"Artistas de Rio Branco realizam ato p\u00fablico para cobrar FGB pagamento da lei Paulo Gustavo - Agazeta.net","isPartOf":{"@id":"https:\/\/nk7-testes.com.br\/agazeta\/#website"},"primaryImageOfPage":{"@id":"https:\/\/nk7-testes.com.br\/agazeta\/artistas-de-rio-branco-realizam-ato-publico-para-cobrar-fgb-pagamento-da-lei-paulo-gustavo\/#primaryimage"},"image":{"@id":"https:\/\/nk7-testes.com.br\/agazeta\/artistas-de-rio-branco-realizam-ato-publico-para-cobrar-fgb-pagamento-da-lei-paulo-gustavo\/#primaryimage"},"thumbnailUrl":"https:\/\/nk7-testes.com.br\/agazeta\/wp-content\/uploads\/2023\/12\/WhatsApp-Image-2023-12-15-at-16.26.04-1.jpeg","datePublished":"2023-12-15T21:30:45+00:00","dateModified":"2023-12-17T14:56:59+00:00","author":{"@id":"https:\/\/nk7-testes.com.br\/agazeta\/#\/schema\/person\/ff6b39d54d6973bfc57f4140f659b23f"},"breadcrumb":{"@id":"https:\/\/nk7-testes.com.br\/agazeta\/artistas-de-rio-branco-realizam-ato-publico-para-cobrar-fgb-pagamento-da-lei-paulo-gustavo\/#breadcrumb"},"inLanguage":"pt-BR","potentialAction":[{"@type":"ReadAction","target":["https:\/\/nk7-testes.com.br\/agazeta\/artistas-de-rio-branco-realizam-ato-publico-para-cobrar-fgb-pagamento-da-lei-paulo-gustavo\/"]}]},{"@type":"ImageObject","inLanguage":"pt-BR","@id":"https:\/\/nk7-testes.com.br\/agazeta\/artistas-de-rio-branco-realizam-ato-publico-para-cobrar-fgb-pagamento-da-lei-paulo-gustavo\/#primaryimage","url":"https:\/\/nk7-testes.com.br\/agazeta\/wp-content\/uploads\/2023\/12\/WhatsApp-Image-2023-12-15-at-16.26.04-1.jpeg","contentUrl":"https:\/\/nk7-testes.com.br\/agazeta\/wp-content\/uploads\/2023\/12\/WhatsApp-Image-2023-12-15-at-16.26.04-1.jpeg","width":800,"height":399},{"@type":"BreadcrumbList","@id":"https:\/\/nk7-testes.com.br\/agazeta\/artistas-de-rio-branco-realizam-ato-publico-para-cobrar-fgb-pagamento-da-lei-paulo-gustavo\/#breadcrumb","itemListElement":[{"@type":"ListItem","position":1,"name":"In\u00edcio","item":"https:\/\/nk7-testes.com.br\/agazeta\/"},{"@type":"ListItem","position":2,"name":"Artistas de Rio Branco realizam ato p\u00fablico para cobrar FGB pagamento da lei Paulo Gustavo"}]},{"@type":"WebSite","@id":"https:\/\/nk7-testes.com.br\/agazeta\/#website","url":"https:\/\/nk7-testes.com.br\/agazeta\/","name":"Agazeta.net","description":"Agazeta.net - Not\u00edcias de Rio Branco\/AC","potentialAction":[{"@type":"SearchAction","target":{"@type":"EntryPoint","urlTemplate":"https:\/\/nk7-testes.com.br\/agazeta\/?s={search_term_string}"},"query-input":{"@type":"PropertyValueSpecification","valueRequired":true,"valueName":"search_term_string"}}],"inLanguage":"pt-BR"},{"@type":"Person","@id":"https:\/\/nk7-testes.com.br\/agazeta\/#\/schema\/person\/ff6b39d54d6973bfc57f4140f659b23f","name":"Agazeta.Net","url":"https:\/\/nk7-testes.com.br\/agazeta\/author\/agazeta\/"}]}},"_links":{"self":[{"href":"https:\/\/nk7-testes.com.br\/agazeta\/wp-json\/wp\/v2\/posts\/123873","targetHints":{"allow":["GET"]}}],"collection":[{"href":"https:\/\/nk7-testes.com.br\/agazeta\/wp-json\/wp\/v2\/posts"}],"about":[{"href":"https:\/\/nk7-testes.com.br\/agazeta\/wp-json\/wp\/v2\/types\/post"}],"author":[{"embeddable":true,"href":"https:\/\/nk7-testes.com.br\/agazeta\/wp-json\/wp\/v2\/users\/4"}],"replies":[{"embeddable":true,"href":"https:\/\/nk7-testes.com.br\/agazeta\/wp-json\/wp\/v2\/comments?post=123873"}],"version-history":[{"count":0,"href":"https:\/\/nk7-testes.com.br\/agazeta\/wp-json\/wp\/v2\/posts\/123873\/revisions"}],"wp:featuredmedia":[{"embeddable":true,"href":"https:\/\/nk7-testes.com.br\/agazeta\/wp-json\/wp\/v2\/media\/123882"}],"wp:attachment":[{"href":"https:\/\/nk7-testes.com.br\/agazeta\/wp-json\/wp\/v2\/media?parent=123873"}],"wp:term":[{"taxonomy":"category","embeddable":true,"href":"https:\/\/nk7-testes.com.br\/agazeta\/wp-json\/wp\/v2\/categories?post=123873"},{"taxonomy":"post_tag","embeddable":true,"href":"https:\/\/nk7-testes.com.br\/agazeta\/wp-json\/wp\/v2\/tags?post=123873"}],"curies":[{"name":"wp","href":"https:\/\/api.w.org\/{rel}","templated":true}]}}