{"id":123585,"date":"2023-12-12T09:00:24","date_gmt":"2023-12-12T14:00:24","guid":{"rendered":"https:\/\/abarevegan.com.br\/?p=123585"},"modified":"2023-12-12T09:05:18","modified_gmt":"2023-12-12T14:05:18","slug":"filho-de-5-anos-da-secretaria-de-meio-ambiente-do-acre-morre-vitima-de-leucemia","status":"publish","type":"post","link":"https:\/\/nk7-testes.com.br\/agazeta\/filho-de-5-anos-da-secretaria-de-meio-ambiente-do-acre-morre-vitima-de-leucemia\/","title":{"rendered":"Filho de 5 anos da secret\u00e1ria de Meio Ambiente do Acre morre v\u00edtima de leucemia"},"content":{"rendered":"<p>Mat\u00e9ria escrita por<strong> Inayme Lobo<\/strong> para o <strong>Agazeta.net<\/strong><\/p>\n<p><!--more--><\/p>\n<p style=\"text-align: justify;\"><span style=\"font-weight: 400;\">Bento Messias, filho de Julie Messias, secret\u00e1ria de Meio Ambiente do Acre, faleceu nesta segunda-feira (12) ap\u00f3s uma batalha contra a leucemia. A crian\u00e7a de cinco anos estava internada na Unidade de terapia Intensiva (UTI) do Hospital da Crian\u00e7a. O governador Gladson Cameli utilizou as redes sociais para prestar as condol\u00eancias.<\/span><\/p>\n<p style=\"text-align: justify;\"><span style=\"font-weight: 400;\">Em uma nota, Cameli expressou seus sentimentos e desejou for\u00e7a para Julie Messias e seu esposo Anderson Liguth.<\/span><\/p>\n<p style=\"text-align: justify;\"><span style=\"font-weight: 400;\">&#8220;N\u00e3o h\u00e1 palavras para dizer a um pai e uma m\u00e3e que perdem um filho. N\u00e3o \u00e9 a ordem natural das coisas. Mas Deus tem seus des\u00edgnios e, nesse momento, tudo que eu pe\u00e7o a ele \u00e9 que possa fortalecer o cora\u00e7\u00e3o da nossa querida amiga e secret\u00e1ria de Meio Ambiente Julie Messias e seu esposo Anderson Liguth. Conte comigo, com minhas ora\u00e7\u00f5es e minha solidariedade, Julie. Por agora, choro contigo pelo Bento&#8221;, declarou o governador.<\/span><\/p>\n<p style=\"text-align: justify;\"><span style=\"font-weight: 400;\">A vice-governadora Mailza Assis, o secret\u00e1rio de Estado da Agricultura Jos\u00e9 Luis Tch\u00ea e o deputado estadual Fagner Caleg\u00e1rio tamb\u00e9m prestaram condol\u00eancias por meio de notas de pesar nas redes sociais.<\/span><\/p>\n<p style=\"text-align: justify;\"><span style=\"font-weight: 400;\">&#8220;N\u00e3o h\u00e1 palavras que possam consolar voc\u00eas, Julie e Anderson, neste momento de dor imensur\u00e1vel. Perder um filho n\u00e3o \u00e9 a ordem natural das coisas. Meu cora\u00e7\u00e3o est\u00e1 dilacerado, e me uno a voc\u00eas em ora\u00e7\u00e3o para que o Senhor os sustente e lhes d\u00ea o consolo e a for\u00e7a de que tanto precisam agora. S\u00f3 Ele pode cuidar dessa dor e os consolar. Bento agora descansa nos bra\u00e7os do Pai&#8221;, expressou Mailza Assis.<\/span><\/p>\n<p style=\"text-align: justify;\"><span style=\"font-weight: 400;\">Jos\u00e9 Luis Tch\u00ea lamentou a triste not\u00edcia em\u00a0 nota.<\/span><\/p>\n<p style=\"text-align: justify;\"><span style=\"font-weight: 400;\">&#8220;Chegou o momento em que as palavras se tornam insuficientes&#8230; Recebi com muita dor no cora\u00e7\u00e3o a triste not\u00edcia do falecimento do pequeno Bento, filho da minha amiga Julie Messias e de seu marido, Anderson Liguth. Tamb\u00e9m deixo meus sentimentos \u00e0 tia de Bento, Camila Messias. Rezo para que Bento encontre paz e que amigos e familiares tenham for\u00e7a neste momento de profunda dor&#8221;, declarou Jos\u00e9 Luis Tch\u00ea.<\/span><\/p>\n<p style=\"text-align: justify;\"><span style=\"font-weight: 400;\">O deputado estadual Manoel Moraes tamb\u00e9m expressou tristeza pela perda.<\/span><\/p>\n<p style=\"text-align: justify;\"><span style=\"font-weight: 400;\">&#8220;Com imensa tristeza, lamentamos a perda de Bento Messias, filho da Secret\u00e1ria de Estado de Meio Ambiente, Julie Messias. Diante dessa perda irrepar\u00e1vel, nos solidarizamos com nossa amiga Julie e seu esposo Anderson. Que Deus, em sua infinita bondade, possa consolar o cora\u00e7\u00e3o de toda a fam\u00edlia nesse momento t\u00e3o doloroso&#8221;, afirmou o deputado.<\/span><\/p>\n<p style=\"text-align: justify;\"><span style=\"font-weight: 400;\">A perda de Bento Messias \u00e9 uma trag\u00e9dia que comoveu n\u00e3o apenas a fam\u00edlia, mas tamb\u00e9m amigos, colegas de trabalho e autoridades do estado. A luta contra a leucemia \u00e9 uma batalha dif\u00edcil, e a sociedade se une em solidariedade \u00e0 fam\u00edlia nesse momento de profunda dor.<\/span><\/p>\n<p><em>Estagi\u00e1ria supervisionada por Gisele Almeida<\/em><\/p>\n","protected":false},"excerpt":{"rendered":"<p>Mat\u00e9ria escrita por Inayme Lobo para o Agazeta.net<\/p>\n","protected":false},"author":4,"featured_media":123586,"comment_status":"open","ping_status":"open","sticky":false,"template":"","format":"standard","meta":{"jnews-multi-image_gallery":[],"jnews_single_post":{"source_name":"","source_url":"","via_name":"","via_url":"","override_template":"0","override":[{"template":"custom","single_blog_custom":"110746","parallax":"1","fullscreen":"1","layout":"right-sidebar","sidebar":"default-sidebar","second_sidebar":"default-sidebar","sticky_sidebar":"1","share_position":"top","share_float_style":"share-monocrhome","show_share_counter":"1","show_view_counter":"1","show_featured":"1","show_post_meta":"1","show_post_author":"1","show_post_author_image":"1","show_post_date":"1","post_date_format":"default","post_date_format_custom":"Y\/m\/d","show_post_category":"1","show_post_reading_time":"0","post_reading_time_wpm":"300","show_zoom_button":"0","zoom_button_out_step":"2","zoom_button_in_step":"3","show_post_tag":"1","show_prev_next_post":"1","show_popup_post":"1","number_popup_post":"1","show_author_box":"0","show_post_related":"1","show_inline_post_related":"0"}],"override_image_size":"0","image_override":[{"single_post_thumbnail_size":"crop-500","single_post_gallery_size":"crop-500"}],"trending_post":"0","trending_post_position":"meta","trending_post_label":"Trending","sponsored_post":"0","sponsored_post_label":"Sponsored by","sponsored_post_name":"","sponsored_post_url":"","sponsored_post_logo_enable":"0","sponsored_post_logo":"","sponsored_post_desc":"","disable_ad":"0"},"jnews_primary_category":{"id":"","hide":""},"jnews_social_meta":{"fb_title":"","fb_description":"","fb_image":"","twitter_title":"","twitter_description":"","twitter_image":""},"jnews_review":[],"enable_review":"0","type":"percentage","name":"","summary":"","brand":"","sku":"","good":[{"good_text":""}],"bad":[{"bad_text":""}],"score_override":"0","override_value":"","rating":[{"rating_text":"","rating_number":"10"}],"price":[{"shop":"","price":"","link":"","icon":""}],"footnotes":""},"categories":[54],"tags":[152],"class_list":["post-123585","post","type-post","status-publish","format-standard","has-post-thumbnail","hentry","category-cotidiano","tag-destaque"],"yoast_head":"<!-- This site is optimized with the Yoast SEO plugin v26.5 - https:\/\/yoast.com\/wordpress\/plugins\/seo\/ -->\n<title>Filho de 5 anos da secret\u00e1ria de Meio Ambiente do Acre morre v\u00edtima de leucemia - Agazeta.net<\/title>\n<meta name=\"robots\" content=\"index, follow, max-snippet:-1, max-image-preview:large, max-video-preview:-1\" \/>\n<link rel=\"canonical\" href=\"https:\/\/nk7-testes.com.br\/agazeta\/filho-de-5-anos-da-secretaria-de-meio-ambiente-do-acre-morre-vitima-de-leucemia\/\" \/>\n<meta property=\"og:locale\" content=\"pt_BR\" \/>\n<meta property=\"og:type\" content=\"article\" \/>\n<meta property=\"og:title\" content=\"Filho de 5 anos da secret\u00e1ria de Meio Ambiente do Acre morre v\u00edtima de leucemia\" \/>\n<meta property=\"og:description\" content=\"Mat\u00e9ria escrita por Inayme Lobo para o Agazeta.net\" \/>\n<meta property=\"og:url\" content=\"https:\/\/nk7-testes.com.br\/agazeta\/filho-de-5-anos-da-secretaria-de-meio-ambiente-do-acre-morre-vitima-de-leucemia\/\" \/>\n<meta property=\"og:site_name\" content=\"Agazeta.net\" \/>\n<meta property=\"article:published_time\" content=\"2023-12-12T14:00:24+00:00\" \/>\n<meta property=\"article:modified_time\" content=\"2023-12-12T14:05:18+00:00\" \/>\n<meta property=\"og:image\" content=\"https:\/\/nk7-testes.com.br\/agazeta\/wp-content\/uploads\/2023\/12\/WhatsApp-Image-2023-12-12-at-08.58.17.jpeg\" \/>\n\t<meta property=\"og:image:width\" content=\"676\" \/>\n\t<meta property=\"og:image:height\" content=\"380\" \/>\n\t<meta property=\"og:image:type\" content=\"image\/jpeg\" \/>\n<meta name=\"author\" content=\"Agazeta.Net\" \/>\n<meta name=\"twitter:card\" content=\"summary_large_image\" \/>\n<meta name=\"twitter:title\" content=\"Filho de 5 anos da secret\u00e1ria de Meio Ambiente do Acre morre v\u00edtima de leucemia\" \/>\n<meta name=\"twitter:image\" content=\"https:\/\/nk7-testes.com.br\/agazeta\/wp-content\/uploads\/2023\/12\/WhatsApp-Image-2023-12-12-at-08.58.17.jpeg\" \/>\n<meta name=\"twitter:label1\" content=\"Escrito por\" \/>\n\t<meta name=\"twitter:data1\" content=\"Agazeta.Net\" \/>\n\t<meta name=\"twitter:label2\" content=\"Est. tempo de leitura\" \/>\n\t<meta name=\"twitter:data2\" content=\"2 minutos\" \/>\n<script type=\"application\/ld+json\" class=\"yoast-schema-graph\">{\"@context\":\"https:\/\/schema.org\",\"@graph\":[{\"@type\":\"WebPage\",\"@id\":\"https:\/\/nk7-testes.com.br\/agazeta\/filho-de-5-anos-da-secretaria-de-meio-ambiente-do-acre-morre-vitima-de-leucemia\/\",\"url\":\"https:\/\/nk7-testes.com.br\/agazeta\/filho-de-5-anos-da-secretaria-de-meio-ambiente-do-acre-morre-vitima-de-leucemia\/\",\"name\":\"Filho de 5 anos da secret\u00e1ria de Meio Ambiente do Acre morre v\u00edtima de leucemia - Agazeta.net\",\"isPartOf\":{\"@id\":\"https:\/\/nk7-testes.com.br\/agazeta\/#website\"},\"primaryImageOfPage\":{\"@id\":\"https:\/\/nk7-testes.com.br\/agazeta\/filho-de-5-anos-da-secretaria-de-meio-ambiente-do-acre-morre-vitima-de-leucemia\/#primaryimage\"},\"image\":{\"@id\":\"https:\/\/nk7-testes.com.br\/agazeta\/filho-de-5-anos-da-secretaria-de-meio-ambiente-do-acre-morre-vitima-de-leucemia\/#primaryimage\"},\"thumbnailUrl\":\"https:\/\/nk7-testes.com.br\/agazeta\/wp-content\/uploads\/2023\/12\/WhatsApp-Image-2023-12-12-at-08.58.17.jpeg\",\"datePublished\":\"2023-12-12T14:00:24+00:00\",\"dateModified\":\"2023-12-12T14:05:18+00:00\",\"author\":{\"@id\":\"https:\/\/nk7-testes.com.br\/agazeta\/#\/schema\/person\/ff6b39d54d6973bfc57f4140f659b23f\"},\"breadcrumb\":{\"@id\":\"https:\/\/nk7-testes.com.br\/agazeta\/filho-de-5-anos-da-secretaria-de-meio-ambiente-do-acre-morre-vitima-de-leucemia\/#breadcrumb\"},\"inLanguage\":\"pt-BR\",\"potentialAction\":[{\"@type\":\"ReadAction\",\"target\":[\"https:\/\/nk7-testes.com.br\/agazeta\/filho-de-5-anos-da-secretaria-de-meio-ambiente-do-acre-morre-vitima-de-leucemia\/\"]}]},{\"@type\":\"ImageObject\",\"inLanguage\":\"pt-BR\",\"@id\":\"https:\/\/nk7-testes.com.br\/agazeta\/filho-de-5-anos-da-secretaria-de-meio-ambiente-do-acre-morre-vitima-de-leucemia\/#primaryimage\",\"url\":\"https:\/\/nk7-testes.com.br\/agazeta\/wp-content\/uploads\/2023\/12\/WhatsApp-Image-2023-12-12-at-08.58.17.jpeg\",\"contentUrl\":\"https:\/\/nk7-testes.com.br\/agazeta\/wp-content\/uploads\/2023\/12\/WhatsApp-Image-2023-12-12-at-08.58.17.jpeg\",\"width\":676,\"height\":380,\"caption\":\"Gladson Cameli e Bento Messias em postagem - Imagem: Arquivo pessoal\"},{\"@type\":\"BreadcrumbList\",\"@id\":\"https:\/\/nk7-testes.com.br\/agazeta\/filho-de-5-anos-da-secretaria-de-meio-ambiente-do-acre-morre-vitima-de-leucemia\/#breadcrumb\",\"itemListElement\":[{\"@type\":\"ListItem\",\"position\":1,\"name\":\"In\u00edcio\",\"item\":\"https:\/\/nk7-testes.com.br\/agazeta\/\"},{\"@type\":\"ListItem\",\"position\":2,\"name\":\"Filho de 5 anos da secret\u00e1ria de Meio Ambiente do Acre morre v\u00edtima de leucemia\"}]},{\"@type\":\"WebSite\",\"@id\":\"https:\/\/nk7-testes.com.br\/agazeta\/#website\",\"url\":\"https:\/\/nk7-testes.com.br\/agazeta\/\",\"name\":\"Agazeta.net\",\"description\":\"Agazeta.net - Not\u00edcias de Rio Branco\/AC\",\"potentialAction\":[{\"@type\":\"SearchAction\",\"target\":{\"@type\":\"EntryPoint\",\"urlTemplate\":\"https:\/\/nk7-testes.com.br\/agazeta\/?s={search_term_string}\"},\"query-input\":{\"@type\":\"PropertyValueSpecification\",\"valueRequired\":true,\"valueName\":\"search_term_string\"}}],\"inLanguage\":\"pt-BR\"},{\"@type\":\"Person\",\"@id\":\"https:\/\/nk7-testes.com.br\/agazeta\/#\/schema\/person\/ff6b39d54d6973bfc57f4140f659b23f\",\"name\":\"Agazeta.Net\",\"url\":\"https:\/\/nk7-testes.com.br\/agazeta\/author\/agazeta\/\"}]}<\/script>\n<!-- \/ Yoast SEO plugin. -->","yoast_head_json":{"title":"Filho de 5 anos da secret\u00e1ria de Meio Ambiente do Acre morre v\u00edtima de leucemia - Agazeta.net","robots":{"index":"index","follow":"follow","max-snippet":"max-snippet:-1","max-image-preview":"max-image-preview:large","max-video-preview":"max-video-preview:-1"},"canonical":"https:\/\/nk7-testes.com.br\/agazeta\/filho-de-5-anos-da-secretaria-de-meio-ambiente-do-acre-morre-vitima-de-leucemia\/","og_locale":"pt_BR","og_type":"article","og_title":"Filho de 5 anos da secret\u00e1ria de Meio Ambiente do Acre morre v\u00edtima de leucemia","og_description":"Mat\u00e9ria escrita por Inayme Lobo para o Agazeta.net","og_url":"https:\/\/nk7-testes.com.br\/agazeta\/filho-de-5-anos-da-secretaria-de-meio-ambiente-do-acre-morre-vitima-de-leucemia\/","og_site_name":"Agazeta.net","article_published_time":"2023-12-12T14:00:24+00:00","article_modified_time":"2023-12-12T14:05:18+00:00","og_image":[{"width":676,"height":380,"url":"https:\/\/nk7-testes.com.br\/agazeta\/wp-content\/uploads\/2023\/12\/WhatsApp-Image-2023-12-12-at-08.58.17.jpeg","type":"image\/jpeg"}],"author":"Agazeta.Net","twitter_card":"summary_large_image","twitter_title":"Filho de 5 anos da secret\u00e1ria de Meio Ambiente do Acre morre v\u00edtima de leucemia","twitter_image":"https:\/\/nk7-testes.com.br\/agazeta\/wp-content\/uploads\/2023\/12\/WhatsApp-Image-2023-12-12-at-08.58.17.jpeg","twitter_misc":{"Escrito por":"Agazeta.Net","Est. tempo de leitura":"2 minutos"},"schema":{"@context":"https:\/\/schema.org","@graph":[{"@type":"WebPage","@id":"https:\/\/nk7-testes.com.br\/agazeta\/filho-de-5-anos-da-secretaria-de-meio-ambiente-do-acre-morre-vitima-de-leucemia\/","url":"https:\/\/nk7-testes.com.br\/agazeta\/filho-de-5-anos-da-secretaria-de-meio-ambiente-do-acre-morre-vitima-de-leucemia\/","name":"Filho de 5 anos da secret\u00e1ria de Meio Ambiente do Acre morre v\u00edtima de leucemia - Agazeta.net","isPartOf":{"@id":"https:\/\/nk7-testes.com.br\/agazeta\/#website"},"primaryImageOfPage":{"@id":"https:\/\/nk7-testes.com.br\/agazeta\/filho-de-5-anos-da-secretaria-de-meio-ambiente-do-acre-morre-vitima-de-leucemia\/#primaryimage"},"image":{"@id":"https:\/\/nk7-testes.com.br\/agazeta\/filho-de-5-anos-da-secretaria-de-meio-ambiente-do-acre-morre-vitima-de-leucemia\/#primaryimage"},"thumbnailUrl":"https:\/\/nk7-testes.com.br\/agazeta\/wp-content\/uploads\/2023\/12\/WhatsApp-Image-2023-12-12-at-08.58.17.jpeg","datePublished":"2023-12-12T14:00:24+00:00","dateModified":"2023-12-12T14:05:18+00:00","author":{"@id":"https:\/\/nk7-testes.com.br\/agazeta\/#\/schema\/person\/ff6b39d54d6973bfc57f4140f659b23f"},"breadcrumb":{"@id":"https:\/\/nk7-testes.com.br\/agazeta\/filho-de-5-anos-da-secretaria-de-meio-ambiente-do-acre-morre-vitima-de-leucemia\/#breadcrumb"},"inLanguage":"pt-BR","potentialAction":[{"@type":"ReadAction","target":["https:\/\/nk7-testes.com.br\/agazeta\/filho-de-5-anos-da-secretaria-de-meio-ambiente-do-acre-morre-vitima-de-leucemia\/"]}]},{"@type":"ImageObject","inLanguage":"pt-BR","@id":"https:\/\/nk7-testes.com.br\/agazeta\/filho-de-5-anos-da-secretaria-de-meio-ambiente-do-acre-morre-vitima-de-leucemia\/#primaryimage","url":"https:\/\/nk7-testes.com.br\/agazeta\/wp-content\/uploads\/2023\/12\/WhatsApp-Image-2023-12-12-at-08.58.17.jpeg","contentUrl":"https:\/\/nk7-testes.com.br\/agazeta\/wp-content\/uploads\/2023\/12\/WhatsApp-Image-2023-12-12-at-08.58.17.jpeg","width":676,"height":380,"caption":"Gladson Cameli e Bento Messias em postagem - Imagem: Arquivo pessoal"},{"@type":"BreadcrumbList","@id":"https:\/\/nk7-testes.com.br\/agazeta\/filho-de-5-anos-da-secretaria-de-meio-ambiente-do-acre-morre-vitima-de-leucemia\/#breadcrumb","itemListElement":[{"@type":"ListItem","position":1,"name":"In\u00edcio","item":"https:\/\/nk7-testes.com.br\/agazeta\/"},{"@type":"ListItem","position":2,"name":"Filho de 5 anos da secret\u00e1ria de Meio Ambiente do Acre morre v\u00edtima de leucemia"}]},{"@type":"WebSite","@id":"https:\/\/nk7-testes.com.br\/agazeta\/#website","url":"https:\/\/nk7-testes.com.br\/agazeta\/","name":"Agazeta.net","description":"Agazeta.net - Not\u00edcias de Rio Branco\/AC","potentialAction":[{"@type":"SearchAction","target":{"@type":"EntryPoint","urlTemplate":"https:\/\/nk7-testes.com.br\/agazeta\/?s={search_term_string}"},"query-input":{"@type":"PropertyValueSpecification","valueRequired":true,"valueName":"search_term_string"}}],"inLanguage":"pt-BR"},{"@type":"Person","@id":"https:\/\/nk7-testes.com.br\/agazeta\/#\/schema\/person\/ff6b39d54d6973bfc57f4140f659b23f","name":"Agazeta.Net","url":"https:\/\/nk7-testes.com.br\/agazeta\/author\/agazeta\/"}]}},"_links":{"self":[{"href":"https:\/\/nk7-testes.com.br\/agazeta\/wp-json\/wp\/v2\/posts\/123585","targetHints":{"allow":["GET"]}}],"collection":[{"href":"https:\/\/nk7-testes.com.br\/agazeta\/wp-json\/wp\/v2\/posts"}],"about":[{"href":"https:\/\/nk7-testes.com.br\/agazeta\/wp-json\/wp\/v2\/types\/post"}],"author":[{"embeddable":true,"href":"https:\/\/nk7-testes.com.br\/agazeta\/wp-json\/wp\/v2\/users\/4"}],"replies":[{"embeddable":true,"href":"https:\/\/nk7-testes.com.br\/agazeta\/wp-json\/wp\/v2\/comments?post=123585"}],"version-history":[{"count":0,"href":"https:\/\/nk7-testes.com.br\/agazeta\/wp-json\/wp\/v2\/posts\/123585\/revisions"}],"wp:featuredmedia":[{"embeddable":true,"href":"https:\/\/nk7-testes.com.br\/agazeta\/wp-json\/wp\/v2\/media\/123586"}],"wp:attachment":[{"href":"https:\/\/nk7-testes.com.br\/agazeta\/wp-json\/wp\/v2\/media?parent=123585"}],"wp:term":[{"taxonomy":"category","embeddable":true,"href":"https:\/\/nk7-testes.com.br\/agazeta\/wp-json\/wp\/v2\/categories?post=123585"},{"taxonomy":"post_tag","embeddable":true,"href":"https:\/\/nk7-testes.com.br\/agazeta\/wp-json\/wp\/v2\/tags?post=123585"}],"curies":[{"name":"wp","href":"https:\/\/api.w.org\/{rel}","templated":true}]}}