{"id":123407,"date":"2023-12-08T15:49:37","date_gmt":"2023-12-08T20:49:37","guid":{"rendered":"https:\/\/abarevegan.com.br\/?p=123407"},"modified":"2023-12-08T15:52:58","modified_gmt":"2023-12-08T20:52:58","slug":"menos-de-dois-meses-apos-entregas-moveis-do-programa-recomeco-sao-colocados-a-venda-em-rio-branco","status":"publish","type":"post","link":"https:\/\/nk7-testes.com.br\/agazeta\/menos-de-dois-meses-apos-entregas-moveis-do-programa-recomeco-sao-colocados-a-venda-em-rio-branco\/","title":{"rendered":"Menos de dois meses ap\u00f3s entregas, m\u00f3veis do Programa Recome\u00e7o s\u00e3o colocados \u00e0 venda em Rio Branco"},"content":{"rendered":"<p style=\"text-align: justify;\">Pouco mais de um m\u00eas depois que a Prefeitura de Rio Branco realizou o in\u00edcio das entregas dos m\u00f3veis \u00e0s fam\u00edlias atingidas pelas enchentes, objetos come\u00e7aram a ser colocados \u00e0 venda. Em uma captura de tela enviada \u00e0 TV Gazeta, \u00e9 poss\u00edvel ver uma geladeira ser oferecida por R$ 1.900: &#8220;T\u00e1 novinha&#8221;.<\/p>\n<figure id=\"attachment_123410\" aria-describedby=\"caption-attachment-123410\" style=\"width: 423px\" class=\"wp-caption aligncenter\"><img decoding=\"async\" class=\"wp-image-123410 \" src=\"https:\/\/nk7-testes.com.br\/wp-content\/uploads\/2023\/12\/WhatsApp-Image-2023-12-08-at-15.35.18.jpeg\" alt=\"\" width=\"423\" height=\"784\" srcset=\"https:\/\/nk7-testes.com.br\/agazeta\/wp-content\/uploads\/2023\/12\/WhatsApp-Image-2023-12-08-at-15.35.18.jpeg 720w, https:\/\/nk7-testes.com.br\/agazeta\/wp-content\/uploads\/2023\/12\/WhatsApp-Image-2023-12-08-at-15.35.18-162x300.jpeg 162w, https:\/\/nk7-testes.com.br\/agazeta\/wp-content\/uploads\/2023\/12\/WhatsApp-Image-2023-12-08-at-15.35.18-552x1024.jpeg 552w\" sizes=\"(max-width: 423px) 100vw, 423px\" \/><figcaption id=\"caption-attachment-123410\" class=\"wp-caption-text\">Imagem: Cedida<\/figcaption><\/figure>\n<p style=\"text-align: justify;\">Quando o programa &#8216;Recome\u00e7o para as Fam\u00edlias&#8217; surgiu, foi com intuito de ajudar as pessoas atingidas pela alaga\u00e7\u00e3o que assolou a capital em mar\u00e7o deste ano. No dia 23 de outubro, as primeiras entregas foram feitas. Agora, menos de dois meses depois, \u00e9 poss\u00edvel ver pessoas vendendo os eletrodom\u00e9sticos.<\/p>\n<p style=\"text-align: justify;\">A Secretaria Municipal de Assist\u00eancia Social e Direitos Humanos (SASDH), em pessoa da secret\u00e1ria Suellen Ara\u00fajo, afirma que os beneficiados pelo projeto receberam um termo, que foi assinado por cada um, dizendo que os bens n\u00e3o podem ser vendidos.<\/p>\n<p style=\"text-align: justify;\">&#8220;Recebem um termo, a qual eles assinam, dizendo que n\u00e3o podem se desfazer do bem. Uma vez que eles receberam, foi porque se encontram em situa\u00e7\u00e3o de vulnerabilidade social&#8221;, destaca a secret\u00e1ria.<\/p>\n<p style=\"text-align: justify;\">Apesar de situa\u00e7\u00f5es como essas, Ara\u00fajo salienta que \u00e9 gratificante que a maioria das pessoas est\u00e1 grata com o que receberam. &#8220;Pessoas que n\u00e3o tinham onde dormir, que n\u00e3o tinha recuperado a geladeira, o fog\u00e3o. Desfazer o projeto todinho \u00e9 injusto por isso&#8221;.<\/p>\n<p style=\"text-align: justify;\">Um relat\u00f3rio vai ser feito para cada um que recebeu os produtos da Prefeitura e que colocou \u00e0 venda. De acordo com Suellen Ara\u00fajo, uma equipe do Centro de Refer\u00eancia de Assist\u00eancia Social (Cras) vai realizar visitas e, ent\u00e3o, fazer relat\u00f3rios, para poder enviar aos \u00f3rg\u00e3os respons\u00e1veis.<\/p>\n<p><em><strong>Com informa\u00e7\u00f5es adicionais do rep\u00f3rter Adailson Oliveira para a TV Gazeta<\/strong><\/em><\/p>\n","protected":false},"excerpt":{"rendered":"<p>Pouco mais de um m\u00eas depois que a Prefeitura de Rio Branco realizou o in\u00edcio das entregas dos m\u00f3veis \u00e0s fam\u00edlias atingidas pelas enchentes, objetos come\u00e7aram a ser colocados \u00e0 venda. Em uma captura de tela enviada \u00e0 TV Gazeta, \u00e9 poss\u00edvel ver uma geladeira ser oferecida por R$ 1.900: &#8220;T\u00e1 novinha&#8221;. Quando o programa [&hellip;]<\/p>\n","protected":false},"author":4,"featured_media":123412,"comment_status":"open","ping_status":"open","sticky":false,"template":"","format":"standard","meta":{"jnews-multi-image_gallery":[],"jnews_single_post":{"source_name":"","source_url":"","via_name":"","via_url":"","override_template":"0","override":[{"template":"custom","single_blog_custom":"110746","parallax":"1","fullscreen":"1","layout":"right-sidebar","sidebar":"default-sidebar","second_sidebar":"default-sidebar","sticky_sidebar":"1","share_position":"top","share_float_style":"share-monocrhome","show_share_counter":"1","show_view_counter":"1","show_featured":"1","show_post_meta":"1","show_post_author":"1","show_post_author_image":"1","show_post_date":"1","post_date_format":"default","post_date_format_custom":"Y\/m\/d","show_post_category":"1","show_post_reading_time":"0","post_reading_time_wpm":"300","show_zoom_button":"0","zoom_button_out_step":"2","zoom_button_in_step":"3","show_post_tag":"1","show_prev_next_post":"1","show_popup_post":"1","number_popup_post":"1","show_author_box":"0","show_post_related":"1","show_inline_post_related":"0"}],"override_image_size":"0","image_override":[{"single_post_thumbnail_size":"crop-500","single_post_gallery_size":"crop-500"}],"trending_post":"0","trending_post_position":"meta","trending_post_label":"Trending","sponsored_post":"0","sponsored_post_label":"Sponsored by","sponsored_post_name":"","sponsored_post_url":"","sponsored_post_logo_enable":"0","sponsored_post_logo":"","sponsored_post_desc":"","disable_ad":"0"},"jnews_primary_category":{"id":"","hide":""},"jnews_social_meta":{"fb_title":"","fb_description":"","fb_image":"","twitter_title":"","twitter_description":"","twitter_image":""},"jnews_review":[],"enable_review":"0","type":"percentage","name":"","summary":"","brand":"","sku":"","good":[{"good_text":""}],"bad":[{"bad_text":""}],"score_override":"0","override_value":"","rating":[{"rating_text":"","rating_number":"10"}],"price":[{"shop":"","price":"","link":"","icon":""}],"footnotes":""},"categories":[54],"tags":[152],"class_list":["post-123407","post","type-post","status-publish","format-standard","has-post-thumbnail","hentry","category-cotidiano","tag-destaque"],"yoast_head":"<!-- This site is optimized with the Yoast SEO plugin v26.5 - https:\/\/yoast.com\/wordpress\/plugins\/seo\/ -->\n<title>Menos de dois meses ap\u00f3s entregas, m\u00f3veis do Programa Recome\u00e7o s\u00e3o colocados \u00e0 venda em Rio Branco - Agazeta.net<\/title>\n<meta name=\"robots\" content=\"index, follow, max-snippet:-1, max-image-preview:large, max-video-preview:-1\" \/>\n<link rel=\"canonical\" href=\"https:\/\/nk7-testes.com.br\/agazeta\/menos-de-dois-meses-apos-entregas-moveis-do-programa-recomeco-sao-colocados-a-venda-em-rio-branco\/\" \/>\n<meta property=\"og:locale\" content=\"pt_BR\" \/>\n<meta property=\"og:type\" content=\"article\" \/>\n<meta property=\"og:title\" content=\"Menos de dois meses ap\u00f3s entregas, m\u00f3veis do Programa Recome\u00e7o s\u00e3o colocados \u00e0 venda em Rio Branco\" \/>\n<meta property=\"og:description\" content=\"Em uma captura de tela, \u00e9 poss\u00edvel ver uma geladeira ser oferecida por R$ 1.900\" \/>\n<meta property=\"og:url\" content=\"https:\/\/nk7-testes.com.br\/agazeta\/menos-de-dois-meses-apos-entregas-moveis-do-programa-recomeco-sao-colocados-a-venda-em-rio-branco\/\" \/>\n<meta property=\"og:site_name\" content=\"Agazeta.net\" \/>\n<meta property=\"article:published_time\" content=\"2023-12-08T20:49:37+00:00\" \/>\n<meta property=\"article:modified_time\" content=\"2023-12-08T20:52:58+00:00\" \/>\n<meta property=\"og:image\" content=\"https:\/\/nk7-testes.com.br\/agazeta\/wp-content\/uploads\/2023\/12\/WhatsApp-Image-2023-12-08-at-15.45.47.jpeg\" \/>\n\t<meta property=\"og:image:width\" content=\"800\" \/>\n\t<meta property=\"og:image:height\" content=\"402\" \/>\n\t<meta property=\"og:image:type\" content=\"image\/jpeg\" \/>\n<meta name=\"author\" content=\"Agazeta.Net\" \/>\n<meta name=\"twitter:card\" content=\"summary_large_image\" \/>\n<meta name=\"twitter:label1\" content=\"Escrito por\" \/>\n\t<meta name=\"twitter:data1\" content=\"Agazeta.Net\" \/>\n\t<meta name=\"twitter:label2\" content=\"Est. tempo de leitura\" \/>\n\t<meta name=\"twitter:data2\" content=\"2 minutos\" \/>\n<script type=\"application\/ld+json\" class=\"yoast-schema-graph\">{\"@context\":\"https:\/\/schema.org\",\"@graph\":[{\"@type\":\"WebPage\",\"@id\":\"https:\/\/nk7-testes.com.br\/agazeta\/menos-de-dois-meses-apos-entregas-moveis-do-programa-recomeco-sao-colocados-a-venda-em-rio-branco\/\",\"url\":\"https:\/\/nk7-testes.com.br\/agazeta\/menos-de-dois-meses-apos-entregas-moveis-do-programa-recomeco-sao-colocados-a-venda-em-rio-branco\/\",\"name\":\"Menos de dois meses ap\u00f3s entregas, m\u00f3veis do Programa Recome\u00e7o s\u00e3o colocados \u00e0 venda em Rio Branco - Agazeta.net\",\"isPartOf\":{\"@id\":\"https:\/\/nk7-testes.com.br\/agazeta\/#website\"},\"primaryImageOfPage\":{\"@id\":\"https:\/\/nk7-testes.com.br\/agazeta\/menos-de-dois-meses-apos-entregas-moveis-do-programa-recomeco-sao-colocados-a-venda-em-rio-branco\/#primaryimage\"},\"image\":{\"@id\":\"https:\/\/nk7-testes.com.br\/agazeta\/menos-de-dois-meses-apos-entregas-moveis-do-programa-recomeco-sao-colocados-a-venda-em-rio-branco\/#primaryimage\"},\"thumbnailUrl\":\"https:\/\/nk7-testes.com.br\/agazeta\/wp-content\/uploads\/2023\/12\/WhatsApp-Image-2023-12-08-at-15.45.47.jpeg\",\"datePublished\":\"2023-12-08T20:49:37+00:00\",\"dateModified\":\"2023-12-08T20:52:58+00:00\",\"author\":{\"@id\":\"https:\/\/nk7-testes.com.br\/agazeta\/#\/schema\/person\/ff6b39d54d6973bfc57f4140f659b23f\"},\"breadcrumb\":{\"@id\":\"https:\/\/nk7-testes.com.br\/agazeta\/menos-de-dois-meses-apos-entregas-moveis-do-programa-recomeco-sao-colocados-a-venda-em-rio-branco\/#breadcrumb\"},\"inLanguage\":\"pt-BR\",\"potentialAction\":[{\"@type\":\"ReadAction\",\"target\":[\"https:\/\/nk7-testes.com.br\/agazeta\/menos-de-dois-meses-apos-entregas-moveis-do-programa-recomeco-sao-colocados-a-venda-em-rio-branco\/\"]}]},{\"@type\":\"ImageObject\",\"inLanguage\":\"pt-BR\",\"@id\":\"https:\/\/nk7-testes.com.br\/agazeta\/menos-de-dois-meses-apos-entregas-moveis-do-programa-recomeco-sao-colocados-a-venda-em-rio-branco\/#primaryimage\",\"url\":\"https:\/\/nk7-testes.com.br\/agazeta\/wp-content\/uploads\/2023\/12\/WhatsApp-Image-2023-12-08-at-15.45.47.jpeg\",\"contentUrl\":\"https:\/\/nk7-testes.com.br\/agazeta\/wp-content\/uploads\/2023\/12\/WhatsApp-Image-2023-12-08-at-15.45.47.jpeg\",\"width\":800,\"height\":402},{\"@type\":\"BreadcrumbList\",\"@id\":\"https:\/\/nk7-testes.com.br\/agazeta\/menos-de-dois-meses-apos-entregas-moveis-do-programa-recomeco-sao-colocados-a-venda-em-rio-branco\/#breadcrumb\",\"itemListElement\":[{\"@type\":\"ListItem\",\"position\":1,\"name\":\"In\u00edcio\",\"item\":\"https:\/\/nk7-testes.com.br\/agazeta\/\"},{\"@type\":\"ListItem\",\"position\":2,\"name\":\"Menos de dois meses ap\u00f3s entregas, m\u00f3veis do Programa Recome\u00e7o s\u00e3o colocados \u00e0 venda em Rio Branco\"}]},{\"@type\":\"WebSite\",\"@id\":\"https:\/\/nk7-testes.com.br\/agazeta\/#website\",\"url\":\"https:\/\/nk7-testes.com.br\/agazeta\/\",\"name\":\"Agazeta.net\",\"description\":\"Agazeta.net - Not\u00edcias de Rio Branco\/AC\",\"potentialAction\":[{\"@type\":\"SearchAction\",\"target\":{\"@type\":\"EntryPoint\",\"urlTemplate\":\"https:\/\/nk7-testes.com.br\/agazeta\/?s={search_term_string}\"},\"query-input\":{\"@type\":\"PropertyValueSpecification\",\"valueRequired\":true,\"valueName\":\"search_term_string\"}}],\"inLanguage\":\"pt-BR\"},{\"@type\":\"Person\",\"@id\":\"https:\/\/nk7-testes.com.br\/agazeta\/#\/schema\/person\/ff6b39d54d6973bfc57f4140f659b23f\",\"name\":\"Agazeta.Net\",\"url\":\"https:\/\/nk7-testes.com.br\/agazeta\/author\/agazeta\/\"}]}<\/script>\n<!-- \/ Yoast SEO plugin. -->","yoast_head_json":{"title":"Menos de dois meses ap\u00f3s entregas, m\u00f3veis do Programa Recome\u00e7o s\u00e3o colocados \u00e0 venda em Rio Branco - Agazeta.net","robots":{"index":"index","follow":"follow","max-snippet":"max-snippet:-1","max-image-preview":"max-image-preview:large","max-video-preview":"max-video-preview:-1"},"canonical":"https:\/\/nk7-testes.com.br\/agazeta\/menos-de-dois-meses-apos-entregas-moveis-do-programa-recomeco-sao-colocados-a-venda-em-rio-branco\/","og_locale":"pt_BR","og_type":"article","og_title":"Menos de dois meses ap\u00f3s entregas, m\u00f3veis do Programa Recome\u00e7o s\u00e3o colocados \u00e0 venda em Rio Branco","og_description":"Em uma captura de tela, \u00e9 poss\u00edvel ver uma geladeira ser oferecida por R$ 1.900","og_url":"https:\/\/nk7-testes.com.br\/agazeta\/menos-de-dois-meses-apos-entregas-moveis-do-programa-recomeco-sao-colocados-a-venda-em-rio-branco\/","og_site_name":"Agazeta.net","article_published_time":"2023-12-08T20:49:37+00:00","article_modified_time":"2023-12-08T20:52:58+00:00","og_image":[{"width":800,"height":402,"url":"https:\/\/nk7-testes.com.br\/agazeta\/wp-content\/uploads\/2023\/12\/WhatsApp-Image-2023-12-08-at-15.45.47.jpeg","type":"image\/jpeg"}],"author":"Agazeta.Net","twitter_card":"summary_large_image","twitter_misc":{"Escrito por":"Agazeta.Net","Est. tempo de leitura":"2 minutos"},"schema":{"@context":"https:\/\/schema.org","@graph":[{"@type":"WebPage","@id":"https:\/\/nk7-testes.com.br\/agazeta\/menos-de-dois-meses-apos-entregas-moveis-do-programa-recomeco-sao-colocados-a-venda-em-rio-branco\/","url":"https:\/\/nk7-testes.com.br\/agazeta\/menos-de-dois-meses-apos-entregas-moveis-do-programa-recomeco-sao-colocados-a-venda-em-rio-branco\/","name":"Menos de dois meses ap\u00f3s entregas, m\u00f3veis do Programa Recome\u00e7o s\u00e3o colocados \u00e0 venda em Rio Branco - Agazeta.net","isPartOf":{"@id":"https:\/\/nk7-testes.com.br\/agazeta\/#website"},"primaryImageOfPage":{"@id":"https:\/\/nk7-testes.com.br\/agazeta\/menos-de-dois-meses-apos-entregas-moveis-do-programa-recomeco-sao-colocados-a-venda-em-rio-branco\/#primaryimage"},"image":{"@id":"https:\/\/nk7-testes.com.br\/agazeta\/menos-de-dois-meses-apos-entregas-moveis-do-programa-recomeco-sao-colocados-a-venda-em-rio-branco\/#primaryimage"},"thumbnailUrl":"https:\/\/nk7-testes.com.br\/agazeta\/wp-content\/uploads\/2023\/12\/WhatsApp-Image-2023-12-08-at-15.45.47.jpeg","datePublished":"2023-12-08T20:49:37+00:00","dateModified":"2023-12-08T20:52:58+00:00","author":{"@id":"https:\/\/nk7-testes.com.br\/agazeta\/#\/schema\/person\/ff6b39d54d6973bfc57f4140f659b23f"},"breadcrumb":{"@id":"https:\/\/nk7-testes.com.br\/agazeta\/menos-de-dois-meses-apos-entregas-moveis-do-programa-recomeco-sao-colocados-a-venda-em-rio-branco\/#breadcrumb"},"inLanguage":"pt-BR","potentialAction":[{"@type":"ReadAction","target":["https:\/\/nk7-testes.com.br\/agazeta\/menos-de-dois-meses-apos-entregas-moveis-do-programa-recomeco-sao-colocados-a-venda-em-rio-branco\/"]}]},{"@type":"ImageObject","inLanguage":"pt-BR","@id":"https:\/\/nk7-testes.com.br\/agazeta\/menos-de-dois-meses-apos-entregas-moveis-do-programa-recomeco-sao-colocados-a-venda-em-rio-branco\/#primaryimage","url":"https:\/\/nk7-testes.com.br\/agazeta\/wp-content\/uploads\/2023\/12\/WhatsApp-Image-2023-12-08-at-15.45.47.jpeg","contentUrl":"https:\/\/nk7-testes.com.br\/agazeta\/wp-content\/uploads\/2023\/12\/WhatsApp-Image-2023-12-08-at-15.45.47.jpeg","width":800,"height":402},{"@type":"BreadcrumbList","@id":"https:\/\/nk7-testes.com.br\/agazeta\/menos-de-dois-meses-apos-entregas-moveis-do-programa-recomeco-sao-colocados-a-venda-em-rio-branco\/#breadcrumb","itemListElement":[{"@type":"ListItem","position":1,"name":"In\u00edcio","item":"https:\/\/nk7-testes.com.br\/agazeta\/"},{"@type":"ListItem","position":2,"name":"Menos de dois meses ap\u00f3s entregas, m\u00f3veis do Programa Recome\u00e7o s\u00e3o colocados \u00e0 venda em Rio Branco"}]},{"@type":"WebSite","@id":"https:\/\/nk7-testes.com.br\/agazeta\/#website","url":"https:\/\/nk7-testes.com.br\/agazeta\/","name":"Agazeta.net","description":"Agazeta.net - Not\u00edcias de Rio Branco\/AC","potentialAction":[{"@type":"SearchAction","target":{"@type":"EntryPoint","urlTemplate":"https:\/\/nk7-testes.com.br\/agazeta\/?s={search_term_string}"},"query-input":{"@type":"PropertyValueSpecification","valueRequired":true,"valueName":"search_term_string"}}],"inLanguage":"pt-BR"},{"@type":"Person","@id":"https:\/\/nk7-testes.com.br\/agazeta\/#\/schema\/person\/ff6b39d54d6973bfc57f4140f659b23f","name":"Agazeta.Net","url":"https:\/\/nk7-testes.com.br\/agazeta\/author\/agazeta\/"}]}},"_links":{"self":[{"href":"https:\/\/nk7-testes.com.br\/agazeta\/wp-json\/wp\/v2\/posts\/123407","targetHints":{"allow":["GET"]}}],"collection":[{"href":"https:\/\/nk7-testes.com.br\/agazeta\/wp-json\/wp\/v2\/posts"}],"about":[{"href":"https:\/\/nk7-testes.com.br\/agazeta\/wp-json\/wp\/v2\/types\/post"}],"author":[{"embeddable":true,"href":"https:\/\/nk7-testes.com.br\/agazeta\/wp-json\/wp\/v2\/users\/4"}],"replies":[{"embeddable":true,"href":"https:\/\/nk7-testes.com.br\/agazeta\/wp-json\/wp\/v2\/comments?post=123407"}],"version-history":[{"count":0,"href":"https:\/\/nk7-testes.com.br\/agazeta\/wp-json\/wp\/v2\/posts\/123407\/revisions"}],"wp:featuredmedia":[{"embeddable":true,"href":"https:\/\/nk7-testes.com.br\/agazeta\/wp-json\/wp\/v2\/media\/123412"}],"wp:attachment":[{"href":"https:\/\/nk7-testes.com.br\/agazeta\/wp-json\/wp\/v2\/media?parent=123407"}],"wp:term":[{"taxonomy":"category","embeddable":true,"href":"https:\/\/nk7-testes.com.br\/agazeta\/wp-json\/wp\/v2\/categories?post=123407"},{"taxonomy":"post_tag","embeddable":true,"href":"https:\/\/nk7-testes.com.br\/agazeta\/wp-json\/wp\/v2\/tags?post=123407"}],"curies":[{"name":"wp","href":"https:\/\/api.w.org\/{rel}","templated":true}]}}