{"id":123315,"date":"2023-12-07T17:03:24","date_gmt":"2023-12-07T22:03:24","guid":{"rendered":"https:\/\/abarevegan.com.br\/?p=123315"},"modified":"2023-12-07T17:03:24","modified_gmt":"2023-12-07T22:03:24","slug":"papai-noel-dos-correios-campanha-de-adocao-de-cartinhas-de-natal-encerra-nesta-sexta-feira-no-acre","status":"publish","type":"post","link":"https:\/\/nk7-testes.com.br\/agazeta\/papai-noel-dos-correios-campanha-de-adocao-de-cartinhas-de-natal-encerra-nesta-sexta-feira-no-acre\/","title":{"rendered":"Papai Noel dos Correios: campanha de ado\u00e7\u00e3o de cartinhas de Natal encerra nesta sexta-feira no Acre"},"content":{"rendered":"<p style=\"text-align: justify;\">Por\u00a0<strong>Kerolayne Fran\u00e7a<\/strong>\u00a0para o\u00a0<strong>Agazeta.net<\/strong><\/p>\n<p style=\"text-align: justify;\">O prazo para adotar uma cartinha da campanha &#8216;Papai Noel dos Correios 2023&#8217; se encerra nesta sexta-feira (08) no Acre. O principal objetivo desta a\u00e7\u00e3o \u00e9 arrecadar presentes \u00e0s crian\u00e7as em situa\u00e7\u00e3o de vulnerabilidade social, al\u00e9m de incentivar a escrita.<\/p>\n<p style=\"text-align: justify;\">O superintendente Estadual dos Correios, Francisco Ithamar, que, desde o lan\u00e7amento da campanha em 10 de novembro, foram arrecadadas mais de 1.700 cartinhas feitas por creches, escolas e crian\u00e7as em situa\u00e7\u00e3o de vulnerabilidade social. Ithamar revelou que at\u00e9 o momento mais de 96% das cartas j\u00e1 foram adotadas.<\/p>\n<p style=\"text-align: justify;\">Cerca de 50 correspond\u00eancias ainda est\u00e3o dispon\u00edveis para ado\u00e7\u00e3o. Na capital,\u00a0 as cartinhas podem ser adotadas na ag\u00eancia dos Correios localizada na Avenida Epaminondas J\u00e1come, no centro, das 08 \u00e0s 16h ou atrav\u00e9s do <a href=\"https:\/\/blognoel.correios.com.br\/blognoel\/index.php\">blog Noel<\/a>.<\/p>\n<p style=\"text-align: justify;\">Ainda d\u00e1 tempo de tirar o sonho de uma crian\u00e7a do papel. Os presentes podem ser entregues at\u00e9 a pr\u00f3xima segunda-feira (11).<\/p>\n<p style=\"text-align: justify;\"><em>Estagi\u00e1ria supervisionada por Gisele Almeida<\/em><\/p>\n","protected":false},"excerpt":{"rendered":"<p>Por\u00a0Kerolayne Fran\u00e7a\u00a0para o\u00a0Agazeta.net O prazo para adotar uma cartinha da campanha &#8216;Papai Noel dos Correios 2023&#8217; se encerra nesta sexta-feira (08) no Acre. O principal objetivo desta a\u00e7\u00e3o \u00e9 arrecadar presentes \u00e0s crian\u00e7as em situa\u00e7\u00e3o de vulnerabilidade social, al\u00e9m de incentivar a escrita. O superintendente Estadual dos Correios, Francisco Ithamar, que, desde o lan\u00e7amento da [&hellip;]<\/p>\n","protected":false},"author":4,"featured_media":123316,"comment_status":"open","ping_status":"open","sticky":false,"template":"","format":"standard","meta":{"jnews-multi-image_gallery":[],"jnews_single_post":{"source_name":"","source_url":"","via_name":"","via_url":"","override_template":"0","override":[{"template":"custom","single_blog_custom":"110746","parallax":"1","fullscreen":"1","layout":"right-sidebar","sidebar":"default-sidebar","second_sidebar":"default-sidebar","sticky_sidebar":"1","share_position":"top","share_float_style":"share-monocrhome","show_share_counter":"1","show_view_counter":"1","show_featured":"1","show_post_meta":"1","show_post_author":"1","show_post_author_image":"1","show_post_date":"1","post_date_format":"default","post_date_format_custom":"Y\/m\/d","show_post_category":"1","show_post_reading_time":"0","post_reading_time_wpm":"300","show_zoom_button":"0","zoom_button_out_step":"2","zoom_button_in_step":"3","show_post_tag":"1","show_prev_next_post":"1","show_popup_post":"1","number_popup_post":"1","show_author_box":"0","show_post_related":"1","show_inline_post_related":"0"}],"override_image_size":"0","image_override":[{"single_post_thumbnail_size":"crop-500","single_post_gallery_size":"crop-500"}],"trending_post":"0","trending_post_position":"meta","trending_post_label":"Trending","sponsored_post":"0","sponsored_post_label":"Sponsored by","sponsored_post_name":"","sponsored_post_url":"","sponsored_post_logo_enable":"0","sponsored_post_logo":"","sponsored_post_desc":"","disable_ad":"0"},"jnews_primary_category":{"id":"","hide":""},"jnews_social_meta":{"fb_title":"","fb_description":"","fb_image":"","twitter_title":"","twitter_description":"","twitter_image":""},"jnews_review":[],"enable_review":"0","type":"percentage","name":"","summary":"","brand":"","sku":"","good":[{"good_text":""}],"bad":[{"bad_text":""}],"score_override":"0","override_value":"","rating":[{"rating_text":"","rating_number":"10"}],"price":[{"shop":"","price":"","link":"","icon":""}],"footnotes":""},"categories":[54],"tags":[],"class_list":["post-123315","post","type-post","status-publish","format-standard","has-post-thumbnail","hentry","category-cotidiano"],"yoast_head":"<!-- This site is optimized with the Yoast SEO plugin v26.5 - https:\/\/yoast.com\/wordpress\/plugins\/seo\/ -->\n<title>Papai Noel dos Correios: campanha de ado\u00e7\u00e3o de cartinhas de Natal encerra nesta sexta-feira no Acre - Agazeta.net<\/title>\n<meta name=\"robots\" content=\"index, follow, max-snippet:-1, max-image-preview:large, max-video-preview:-1\" \/>\n<link rel=\"canonical\" href=\"https:\/\/nk7-testes.com.br\/agazeta\/papai-noel-dos-correios-campanha-de-adocao-de-cartinhas-de-natal-encerra-nesta-sexta-feira-no-acre\/\" \/>\n<meta property=\"og:locale\" content=\"pt_BR\" \/>\n<meta property=\"og:type\" content=\"article\" \/>\n<meta property=\"og:title\" content=\"Papai Noel dos Correios: campanha de ado\u00e7\u00e3o de cartinhas de Natal encerra nesta sexta-feira no Acre\" \/>\n<meta property=\"og:description\" content=\"Cerca de 50 cartas ainda est\u00e3o dispon\u00edveis para serem adotadas\" \/>\n<meta property=\"og:url\" content=\"https:\/\/nk7-testes.com.br\/agazeta\/papai-noel-dos-correios-campanha-de-adocao-de-cartinhas-de-natal-encerra-nesta-sexta-feira-no-acre\/\" \/>\n<meta property=\"og:site_name\" content=\"Agazeta.net\" \/>\n<meta property=\"article:published_time\" content=\"2023-12-07T22:03:24+00:00\" \/>\n<meta property=\"og:image\" content=\"https:\/\/nk7-testes.com.br\/agazeta\/wp-content\/uploads\/2023\/12\/c6d8c77c41f53b5bc47b33db4add42df.jpg\" \/>\n\t<meta property=\"og:image:width\" content=\"800\" \/>\n\t<meta property=\"og:image:height\" content=\"404\" \/>\n\t<meta property=\"og:image:type\" content=\"image\/jpeg\" \/>\n<meta name=\"author\" content=\"Agazeta.Net\" \/>\n<meta name=\"twitter:card\" content=\"summary_large_image\" \/>\n<meta name=\"twitter:label1\" content=\"Escrito por\" \/>\n\t<meta name=\"twitter:data1\" content=\"Agazeta.Net\" \/>\n\t<meta name=\"twitter:label2\" content=\"Est. tempo de leitura\" \/>\n\t<meta name=\"twitter:data2\" content=\"1 minuto\" \/>\n<script type=\"application\/ld+json\" class=\"yoast-schema-graph\">{\"@context\":\"https:\/\/schema.org\",\"@graph\":[{\"@type\":\"WebPage\",\"@id\":\"https:\/\/nk7-testes.com.br\/agazeta\/papai-noel-dos-correios-campanha-de-adocao-de-cartinhas-de-natal-encerra-nesta-sexta-feira-no-acre\/\",\"url\":\"https:\/\/nk7-testes.com.br\/agazeta\/papai-noel-dos-correios-campanha-de-adocao-de-cartinhas-de-natal-encerra-nesta-sexta-feira-no-acre\/\",\"name\":\"Papai Noel dos Correios: campanha de ado\u00e7\u00e3o de cartinhas de Natal encerra nesta sexta-feira no Acre - Agazeta.net\",\"isPartOf\":{\"@id\":\"https:\/\/nk7-testes.com.br\/agazeta\/#website\"},\"primaryImageOfPage\":{\"@id\":\"https:\/\/nk7-testes.com.br\/agazeta\/papai-noel-dos-correios-campanha-de-adocao-de-cartinhas-de-natal-encerra-nesta-sexta-feira-no-acre\/#primaryimage\"},\"image\":{\"@id\":\"https:\/\/nk7-testes.com.br\/agazeta\/papai-noel-dos-correios-campanha-de-adocao-de-cartinhas-de-natal-encerra-nesta-sexta-feira-no-acre\/#primaryimage\"},\"thumbnailUrl\":\"https:\/\/nk7-testes.com.br\/agazeta\/wp-content\/uploads\/2023\/12\/c6d8c77c41f53b5bc47b33db4add42df.jpg\",\"datePublished\":\"2023-12-07T22:03:24+00:00\",\"author\":{\"@id\":\"https:\/\/nk7-testes.com.br\/agazeta\/#\/schema\/person\/ff6b39d54d6973bfc57f4140f659b23f\"},\"breadcrumb\":{\"@id\":\"https:\/\/nk7-testes.com.br\/agazeta\/papai-noel-dos-correios-campanha-de-adocao-de-cartinhas-de-natal-encerra-nesta-sexta-feira-no-acre\/#breadcrumb\"},\"inLanguage\":\"pt-BR\",\"potentialAction\":[{\"@type\":\"ReadAction\",\"target\":[\"https:\/\/nk7-testes.com.br\/agazeta\/papai-noel-dos-correios-campanha-de-adocao-de-cartinhas-de-natal-encerra-nesta-sexta-feira-no-acre\/\"]}]},{\"@type\":\"ImageObject\",\"inLanguage\":\"pt-BR\",\"@id\":\"https:\/\/nk7-testes.com.br\/agazeta\/papai-noel-dos-correios-campanha-de-adocao-de-cartinhas-de-natal-encerra-nesta-sexta-feira-no-acre\/#primaryimage\",\"url\":\"https:\/\/nk7-testes.com.br\/agazeta\/wp-content\/uploads\/2023\/12\/c6d8c77c41f53b5bc47b33db4add42df.jpg\",\"contentUrl\":\"https:\/\/nk7-testes.com.br\/agazeta\/wp-content\/uploads\/2023\/12\/c6d8c77c41f53b5bc47b33db4add42df.jpg\",\"width\":800,\"height\":404},{\"@type\":\"BreadcrumbList\",\"@id\":\"https:\/\/nk7-testes.com.br\/agazeta\/papai-noel-dos-correios-campanha-de-adocao-de-cartinhas-de-natal-encerra-nesta-sexta-feira-no-acre\/#breadcrumb\",\"itemListElement\":[{\"@type\":\"ListItem\",\"position\":1,\"name\":\"In\u00edcio\",\"item\":\"https:\/\/nk7-testes.com.br\/agazeta\/\"},{\"@type\":\"ListItem\",\"position\":2,\"name\":\"Papai Noel dos Correios: campanha de ado\u00e7\u00e3o de cartinhas de Natal encerra nesta sexta-feira no Acre\"}]},{\"@type\":\"WebSite\",\"@id\":\"https:\/\/nk7-testes.com.br\/agazeta\/#website\",\"url\":\"https:\/\/nk7-testes.com.br\/agazeta\/\",\"name\":\"Agazeta.net\",\"description\":\"Agazeta.net - Not\u00edcias de Rio Branco\/AC\",\"potentialAction\":[{\"@type\":\"SearchAction\",\"target\":{\"@type\":\"EntryPoint\",\"urlTemplate\":\"https:\/\/nk7-testes.com.br\/agazeta\/?s={search_term_string}\"},\"query-input\":{\"@type\":\"PropertyValueSpecification\",\"valueRequired\":true,\"valueName\":\"search_term_string\"}}],\"inLanguage\":\"pt-BR\"},{\"@type\":\"Person\",\"@id\":\"https:\/\/nk7-testes.com.br\/agazeta\/#\/schema\/person\/ff6b39d54d6973bfc57f4140f659b23f\",\"name\":\"Agazeta.Net\",\"url\":\"https:\/\/nk7-testes.com.br\/agazeta\/author\/agazeta\/\"}]}<\/script>\n<!-- \/ Yoast SEO plugin. -->","yoast_head_json":{"title":"Papai Noel dos Correios: campanha de ado\u00e7\u00e3o de cartinhas de Natal encerra nesta sexta-feira no Acre - Agazeta.net","robots":{"index":"index","follow":"follow","max-snippet":"max-snippet:-1","max-image-preview":"max-image-preview:large","max-video-preview":"max-video-preview:-1"},"canonical":"https:\/\/nk7-testes.com.br\/agazeta\/papai-noel-dos-correios-campanha-de-adocao-de-cartinhas-de-natal-encerra-nesta-sexta-feira-no-acre\/","og_locale":"pt_BR","og_type":"article","og_title":"Papai Noel dos Correios: campanha de ado\u00e7\u00e3o de cartinhas de Natal encerra nesta sexta-feira no Acre","og_description":"Cerca de 50 cartas ainda est\u00e3o dispon\u00edveis para serem adotadas","og_url":"https:\/\/nk7-testes.com.br\/agazeta\/papai-noel-dos-correios-campanha-de-adocao-de-cartinhas-de-natal-encerra-nesta-sexta-feira-no-acre\/","og_site_name":"Agazeta.net","article_published_time":"2023-12-07T22:03:24+00:00","og_image":[{"width":800,"height":404,"url":"https:\/\/nk7-testes.com.br\/agazeta\/wp-content\/uploads\/2023\/12\/c6d8c77c41f53b5bc47b33db4add42df.jpg","type":"image\/jpeg"}],"author":"Agazeta.Net","twitter_card":"summary_large_image","twitter_misc":{"Escrito por":"Agazeta.Net","Est. tempo de leitura":"1 minuto"},"schema":{"@context":"https:\/\/schema.org","@graph":[{"@type":"WebPage","@id":"https:\/\/nk7-testes.com.br\/agazeta\/papai-noel-dos-correios-campanha-de-adocao-de-cartinhas-de-natal-encerra-nesta-sexta-feira-no-acre\/","url":"https:\/\/nk7-testes.com.br\/agazeta\/papai-noel-dos-correios-campanha-de-adocao-de-cartinhas-de-natal-encerra-nesta-sexta-feira-no-acre\/","name":"Papai Noel dos Correios: campanha de ado\u00e7\u00e3o de cartinhas de Natal encerra nesta sexta-feira no Acre - Agazeta.net","isPartOf":{"@id":"https:\/\/nk7-testes.com.br\/agazeta\/#website"},"primaryImageOfPage":{"@id":"https:\/\/nk7-testes.com.br\/agazeta\/papai-noel-dos-correios-campanha-de-adocao-de-cartinhas-de-natal-encerra-nesta-sexta-feira-no-acre\/#primaryimage"},"image":{"@id":"https:\/\/nk7-testes.com.br\/agazeta\/papai-noel-dos-correios-campanha-de-adocao-de-cartinhas-de-natal-encerra-nesta-sexta-feira-no-acre\/#primaryimage"},"thumbnailUrl":"https:\/\/nk7-testes.com.br\/agazeta\/wp-content\/uploads\/2023\/12\/c6d8c77c41f53b5bc47b33db4add42df.jpg","datePublished":"2023-12-07T22:03:24+00:00","author":{"@id":"https:\/\/nk7-testes.com.br\/agazeta\/#\/schema\/person\/ff6b39d54d6973bfc57f4140f659b23f"},"breadcrumb":{"@id":"https:\/\/nk7-testes.com.br\/agazeta\/papai-noel-dos-correios-campanha-de-adocao-de-cartinhas-de-natal-encerra-nesta-sexta-feira-no-acre\/#breadcrumb"},"inLanguage":"pt-BR","potentialAction":[{"@type":"ReadAction","target":["https:\/\/nk7-testes.com.br\/agazeta\/papai-noel-dos-correios-campanha-de-adocao-de-cartinhas-de-natal-encerra-nesta-sexta-feira-no-acre\/"]}]},{"@type":"ImageObject","inLanguage":"pt-BR","@id":"https:\/\/nk7-testes.com.br\/agazeta\/papai-noel-dos-correios-campanha-de-adocao-de-cartinhas-de-natal-encerra-nesta-sexta-feira-no-acre\/#primaryimage","url":"https:\/\/nk7-testes.com.br\/agazeta\/wp-content\/uploads\/2023\/12\/c6d8c77c41f53b5bc47b33db4add42df.jpg","contentUrl":"https:\/\/nk7-testes.com.br\/agazeta\/wp-content\/uploads\/2023\/12\/c6d8c77c41f53b5bc47b33db4add42df.jpg","width":800,"height":404},{"@type":"BreadcrumbList","@id":"https:\/\/nk7-testes.com.br\/agazeta\/papai-noel-dos-correios-campanha-de-adocao-de-cartinhas-de-natal-encerra-nesta-sexta-feira-no-acre\/#breadcrumb","itemListElement":[{"@type":"ListItem","position":1,"name":"In\u00edcio","item":"https:\/\/nk7-testes.com.br\/agazeta\/"},{"@type":"ListItem","position":2,"name":"Papai Noel dos Correios: campanha de ado\u00e7\u00e3o de cartinhas de Natal encerra nesta sexta-feira no Acre"}]},{"@type":"WebSite","@id":"https:\/\/nk7-testes.com.br\/agazeta\/#website","url":"https:\/\/nk7-testes.com.br\/agazeta\/","name":"Agazeta.net","description":"Agazeta.net - Not\u00edcias de Rio Branco\/AC","potentialAction":[{"@type":"SearchAction","target":{"@type":"EntryPoint","urlTemplate":"https:\/\/nk7-testes.com.br\/agazeta\/?s={search_term_string}"},"query-input":{"@type":"PropertyValueSpecification","valueRequired":true,"valueName":"search_term_string"}}],"inLanguage":"pt-BR"},{"@type":"Person","@id":"https:\/\/nk7-testes.com.br\/agazeta\/#\/schema\/person\/ff6b39d54d6973bfc57f4140f659b23f","name":"Agazeta.Net","url":"https:\/\/nk7-testes.com.br\/agazeta\/author\/agazeta\/"}]}},"_links":{"self":[{"href":"https:\/\/nk7-testes.com.br\/agazeta\/wp-json\/wp\/v2\/posts\/123315","targetHints":{"allow":["GET"]}}],"collection":[{"href":"https:\/\/nk7-testes.com.br\/agazeta\/wp-json\/wp\/v2\/posts"}],"about":[{"href":"https:\/\/nk7-testes.com.br\/agazeta\/wp-json\/wp\/v2\/types\/post"}],"author":[{"embeddable":true,"href":"https:\/\/nk7-testes.com.br\/agazeta\/wp-json\/wp\/v2\/users\/4"}],"replies":[{"embeddable":true,"href":"https:\/\/nk7-testes.com.br\/agazeta\/wp-json\/wp\/v2\/comments?post=123315"}],"version-history":[{"count":0,"href":"https:\/\/nk7-testes.com.br\/agazeta\/wp-json\/wp\/v2\/posts\/123315\/revisions"}],"wp:featuredmedia":[{"embeddable":true,"href":"https:\/\/nk7-testes.com.br\/agazeta\/wp-json\/wp\/v2\/media\/123316"}],"wp:attachment":[{"href":"https:\/\/nk7-testes.com.br\/agazeta\/wp-json\/wp\/v2\/media?parent=123315"}],"wp:term":[{"taxonomy":"category","embeddable":true,"href":"https:\/\/nk7-testes.com.br\/agazeta\/wp-json\/wp\/v2\/categories?post=123315"},{"taxonomy":"post_tag","embeddable":true,"href":"https:\/\/nk7-testes.com.br\/agazeta\/wp-json\/wp\/v2\/tags?post=123315"}],"curies":[{"name":"wp","href":"https:\/\/api.w.org\/{rel}","templated":true}]}}