{"id":123311,"date":"2023-12-07T16:48:26","date_gmt":"2023-12-07T21:48:26","guid":{"rendered":"https:\/\/abarevegan.com.br\/?p=123311"},"modified":"2023-12-07T16:48:26","modified_gmt":"2023-12-07T21:48:26","slug":"segundo-estudo-nacional-rio-branco-tem-62-areas-de-risco-a-populacao-entenda","status":"publish","type":"post","link":"https:\/\/nk7-testes.com.br\/agazeta\/segundo-estudo-nacional-rio-branco-tem-62-areas-de-risco-a-populacao-entenda\/","title":{"rendered":"Segundo estudo nacional, Rio Branco tem 62 \u00e1reas de risco \u00e0 popula\u00e7\u00e3o; entenda"},"content":{"rendered":"<p style=\"text-align: justify;\">Uma pesquisa feita pela Defesa Civil de cada munic\u00edpio do Brasil, de forma simult\u00e2nea, mostrou que Rio Branco faz parte dos 20 munic\u00edpios com mais \u00e1reas de risco do pa\u00eds. Segundo os dados, a capital tem 62 zonas de perigo \u00e0 comunidade.<\/p>\n<p style=\"text-align: justify;\">Os pontos cr\u00edticos s\u00e3o problemas como estradas, ruas e, at\u00e9 mesmo, desastres naturais. De acordo com a coordenadoria Municipal de Defesa Civil, os planos de conting\u00eancia j\u00e1 come\u00e7aram a ser realizados. Apesar disso, s\u00e3o necess\u00e1rias outras alternativas para atender ao m\u00e1ximo de pessoas poss\u00edvel.<\/p>\n<p style=\"text-align: justify;\">&#8220;Temos uma quantidade de fam\u00edlias para ser retiradas e, nesse momento, a Defesa Civil com o mapeamento feito, junto \u00e0 Assist\u00eancia Social, quer retirar essas pessoas dos locais de risco e n\u00e3o deixar que se ocupe mais os lugares&#8221;, destaca o coordenador coronel Cl\u00e1udio Falc\u00e3o.<\/p>\n<p style=\"text-align: justify;\">Os problemas enfrentados pela capital oferecem riscos \u00e0 vida de v\u00e1rias fam\u00edlias. A gest\u00e3o do \u00f3rg\u00e3o pretende retirar mais de 1.500 pessoas de \u00e1reas perigosas.<\/p>\n<p style=\"text-align: justify;\">&#8220;Planejamos a retirada permanente dessas fam\u00edlias. Tir\u00e1-las desses riscos e colocar em \u00e1reas habitacionais, programa habitacional feito pela Prefeitura, para minimizar esses impactos que temos em todo o munic\u00edpio&#8221;, esclarece Falc\u00e3o.<\/p>\n<p><strong><em>Com informa\u00e7\u00f5es do rep\u00f3rter Jo\u00e3o Cardoso para a TV Gazeta<\/em><\/strong><\/p>\n","protected":false},"excerpt":{"rendered":"<p>Uma pesquisa feita pela Defesa Civil de cada munic\u00edpio do Brasil, de forma simult\u00e2nea, mostrou que Rio Branco faz parte dos 20 munic\u00edpios com mais \u00e1reas de risco do pa\u00eds. Segundo os dados, a capital tem 62 zonas de perigo \u00e0 comunidade. Os pontos cr\u00edticos s\u00e3o problemas como estradas, ruas e, at\u00e9 mesmo, desastres naturais. [&hellip;]<\/p>\n","protected":false},"author":4,"featured_media":123313,"comment_status":"open","ping_status":"open","sticky":false,"template":"","format":"standard","meta":{"jnews-multi-image_gallery":[],"jnews_single_post":{"source_name":"","source_url":"","via_name":"","via_url":"","override_template":"0","override":[{"template":"custom","single_blog_custom":"110746","parallax":"1","fullscreen":"1","layout":"right-sidebar","sidebar":"default-sidebar","second_sidebar":"default-sidebar","sticky_sidebar":"1","share_position":"top","share_float_style":"share-monocrhome","show_share_counter":"1","show_view_counter":"1","show_featured":"1","show_post_meta":"1","show_post_author":"1","show_post_author_image":"1","show_post_date":"1","post_date_format":"default","post_date_format_custom":"Y\/m\/d","show_post_category":"1","show_post_reading_time":"0","post_reading_time_wpm":"300","show_zoom_button":"0","zoom_button_out_step":"2","zoom_button_in_step":"3","show_post_tag":"1","show_prev_next_post":"1","show_popup_post":"1","number_popup_post":"1","show_author_box":"0","show_post_related":"1","show_inline_post_related":"0"}],"override_image_size":"0","image_override":[{"single_post_thumbnail_size":"crop-500","single_post_gallery_size":"crop-500"}],"trending_post":"0","trending_post_position":"meta","trending_post_label":"Trending","sponsored_post":"0","sponsored_post_label":"Sponsored by","sponsored_post_name":"","sponsored_post_url":"","sponsored_post_logo_enable":"0","sponsored_post_logo":"","sponsored_post_desc":"","disable_ad":"0"},"jnews_primary_category":{"id":"","hide":""},"jnews_social_meta":{"fb_title":"","fb_description":"","fb_image":"","twitter_title":"","twitter_description":"","twitter_image":""},"jnews_review":[],"enable_review":"0","type":"percentage","name":"","summary":"","brand":"","sku":"","good":[{"good_text":""}],"bad":[{"bad_text":""}],"score_override":"0","override_value":"","rating":[{"rating_text":"","rating_number":"10"}],"price":[{"shop":"","price":"","link":"","icon":""}],"footnotes":""},"categories":[54],"tags":[],"class_list":["post-123311","post","type-post","status-publish","format-standard","has-post-thumbnail","hentry","category-cotidiano"],"yoast_head":"<!-- This site is optimized with the Yoast SEO plugin v26.5 - https:\/\/yoast.com\/wordpress\/plugins\/seo\/ -->\n<title>Segundo estudo nacional, Rio Branco tem 62 \u00e1reas de risco \u00e0 popula\u00e7\u00e3o; entenda - Agazeta.net<\/title>\n<meta name=\"robots\" content=\"index, follow, max-snippet:-1, max-image-preview:large, max-video-preview:-1\" \/>\n<link rel=\"canonical\" href=\"https:\/\/nk7-testes.com.br\/agazeta\/segundo-estudo-nacional-rio-branco-tem-62-areas-de-risco-a-populacao-entenda\/\" \/>\n<meta property=\"og:locale\" content=\"pt_BR\" \/>\n<meta property=\"og:type\" content=\"article\" \/>\n<meta property=\"og:title\" content=\"Segundo estudo nacional, Rio Branco tem 62 \u00e1reas de risco \u00e0 popula\u00e7\u00e3o; entenda\" \/>\n<meta property=\"og:description\" content=\"Os pontos cr\u00edticos s\u00e3o problemas como estradas, ruas e, at\u00e9 mesmo, desastres naturais\" \/>\n<meta property=\"og:url\" content=\"https:\/\/nk7-testes.com.br\/agazeta\/segundo-estudo-nacional-rio-branco-tem-62-areas-de-risco-a-populacao-entenda\/\" \/>\n<meta property=\"og:site_name\" content=\"Agazeta.net\" \/>\n<meta property=\"article:published_time\" content=\"2023-12-07T21:48:26+00:00\" \/>\n<meta property=\"og:image\" content=\"https:\/\/nk7-testes.com.br\/agazeta\/wp-content\/uploads\/2023\/12\/WhatsApp-Image-2023-12-07-at-18.46.47.jpeg\" \/>\n\t<meta property=\"og:image:width\" content=\"800\" \/>\n\t<meta property=\"og:image:height\" content=\"403\" \/>\n\t<meta property=\"og:image:type\" content=\"image\/jpeg\" \/>\n<meta name=\"author\" content=\"Agazeta.Net\" \/>\n<meta name=\"twitter:card\" content=\"summary_large_image\" \/>\n<meta name=\"twitter:label1\" content=\"Escrito por\" \/>\n\t<meta name=\"twitter:data1\" content=\"Agazeta.Net\" \/>\n\t<meta name=\"twitter:label2\" content=\"Est. tempo de leitura\" \/>\n\t<meta name=\"twitter:data2\" content=\"1 minuto\" \/>\n<script type=\"application\/ld+json\" class=\"yoast-schema-graph\">{\"@context\":\"https:\/\/schema.org\",\"@graph\":[{\"@type\":\"WebPage\",\"@id\":\"https:\/\/nk7-testes.com.br\/agazeta\/segundo-estudo-nacional-rio-branco-tem-62-areas-de-risco-a-populacao-entenda\/\",\"url\":\"https:\/\/nk7-testes.com.br\/agazeta\/segundo-estudo-nacional-rio-branco-tem-62-areas-de-risco-a-populacao-entenda\/\",\"name\":\"Segundo estudo nacional, Rio Branco tem 62 \u00e1reas de risco \u00e0 popula\u00e7\u00e3o; entenda - Agazeta.net\",\"isPartOf\":{\"@id\":\"https:\/\/nk7-testes.com.br\/agazeta\/#website\"},\"primaryImageOfPage\":{\"@id\":\"https:\/\/nk7-testes.com.br\/agazeta\/segundo-estudo-nacional-rio-branco-tem-62-areas-de-risco-a-populacao-entenda\/#primaryimage\"},\"image\":{\"@id\":\"https:\/\/nk7-testes.com.br\/agazeta\/segundo-estudo-nacional-rio-branco-tem-62-areas-de-risco-a-populacao-entenda\/#primaryimage\"},\"thumbnailUrl\":\"https:\/\/nk7-testes.com.br\/agazeta\/wp-content\/uploads\/2023\/12\/WhatsApp-Image-2023-12-07-at-18.46.47.jpeg\",\"datePublished\":\"2023-12-07T21:48:26+00:00\",\"author\":{\"@id\":\"https:\/\/nk7-testes.com.br\/agazeta\/#\/schema\/person\/ff6b39d54d6973bfc57f4140f659b23f\"},\"breadcrumb\":{\"@id\":\"https:\/\/nk7-testes.com.br\/agazeta\/segundo-estudo-nacional-rio-branco-tem-62-areas-de-risco-a-populacao-entenda\/#breadcrumb\"},\"inLanguage\":\"pt-BR\",\"potentialAction\":[{\"@type\":\"ReadAction\",\"target\":[\"https:\/\/nk7-testes.com.br\/agazeta\/segundo-estudo-nacional-rio-branco-tem-62-areas-de-risco-a-populacao-entenda\/\"]}]},{\"@type\":\"ImageObject\",\"inLanguage\":\"pt-BR\",\"@id\":\"https:\/\/nk7-testes.com.br\/agazeta\/segundo-estudo-nacional-rio-branco-tem-62-areas-de-risco-a-populacao-entenda\/#primaryimage\",\"url\":\"https:\/\/nk7-testes.com.br\/agazeta\/wp-content\/uploads\/2023\/12\/WhatsApp-Image-2023-12-07-at-18.46.47.jpeg\",\"contentUrl\":\"https:\/\/nk7-testes.com.br\/agazeta\/wp-content\/uploads\/2023\/12\/WhatsApp-Image-2023-12-07-at-18.46.47.jpeg\",\"width\":800,\"height\":403,\"caption\":\"Foto: Consuela Gonzalez\"},{\"@type\":\"BreadcrumbList\",\"@id\":\"https:\/\/nk7-testes.com.br\/agazeta\/segundo-estudo-nacional-rio-branco-tem-62-areas-de-risco-a-populacao-entenda\/#breadcrumb\",\"itemListElement\":[{\"@type\":\"ListItem\",\"position\":1,\"name\":\"In\u00edcio\",\"item\":\"https:\/\/nk7-testes.com.br\/agazeta\/\"},{\"@type\":\"ListItem\",\"position\":2,\"name\":\"Segundo estudo nacional, Rio Branco tem 62 \u00e1reas de risco \u00e0 popula\u00e7\u00e3o; entenda\"}]},{\"@type\":\"WebSite\",\"@id\":\"https:\/\/nk7-testes.com.br\/agazeta\/#website\",\"url\":\"https:\/\/nk7-testes.com.br\/agazeta\/\",\"name\":\"Agazeta.net\",\"description\":\"Agazeta.net - Not\u00edcias de Rio Branco\/AC\",\"potentialAction\":[{\"@type\":\"SearchAction\",\"target\":{\"@type\":\"EntryPoint\",\"urlTemplate\":\"https:\/\/nk7-testes.com.br\/agazeta\/?s={search_term_string}\"},\"query-input\":{\"@type\":\"PropertyValueSpecification\",\"valueRequired\":true,\"valueName\":\"search_term_string\"}}],\"inLanguage\":\"pt-BR\"},{\"@type\":\"Person\",\"@id\":\"https:\/\/nk7-testes.com.br\/agazeta\/#\/schema\/person\/ff6b39d54d6973bfc57f4140f659b23f\",\"name\":\"Agazeta.Net\",\"url\":\"https:\/\/nk7-testes.com.br\/agazeta\/author\/agazeta\/\"}]}<\/script>\n<!-- \/ Yoast SEO plugin. -->","yoast_head_json":{"title":"Segundo estudo nacional, Rio Branco tem 62 \u00e1reas de risco \u00e0 popula\u00e7\u00e3o; entenda - Agazeta.net","robots":{"index":"index","follow":"follow","max-snippet":"max-snippet:-1","max-image-preview":"max-image-preview:large","max-video-preview":"max-video-preview:-1"},"canonical":"https:\/\/nk7-testes.com.br\/agazeta\/segundo-estudo-nacional-rio-branco-tem-62-areas-de-risco-a-populacao-entenda\/","og_locale":"pt_BR","og_type":"article","og_title":"Segundo estudo nacional, Rio Branco tem 62 \u00e1reas de risco \u00e0 popula\u00e7\u00e3o; entenda","og_description":"Os pontos cr\u00edticos s\u00e3o problemas como estradas, ruas e, at\u00e9 mesmo, desastres naturais","og_url":"https:\/\/nk7-testes.com.br\/agazeta\/segundo-estudo-nacional-rio-branco-tem-62-areas-de-risco-a-populacao-entenda\/","og_site_name":"Agazeta.net","article_published_time":"2023-12-07T21:48:26+00:00","og_image":[{"width":800,"height":403,"url":"https:\/\/nk7-testes.com.br\/agazeta\/wp-content\/uploads\/2023\/12\/WhatsApp-Image-2023-12-07-at-18.46.47.jpeg","type":"image\/jpeg"}],"author":"Agazeta.Net","twitter_card":"summary_large_image","twitter_misc":{"Escrito por":"Agazeta.Net","Est. tempo de leitura":"1 minuto"},"schema":{"@context":"https:\/\/schema.org","@graph":[{"@type":"WebPage","@id":"https:\/\/nk7-testes.com.br\/agazeta\/segundo-estudo-nacional-rio-branco-tem-62-areas-de-risco-a-populacao-entenda\/","url":"https:\/\/nk7-testes.com.br\/agazeta\/segundo-estudo-nacional-rio-branco-tem-62-areas-de-risco-a-populacao-entenda\/","name":"Segundo estudo nacional, Rio Branco tem 62 \u00e1reas de risco \u00e0 popula\u00e7\u00e3o; entenda - Agazeta.net","isPartOf":{"@id":"https:\/\/nk7-testes.com.br\/agazeta\/#website"},"primaryImageOfPage":{"@id":"https:\/\/nk7-testes.com.br\/agazeta\/segundo-estudo-nacional-rio-branco-tem-62-areas-de-risco-a-populacao-entenda\/#primaryimage"},"image":{"@id":"https:\/\/nk7-testes.com.br\/agazeta\/segundo-estudo-nacional-rio-branco-tem-62-areas-de-risco-a-populacao-entenda\/#primaryimage"},"thumbnailUrl":"https:\/\/nk7-testes.com.br\/agazeta\/wp-content\/uploads\/2023\/12\/WhatsApp-Image-2023-12-07-at-18.46.47.jpeg","datePublished":"2023-12-07T21:48:26+00:00","author":{"@id":"https:\/\/nk7-testes.com.br\/agazeta\/#\/schema\/person\/ff6b39d54d6973bfc57f4140f659b23f"},"breadcrumb":{"@id":"https:\/\/nk7-testes.com.br\/agazeta\/segundo-estudo-nacional-rio-branco-tem-62-areas-de-risco-a-populacao-entenda\/#breadcrumb"},"inLanguage":"pt-BR","potentialAction":[{"@type":"ReadAction","target":["https:\/\/nk7-testes.com.br\/agazeta\/segundo-estudo-nacional-rio-branco-tem-62-areas-de-risco-a-populacao-entenda\/"]}]},{"@type":"ImageObject","inLanguage":"pt-BR","@id":"https:\/\/nk7-testes.com.br\/agazeta\/segundo-estudo-nacional-rio-branco-tem-62-areas-de-risco-a-populacao-entenda\/#primaryimage","url":"https:\/\/nk7-testes.com.br\/agazeta\/wp-content\/uploads\/2023\/12\/WhatsApp-Image-2023-12-07-at-18.46.47.jpeg","contentUrl":"https:\/\/nk7-testes.com.br\/agazeta\/wp-content\/uploads\/2023\/12\/WhatsApp-Image-2023-12-07-at-18.46.47.jpeg","width":800,"height":403,"caption":"Foto: Consuela Gonzalez"},{"@type":"BreadcrumbList","@id":"https:\/\/nk7-testes.com.br\/agazeta\/segundo-estudo-nacional-rio-branco-tem-62-areas-de-risco-a-populacao-entenda\/#breadcrumb","itemListElement":[{"@type":"ListItem","position":1,"name":"In\u00edcio","item":"https:\/\/nk7-testes.com.br\/agazeta\/"},{"@type":"ListItem","position":2,"name":"Segundo estudo nacional, Rio Branco tem 62 \u00e1reas de risco \u00e0 popula\u00e7\u00e3o; entenda"}]},{"@type":"WebSite","@id":"https:\/\/nk7-testes.com.br\/agazeta\/#website","url":"https:\/\/nk7-testes.com.br\/agazeta\/","name":"Agazeta.net","description":"Agazeta.net - Not\u00edcias de Rio Branco\/AC","potentialAction":[{"@type":"SearchAction","target":{"@type":"EntryPoint","urlTemplate":"https:\/\/nk7-testes.com.br\/agazeta\/?s={search_term_string}"},"query-input":{"@type":"PropertyValueSpecification","valueRequired":true,"valueName":"search_term_string"}}],"inLanguage":"pt-BR"},{"@type":"Person","@id":"https:\/\/nk7-testes.com.br\/agazeta\/#\/schema\/person\/ff6b39d54d6973bfc57f4140f659b23f","name":"Agazeta.Net","url":"https:\/\/nk7-testes.com.br\/agazeta\/author\/agazeta\/"}]}},"_links":{"self":[{"href":"https:\/\/nk7-testes.com.br\/agazeta\/wp-json\/wp\/v2\/posts\/123311","targetHints":{"allow":["GET"]}}],"collection":[{"href":"https:\/\/nk7-testes.com.br\/agazeta\/wp-json\/wp\/v2\/posts"}],"about":[{"href":"https:\/\/nk7-testes.com.br\/agazeta\/wp-json\/wp\/v2\/types\/post"}],"author":[{"embeddable":true,"href":"https:\/\/nk7-testes.com.br\/agazeta\/wp-json\/wp\/v2\/users\/4"}],"replies":[{"embeddable":true,"href":"https:\/\/nk7-testes.com.br\/agazeta\/wp-json\/wp\/v2\/comments?post=123311"}],"version-history":[{"count":0,"href":"https:\/\/nk7-testes.com.br\/agazeta\/wp-json\/wp\/v2\/posts\/123311\/revisions"}],"wp:featuredmedia":[{"embeddable":true,"href":"https:\/\/nk7-testes.com.br\/agazeta\/wp-json\/wp\/v2\/media\/123313"}],"wp:attachment":[{"href":"https:\/\/nk7-testes.com.br\/agazeta\/wp-json\/wp\/v2\/media?parent=123311"}],"wp:term":[{"taxonomy":"category","embeddable":true,"href":"https:\/\/nk7-testes.com.br\/agazeta\/wp-json\/wp\/v2\/categories?post=123311"},{"taxonomy":"post_tag","embeddable":true,"href":"https:\/\/nk7-testes.com.br\/agazeta\/wp-json\/wp\/v2\/tags?post=123311"}],"curies":[{"name":"wp","href":"https:\/\/api.w.org\/{rel}","templated":true}]}}