{"id":123303,"date":"2023-12-07T15:14:16","date_gmt":"2023-12-07T20:14:16","guid":{"rendered":"https:\/\/abarevegan.com.br\/?p=123303"},"modified":"2023-12-07T22:51:56","modified_gmt":"2023-12-08T03:51:56","slug":"aumento-de-mais-14-na-energia-eletrica-do-acre-ja-comeca-valer-na-proxima-semana","status":"publish","type":"post","link":"https:\/\/nk7-testes.com.br\/agazeta\/aumento-de-mais-14-na-energia-eletrica-do-acre-ja-comeca-valer-na-proxima-semana\/","title":{"rendered":"Aumento de mais 14% na energia el\u00e9trica do Acre j\u00e1 come\u00e7a valer na pr\u00f3xima semana"},"content":{"rendered":"<p style=\"text-align: justify;\">O aumento de mais de 14% na conta de energia el\u00e9trica dos acreanos j\u00e1 passa a valer a partir do dia 13 de dezembro. Apesar do an\u00fancio do reajuste ter sido menor do que o esperado, o efeito que os consumidores podem sentir, de acordo com a Ag\u00eancia Nacional de Energia El\u00e9trica (Aneel), \u00e9 de 18,47%.<\/p>\n<p style=\"text-align: justify;\">Com a decis\u00e3o, mais de 280 mil consumidores v\u00e3o ser afetados pelo reajuste. A proposta inicial dada pela Aneel era de um aumento de 22,07% na tarifa da popula\u00e7\u00e3o acreana. Ap\u00f3s press\u00e3o popular e de parlamentares, a empresa decidiu diminuir o valor do reajuste que, ainda assim, pode impactar financeiro das pessoas.<\/p>\n<p style=\"text-align: justify;\">&#8220;Eu acho que \u00e9 uma medida muito pesada para a popula\u00e7\u00e3o, porque a gente vive de sal\u00e1rio e d\u00e1 mal para comprar rem\u00e9dio, alimenta\u00e7\u00e3o e a energia sai cara&#8221;, comenta o aposentado Humberto Ferreira.<\/p>\n<p style=\"text-align: justify;\">De acordo com a Ag\u00eancia, o reajuste teve de ser feito em raz\u00e3o de encargos setoriais, e, tamb\u00e9m, por causa dos custos que envolvem a distribui\u00e7\u00e3o de energia no Estado.<\/p>\n<p style=\"text-align: justify;\">&#8220;Atribu\u00edmos isso a uma jun\u00e7\u00e3o de grupos que fizeram o contraposto. A\u00ed tem o Procon, tem o Minist\u00e9rio P\u00fablico, tem o nosso conselho de consumidores, o Poder P\u00fablico e, claro, a nossa bancada de parlamentares que refor\u00e7aram uma tarifa mais barata&#8221;, destaca o presidente do Conselho Tarif\u00e1rio, Ivan Carvalho.<\/p>\n<p style=\"text-align: justify;\">Os moradores da capital n\u00e3o aprovam a medida. Qualquer percentual de reajuste no valor \u00e9 rejeitado pelos acreanos.<\/p>\n<p><em><strong>Com informa\u00e7\u00f5es do rep\u00f3rter Jo\u00e3o Cardoso para a TV Gazeta<\/strong><\/em><\/p>\n","protected":false},"excerpt":{"rendered":"<p>O aumento de mais de 14% na conta de energia el\u00e9trica dos acreanos j\u00e1 passa a valer a partir do dia 13 de dezembro. Apesar do an\u00fancio do reajuste ter sido menor do que o esperado, o efeito que os consumidores podem sentir, de acordo com a Ag\u00eancia Nacional de Energia El\u00e9trica (Aneel), \u00e9 de [&hellip;]<\/p>\n","protected":false},"author":4,"featured_media":123304,"comment_status":"open","ping_status":"open","sticky":false,"template":"","format":"standard","meta":{"jnews-multi-image_gallery":[],"jnews_single_post":{"source_name":"","source_url":"","via_name":"","via_url":"","override_template":"0","override":[{"template":"custom","single_blog_custom":"110746","parallax":"1","fullscreen":"1","layout":"right-sidebar","sidebar":"default-sidebar","second_sidebar":"default-sidebar","sticky_sidebar":"1","share_position":"top","share_float_style":"share-monocrhome","show_share_counter":"1","show_view_counter":"1","show_featured":"1","show_post_meta":"1","show_post_author":"1","show_post_author_image":"1","show_post_date":"1","post_date_format":"default","post_date_format_custom":"Y\/m\/d","show_post_category":"1","show_post_reading_time":"0","post_reading_time_wpm":"300","show_zoom_button":"0","zoom_button_out_step":"2","zoom_button_in_step":"3","show_post_tag":"1","show_prev_next_post":"1","show_popup_post":"1","number_popup_post":"1","show_author_box":"0","show_post_related":"1","show_inline_post_related":"0"}],"override_image_size":"0","image_override":[{"single_post_thumbnail_size":"crop-500","single_post_gallery_size":"crop-500"}],"trending_post":"0","trending_post_position":"meta","trending_post_label":"Trending","sponsored_post":"0","sponsored_post_label":"Sponsored by","sponsored_post_name":"","sponsored_post_url":"","sponsored_post_logo_enable":"0","sponsored_post_logo":"","sponsored_post_desc":"","disable_ad":"0"},"jnews_primary_category":{"id":"","hide":""},"jnews_social_meta":{"fb_title":"","fb_description":"","fb_image":"","twitter_title":"","twitter_description":"","twitter_image":""},"jnews_review":[],"enable_review":"0","type":"percentage","name":"","summary":"","brand":"","sku":"","good":[{"good_text":""}],"bad":[{"bad_text":""}],"score_override":"0","override_value":"","rating":[{"rating_text":"","rating_number":"10"}],"price":[{"shop":"","price":"","link":"","icon":""}],"footnotes":""},"categories":[54],"tags":[152],"class_list":["post-123303","post","type-post","status-publish","format-standard","has-post-thumbnail","hentry","category-cotidiano","tag-destaque"],"yoast_head":"<!-- This site is optimized with the Yoast SEO plugin v26.5 - https:\/\/yoast.com\/wordpress\/plugins\/seo\/ -->\n<title>Aumento de mais 14% na energia el\u00e9trica do Acre j\u00e1 come\u00e7a valer na pr\u00f3xima semana - Agazeta.net<\/title>\n<meta name=\"robots\" content=\"index, follow, max-snippet:-1, max-image-preview:large, max-video-preview:-1\" \/>\n<link rel=\"canonical\" href=\"https:\/\/nk7-testes.com.br\/agazeta\/aumento-de-mais-14-na-energia-eletrica-do-acre-ja-comeca-valer-na-proxima-semana\/\" \/>\n<meta property=\"og:locale\" content=\"pt_BR\" \/>\n<meta property=\"og:type\" content=\"article\" \/>\n<meta property=\"og:title\" content=\"Aumento de mais 14% na energia el\u00e9trica do Acre j\u00e1 come\u00e7a valer na pr\u00f3xima semana\" \/>\n<meta property=\"og:description\" content=\"Com a decis\u00e3o, mais de 280 mil consumidores v\u00e3o ser afetados pelo reajuste\" \/>\n<meta property=\"og:url\" content=\"https:\/\/nk7-testes.com.br\/agazeta\/aumento-de-mais-14-na-energia-eletrica-do-acre-ja-comeca-valer-na-proxima-semana\/\" \/>\n<meta property=\"og:site_name\" content=\"Agazeta.net\" \/>\n<meta property=\"article:published_time\" content=\"2023-12-07T20:14:16+00:00\" \/>\n<meta property=\"article:modified_time\" content=\"2023-12-08T03:51:56+00:00\" \/>\n<meta property=\"og:image\" content=\"https:\/\/nk7-testes.com.br\/agazeta\/wp-content\/uploads\/2023\/12\/aparelhos-que-mais-consomem-energia-1000x675-1.jpg\" \/>\n\t<meta property=\"og:image:width\" content=\"800\" \/>\n\t<meta property=\"og:image:height\" content=\"405\" \/>\n\t<meta property=\"og:image:type\" content=\"image\/jpeg\" \/>\n<meta name=\"author\" content=\"Agazeta.Net\" \/>\n<meta name=\"twitter:card\" content=\"summary_large_image\" \/>\n<meta name=\"twitter:label1\" content=\"Escrito por\" \/>\n\t<meta name=\"twitter:data1\" content=\"Agazeta.Net\" \/>\n\t<meta name=\"twitter:label2\" content=\"Est. tempo de leitura\" \/>\n\t<meta name=\"twitter:data2\" content=\"1 minuto\" \/>\n<script type=\"application\/ld+json\" class=\"yoast-schema-graph\">{\"@context\":\"https:\/\/schema.org\",\"@graph\":[{\"@type\":\"WebPage\",\"@id\":\"https:\/\/nk7-testes.com.br\/agazeta\/aumento-de-mais-14-na-energia-eletrica-do-acre-ja-comeca-valer-na-proxima-semana\/\",\"url\":\"https:\/\/nk7-testes.com.br\/agazeta\/aumento-de-mais-14-na-energia-eletrica-do-acre-ja-comeca-valer-na-proxima-semana\/\",\"name\":\"Aumento de mais 14% na energia el\u00e9trica do Acre j\u00e1 come\u00e7a valer na pr\u00f3xima semana - Agazeta.net\",\"isPartOf\":{\"@id\":\"https:\/\/nk7-testes.com.br\/agazeta\/#website\"},\"primaryImageOfPage\":{\"@id\":\"https:\/\/nk7-testes.com.br\/agazeta\/aumento-de-mais-14-na-energia-eletrica-do-acre-ja-comeca-valer-na-proxima-semana\/#primaryimage\"},\"image\":{\"@id\":\"https:\/\/nk7-testes.com.br\/agazeta\/aumento-de-mais-14-na-energia-eletrica-do-acre-ja-comeca-valer-na-proxima-semana\/#primaryimage\"},\"thumbnailUrl\":\"https:\/\/nk7-testes.com.br\/agazeta\/wp-content\/uploads\/2023\/12\/aparelhos-que-mais-consomem-energia-1000x675-1.jpg\",\"datePublished\":\"2023-12-07T20:14:16+00:00\",\"dateModified\":\"2023-12-08T03:51:56+00:00\",\"author\":{\"@id\":\"https:\/\/nk7-testes.com.br\/agazeta\/#\/schema\/person\/ff6b39d54d6973bfc57f4140f659b23f\"},\"breadcrumb\":{\"@id\":\"https:\/\/nk7-testes.com.br\/agazeta\/aumento-de-mais-14-na-energia-eletrica-do-acre-ja-comeca-valer-na-proxima-semana\/#breadcrumb\"},\"inLanguage\":\"pt-BR\",\"potentialAction\":[{\"@type\":\"ReadAction\",\"target\":[\"https:\/\/nk7-testes.com.br\/agazeta\/aumento-de-mais-14-na-energia-eletrica-do-acre-ja-comeca-valer-na-proxima-semana\/\"]}]},{\"@type\":\"ImageObject\",\"inLanguage\":\"pt-BR\",\"@id\":\"https:\/\/nk7-testes.com.br\/agazeta\/aumento-de-mais-14-na-energia-eletrica-do-acre-ja-comeca-valer-na-proxima-semana\/#primaryimage\",\"url\":\"https:\/\/nk7-testes.com.br\/agazeta\/wp-content\/uploads\/2023\/12\/aparelhos-que-mais-consomem-energia-1000x675-1.jpg\",\"contentUrl\":\"https:\/\/nk7-testes.com.br\/agazeta\/wp-content\/uploads\/2023\/12\/aparelhos-que-mais-consomem-energia-1000x675-1.jpg\",\"width\":800,\"height\":405,\"caption\":\"Imagem: Reprodu\u00e7\u00e3o\/Internet\"},{\"@type\":\"BreadcrumbList\",\"@id\":\"https:\/\/nk7-testes.com.br\/agazeta\/aumento-de-mais-14-na-energia-eletrica-do-acre-ja-comeca-valer-na-proxima-semana\/#breadcrumb\",\"itemListElement\":[{\"@type\":\"ListItem\",\"position\":1,\"name\":\"In\u00edcio\",\"item\":\"https:\/\/nk7-testes.com.br\/agazeta\/\"},{\"@type\":\"ListItem\",\"position\":2,\"name\":\"Aumento de mais 14% na energia el\u00e9trica do Acre j\u00e1 come\u00e7a valer na pr\u00f3xima semana\"}]},{\"@type\":\"WebSite\",\"@id\":\"https:\/\/nk7-testes.com.br\/agazeta\/#website\",\"url\":\"https:\/\/nk7-testes.com.br\/agazeta\/\",\"name\":\"Agazeta.net\",\"description\":\"Agazeta.net - Not\u00edcias de Rio Branco\/AC\",\"potentialAction\":[{\"@type\":\"SearchAction\",\"target\":{\"@type\":\"EntryPoint\",\"urlTemplate\":\"https:\/\/nk7-testes.com.br\/agazeta\/?s={search_term_string}\"},\"query-input\":{\"@type\":\"PropertyValueSpecification\",\"valueRequired\":true,\"valueName\":\"search_term_string\"}}],\"inLanguage\":\"pt-BR\"},{\"@type\":\"Person\",\"@id\":\"https:\/\/nk7-testes.com.br\/agazeta\/#\/schema\/person\/ff6b39d54d6973bfc57f4140f659b23f\",\"name\":\"Agazeta.Net\",\"url\":\"https:\/\/nk7-testes.com.br\/agazeta\/author\/agazeta\/\"}]}<\/script>\n<!-- \/ Yoast SEO plugin. -->","yoast_head_json":{"title":"Aumento de mais 14% na energia el\u00e9trica do Acre j\u00e1 come\u00e7a valer na pr\u00f3xima semana - Agazeta.net","robots":{"index":"index","follow":"follow","max-snippet":"max-snippet:-1","max-image-preview":"max-image-preview:large","max-video-preview":"max-video-preview:-1"},"canonical":"https:\/\/nk7-testes.com.br\/agazeta\/aumento-de-mais-14-na-energia-eletrica-do-acre-ja-comeca-valer-na-proxima-semana\/","og_locale":"pt_BR","og_type":"article","og_title":"Aumento de mais 14% na energia el\u00e9trica do Acre j\u00e1 come\u00e7a valer na pr\u00f3xima semana","og_description":"Com a decis\u00e3o, mais de 280 mil consumidores v\u00e3o ser afetados pelo reajuste","og_url":"https:\/\/nk7-testes.com.br\/agazeta\/aumento-de-mais-14-na-energia-eletrica-do-acre-ja-comeca-valer-na-proxima-semana\/","og_site_name":"Agazeta.net","article_published_time":"2023-12-07T20:14:16+00:00","article_modified_time":"2023-12-08T03:51:56+00:00","og_image":[{"width":800,"height":405,"url":"https:\/\/nk7-testes.com.br\/agazeta\/wp-content\/uploads\/2023\/12\/aparelhos-que-mais-consomem-energia-1000x675-1.jpg","type":"image\/jpeg"}],"author":"Agazeta.Net","twitter_card":"summary_large_image","twitter_misc":{"Escrito por":"Agazeta.Net","Est. tempo de leitura":"1 minuto"},"schema":{"@context":"https:\/\/schema.org","@graph":[{"@type":"WebPage","@id":"https:\/\/nk7-testes.com.br\/agazeta\/aumento-de-mais-14-na-energia-eletrica-do-acre-ja-comeca-valer-na-proxima-semana\/","url":"https:\/\/nk7-testes.com.br\/agazeta\/aumento-de-mais-14-na-energia-eletrica-do-acre-ja-comeca-valer-na-proxima-semana\/","name":"Aumento de mais 14% na energia el\u00e9trica do Acre j\u00e1 come\u00e7a valer na pr\u00f3xima semana - Agazeta.net","isPartOf":{"@id":"https:\/\/nk7-testes.com.br\/agazeta\/#website"},"primaryImageOfPage":{"@id":"https:\/\/nk7-testes.com.br\/agazeta\/aumento-de-mais-14-na-energia-eletrica-do-acre-ja-comeca-valer-na-proxima-semana\/#primaryimage"},"image":{"@id":"https:\/\/nk7-testes.com.br\/agazeta\/aumento-de-mais-14-na-energia-eletrica-do-acre-ja-comeca-valer-na-proxima-semana\/#primaryimage"},"thumbnailUrl":"https:\/\/nk7-testes.com.br\/agazeta\/wp-content\/uploads\/2023\/12\/aparelhos-que-mais-consomem-energia-1000x675-1.jpg","datePublished":"2023-12-07T20:14:16+00:00","dateModified":"2023-12-08T03:51:56+00:00","author":{"@id":"https:\/\/nk7-testes.com.br\/agazeta\/#\/schema\/person\/ff6b39d54d6973bfc57f4140f659b23f"},"breadcrumb":{"@id":"https:\/\/nk7-testes.com.br\/agazeta\/aumento-de-mais-14-na-energia-eletrica-do-acre-ja-comeca-valer-na-proxima-semana\/#breadcrumb"},"inLanguage":"pt-BR","potentialAction":[{"@type":"ReadAction","target":["https:\/\/nk7-testes.com.br\/agazeta\/aumento-de-mais-14-na-energia-eletrica-do-acre-ja-comeca-valer-na-proxima-semana\/"]}]},{"@type":"ImageObject","inLanguage":"pt-BR","@id":"https:\/\/nk7-testes.com.br\/agazeta\/aumento-de-mais-14-na-energia-eletrica-do-acre-ja-comeca-valer-na-proxima-semana\/#primaryimage","url":"https:\/\/nk7-testes.com.br\/agazeta\/wp-content\/uploads\/2023\/12\/aparelhos-que-mais-consomem-energia-1000x675-1.jpg","contentUrl":"https:\/\/nk7-testes.com.br\/agazeta\/wp-content\/uploads\/2023\/12\/aparelhos-que-mais-consomem-energia-1000x675-1.jpg","width":800,"height":405,"caption":"Imagem: Reprodu\u00e7\u00e3o\/Internet"},{"@type":"BreadcrumbList","@id":"https:\/\/nk7-testes.com.br\/agazeta\/aumento-de-mais-14-na-energia-eletrica-do-acre-ja-comeca-valer-na-proxima-semana\/#breadcrumb","itemListElement":[{"@type":"ListItem","position":1,"name":"In\u00edcio","item":"https:\/\/nk7-testes.com.br\/agazeta\/"},{"@type":"ListItem","position":2,"name":"Aumento de mais 14% na energia el\u00e9trica do Acre j\u00e1 come\u00e7a valer na pr\u00f3xima semana"}]},{"@type":"WebSite","@id":"https:\/\/nk7-testes.com.br\/agazeta\/#website","url":"https:\/\/nk7-testes.com.br\/agazeta\/","name":"Agazeta.net","description":"Agazeta.net - Not\u00edcias de Rio Branco\/AC","potentialAction":[{"@type":"SearchAction","target":{"@type":"EntryPoint","urlTemplate":"https:\/\/nk7-testes.com.br\/agazeta\/?s={search_term_string}"},"query-input":{"@type":"PropertyValueSpecification","valueRequired":true,"valueName":"search_term_string"}}],"inLanguage":"pt-BR"},{"@type":"Person","@id":"https:\/\/nk7-testes.com.br\/agazeta\/#\/schema\/person\/ff6b39d54d6973bfc57f4140f659b23f","name":"Agazeta.Net","url":"https:\/\/nk7-testes.com.br\/agazeta\/author\/agazeta\/"}]}},"_links":{"self":[{"href":"https:\/\/nk7-testes.com.br\/agazeta\/wp-json\/wp\/v2\/posts\/123303","targetHints":{"allow":["GET"]}}],"collection":[{"href":"https:\/\/nk7-testes.com.br\/agazeta\/wp-json\/wp\/v2\/posts"}],"about":[{"href":"https:\/\/nk7-testes.com.br\/agazeta\/wp-json\/wp\/v2\/types\/post"}],"author":[{"embeddable":true,"href":"https:\/\/nk7-testes.com.br\/agazeta\/wp-json\/wp\/v2\/users\/4"}],"replies":[{"embeddable":true,"href":"https:\/\/nk7-testes.com.br\/agazeta\/wp-json\/wp\/v2\/comments?post=123303"}],"version-history":[{"count":0,"href":"https:\/\/nk7-testes.com.br\/agazeta\/wp-json\/wp\/v2\/posts\/123303\/revisions"}],"wp:featuredmedia":[{"embeddable":true,"href":"https:\/\/nk7-testes.com.br\/agazeta\/wp-json\/wp\/v2\/media\/123304"}],"wp:attachment":[{"href":"https:\/\/nk7-testes.com.br\/agazeta\/wp-json\/wp\/v2\/media?parent=123303"}],"wp:term":[{"taxonomy":"category","embeddable":true,"href":"https:\/\/nk7-testes.com.br\/agazeta\/wp-json\/wp\/v2\/categories?post=123303"},{"taxonomy":"post_tag","embeddable":true,"href":"https:\/\/nk7-testes.com.br\/agazeta\/wp-json\/wp\/v2\/tags?post=123303"}],"curies":[{"name":"wp","href":"https:\/\/api.w.org\/{rel}","templated":true}]}}