{"id":123268,"date":"2023-12-07T10:40:58","date_gmt":"2023-12-07T15:40:58","guid":{"rendered":"https:\/\/abarevegan.com.br\/?p=123268"},"modified":"2023-12-07T10:40:58","modified_gmt":"2023-12-07T15:40:58","slug":"gabriela-camara-acusa-antonia-lucia-de-sequestrar-as-filhas-e-mante-las-em-carcere-privado","status":"publish","type":"post","link":"https:\/\/nk7-testes.com.br\/agazeta\/gabriela-camara-acusa-antonia-lucia-de-sequestrar-as-filhas-e-mante-las-em-carcere-privado\/","title":{"rendered":"Gabriela C\u00e2mara acusa Ant\u00f4nia L\u00facia de sequestrar as filhas e mant\u00ea-las em c\u00e1rcere privado"},"content":{"rendered":"<p style=\"text-align: justify;\">Ap\u00f3s uma s\u00e9rie de eventos envolvendo as acusa\u00e7\u00f5es feitas pela deputada federal Ant\u00f5nia L\u00facia (Republicanos) contra o empres\u00e1rio e tamb\u00e9m genro da parlamentar, Cristian Morais, Gabriela C\u00e2mara,\u00a0 se manifestou na manh\u00e3 desta quinta-feira atrav\u00e9s das redes sociais.<\/p>\n<p style=\"text-align: justify;\">Diante da acusa\u00e7\u00e3o de abuso sexual contra as netas da parlamentar, Gabriela Camara disse que suas filhas foram sequestradas e est\u00e3o em c\u00e1rcere privado.<\/p>\n<p style=\"text-align: justify;\">Ainda de acordo com a m\u00e3e das crian\u00e7as, h\u00e1 oito meses o casal sofre ataques impiedosos. Na ocasi\u00e3o, Gabriela diz que evitou se afastar publicamente , pelo fato dos ataques partirem de sua pr\u00f3pria m\u00e3e. A filha da parlamentar, tamb\u00e9m indicou que Ant\u00f4nia L\u00facia tinha como objetivo atingir\u00a0 atividades pol\u00edticas em que ela estava envolvida, e tamb\u00e9m o Governo em que est\u00e1 inserida.<\/p>\n<p style=\"text-align: justify;\">Em nota, Gabriela C\u00e2mara tamb\u00e9m diz que as acusa\u00e7\u00f5es foram feitas por algu\u00e9m que tem problemas psicol\u00f3gicos, de equil\u00edbrio e ci\u00fames. Tamb\u00e9m indicou o consumo de medicamentos controlados de sua m\u00e3e\u00a0 e que Cristian Morais \u00e9 inocente.<\/p>\n<p style=\"text-align: justify;\">Por fim, destaca que as medidas judiciais est\u00e3o sendo tomadas\u00a0 e que a justi\u00e7a ser\u00e1 feita.<\/p>\n<p style=\"text-align: justify;\"><em>Pronunciamento:\u00a0<\/em><\/p>\n<p style=\"text-align: justify;\">A v\u00edtima de toda essa hist\u00f3ria sou eu: Gabriela C\u00e2mara<\/p>\n<p>Minhas filhas foram sequestradas e est\u00e3o em c\u00e1rcere privado.<\/p>\n<p>Nesta quinta-feira, fui surpreendida com diversas mat\u00e9rias absurdas envolvendo o meu nome, do meu marido, do meu sogro, de minha m\u00e3e e das minhas filhas.<\/p>\n<p>Al\u00e9m das mat\u00e9rias, tive a infelicidade de ler as publica\u00e7\u00f5es e os coment\u00e1rios acusat\u00f3rios nas redes sociais dos envolvidos, todos envolvendo a minha pessoa e de meu esposo, Cristian Sales.<\/p>\n<p>Faz 08 meses que estamos sofrendo esses ataques impiedosos. Evitei me manifestar publicamente, porque os ataques partiram de minha m\u00e3e, Deputada Federal Ant\u00f4nia L\u00facia, com objetivo de atingir \u00e0 minha atividade p\u00fablica e o Governo a que eu estou servindo com imensa honra, referente a sua mais importante pol\u00edtica p\u00fablica de Regulariza\u00e7\u00e3o Fundi\u00e1ria, garantindo justi\u00e7a social.<\/p>\n<p>N\u00e3o queria expor a intimidade da minha fam\u00edlia, mesmo porque sei dos problemas psicol\u00f3gicos de quem nos ataca. Esse situa\u00e7\u00e3o parte de uma pessoa desequilibrada que faz o uso de elevadas doses de medicamentos psicotr\u00f3picos.<\/p>\n<p>Em verdade, toda essa hist\u00f3ria fantasiosa busca esconder apenas uma situa\u00e7\u00e3o, o sequestro de minhas filhas.<\/p>\n<p>Estou impossibilitada de ver minhas filhas desde o in\u00edcio do corrente ano, decorrente do ci\u00fame possessivo de minha m\u00e3e, que atualmente \u00e0s mant\u00e9m em c\u00e1rcere privado.<\/p>\n<p>Somos v\u00edtimas, Cristian \u00e9 inocente, tudo isso est\u00e1 acontecendo somem pelo fato de acreditar e contribuir em um projeto pol\u00edtico de um grupo que n\u00e3o \u00e9 o da prefer\u00eancia da deputada federal Antonia L\u00facia.<\/p>\n<p>A leg\u00edtima titular da Guarda de minhas filhas, por senten\u00e7a judicial. \u00c9 unilateralmente minha. Por tanto elas foram sequestrada.<\/p>\n<p>No mais, j\u00e1 estamos tomando as medidas judiciais cab\u00edveis, em breve tudo se solucionar\u00e1 e a justi\u00e7a ser\u00e1 feita.<br \/>\n\u00c9 o que tenho para informar ao querido povo Acreano.<\/p>\n<p>Em anexo documento da decis\u00e3o judicial da guarda.<\/p>\n<p>&nbsp;<\/p>\n<p><img decoding=\"async\" class=\"aligncenter wp-image-123277 \" src=\"https:\/\/nk7-testes.com.br\/wp-content\/uploads\/2023\/12\/WhatsApp-Image-2023-12-07-at-12.37.20-1.jpeg\" alt=\"\" width=\"544\" height=\"529\" srcset=\"https:\/\/nk7-testes.com.br\/agazeta\/wp-content\/uploads\/2023\/12\/WhatsApp-Image-2023-12-07-at-12.37.20-1.jpeg 640w, https:\/\/nk7-testes.com.br\/agazeta\/wp-content\/uploads\/2023\/12\/WhatsApp-Image-2023-12-07-at-12.37.20-1-300x292.jpeg 300w\" sizes=\"(max-width: 544px) 100vw, 544px\" \/><\/p>\n","protected":false},"excerpt":{"rendered":"<p>Ap\u00f3s uma s\u00e9rie de eventos envolvendo as acusa\u00e7\u00f5es feitas pela deputada federal Ant\u00f5nia L\u00facia (Republicanos) contra o empres\u00e1rio e tamb\u00e9m genro da parlamentar, Cristian Morais, Gabriela C\u00e2mara,\u00a0 se manifestou na manh\u00e3 desta quinta-feira atrav\u00e9s das redes sociais. Diante da acusa\u00e7\u00e3o de abuso sexual contra as netas da parlamentar, Gabriela Camara disse que suas filhas foram [&hellip;]<\/p>\n","protected":false},"author":4,"featured_media":123276,"comment_status":"open","ping_status":"open","sticky":false,"template":"","format":"standard","meta":{"jnews-multi-image_gallery":[],"jnews_single_post":{"source_name":"","source_url":"","via_name":"","via_url":"","override_template":"0","override":[{"template":"custom","single_blog_custom":"110746","parallax":"1","fullscreen":"1","layout":"right-sidebar","sidebar":"default-sidebar","second_sidebar":"default-sidebar","sticky_sidebar":"1","share_position":"top","share_float_style":"share-monocrhome","show_share_counter":"1","show_view_counter":"1","show_featured":"1","show_post_meta":"1","show_post_author":"1","show_post_author_image":"1","show_post_date":"1","post_date_format":"default","post_date_format_custom":"Y\/m\/d","show_post_category":"1","show_post_reading_time":"0","post_reading_time_wpm":"300","show_zoom_button":"0","zoom_button_out_step":"2","zoom_button_in_step":"3","show_post_tag":"1","show_prev_next_post":"1","show_popup_post":"1","number_popup_post":"1","show_author_box":"0","show_post_related":"1","show_inline_post_related":"0"}],"override_image_size":"0","image_override":[{"single_post_thumbnail_size":"crop-500","single_post_gallery_size":"crop-500"}],"trending_post":"0","trending_post_position":"meta","trending_post_label":"Trending","sponsored_post":"0","sponsored_post_label":"Sponsored by","sponsored_post_name":"","sponsored_post_url":"","sponsored_post_logo_enable":"0","sponsored_post_logo":"","sponsored_post_desc":"","disable_ad":"0"},"jnews_primary_category":{"id":"","hide":""},"jnews_social_meta":{"fb_title":"","fb_description":"","fb_image":"","twitter_title":"","twitter_description":"","twitter_image":""},"jnews_review":[],"enable_review":"0","type":"percentage","name":"","summary":"","brand":"","sku":"","good":[{"good_text":""}],"bad":[{"bad_text":""}],"score_override":"0","override_value":"","rating":[{"rating_text":"","rating_number":"10"}],"price":[{"shop":"","price":"","link":"","icon":""}],"footnotes":""},"categories":[54],"tags":[],"class_list":["post-123268","post","type-post","status-publish","format-standard","has-post-thumbnail","hentry","category-cotidiano"],"yoast_head":"<!-- This site is optimized with the Yoast SEO plugin v26.5 - https:\/\/yoast.com\/wordpress\/plugins\/seo\/ -->\n<title>Gabriela C\u00e2mara acusa Ant\u00f4nia L\u00facia de sequestrar as filhas e mant\u00ea-las em c\u00e1rcere privado - Agazeta.net<\/title>\n<meta name=\"robots\" content=\"index, follow, max-snippet:-1, max-image-preview:large, max-video-preview:-1\" \/>\n<link rel=\"canonical\" href=\"https:\/\/nk7-testes.com.br\/agazeta\/gabriela-camara-acusa-antonia-lucia-de-sequestrar-as-filhas-e-mante-las-em-carcere-privado\/\" \/>\n<meta property=\"og:locale\" content=\"pt_BR\" \/>\n<meta property=\"og:type\" content=\"article\" \/>\n<meta property=\"og:title\" content=\"Gabriela C\u00e2mara acusa Ant\u00f4nia L\u00facia de sequestrar as filhas e mant\u00ea-las em c\u00e1rcere privado\" \/>\n<meta property=\"og:description\" content=\"Filha da parlamentar se manifestou em rede social\" \/>\n<meta property=\"og:url\" content=\"https:\/\/nk7-testes.com.br\/agazeta\/gabriela-camara-acusa-antonia-lucia-de-sequestrar-as-filhas-e-mante-las-em-carcere-privado\/\" \/>\n<meta property=\"og:site_name\" content=\"Agazeta.net\" \/>\n<meta property=\"article:published_time\" content=\"2023-12-07T15:40:58+00:00\" \/>\n<meta property=\"og:image\" content=\"https:\/\/nk7-testes.com.br\/agazeta\/wp-content\/uploads\/2023\/12\/WhatsApp-Image-2023-12-07-at-12.36.53.jpeg\" \/>\n\t<meta property=\"og:image:width\" content=\"800\" \/>\n\t<meta property=\"og:image:height\" content=\"408\" \/>\n\t<meta property=\"og:image:type\" content=\"image\/jpeg\" \/>\n<meta name=\"author\" content=\"Agazeta.Net\" \/>\n<meta name=\"twitter:card\" content=\"summary_large_image\" \/>\n<meta name=\"twitter:label1\" content=\"Escrito por\" \/>\n\t<meta name=\"twitter:data1\" content=\"Agazeta.Net\" \/>\n\t<meta name=\"twitter:label2\" content=\"Est. tempo de leitura\" \/>\n\t<meta name=\"twitter:data2\" content=\"3 minutos\" \/>\n<script type=\"application\/ld+json\" class=\"yoast-schema-graph\">{\"@context\":\"https:\/\/schema.org\",\"@graph\":[{\"@type\":\"WebPage\",\"@id\":\"https:\/\/nk7-testes.com.br\/agazeta\/gabriela-camara-acusa-antonia-lucia-de-sequestrar-as-filhas-e-mante-las-em-carcere-privado\/\",\"url\":\"https:\/\/nk7-testes.com.br\/agazeta\/gabriela-camara-acusa-antonia-lucia-de-sequestrar-as-filhas-e-mante-las-em-carcere-privado\/\",\"name\":\"Gabriela C\u00e2mara acusa Ant\u00f4nia L\u00facia de sequestrar as filhas e mant\u00ea-las em c\u00e1rcere privado - Agazeta.net\",\"isPartOf\":{\"@id\":\"https:\/\/nk7-testes.com.br\/agazeta\/#website\"},\"primaryImageOfPage\":{\"@id\":\"https:\/\/nk7-testes.com.br\/agazeta\/gabriela-camara-acusa-antonia-lucia-de-sequestrar-as-filhas-e-mante-las-em-carcere-privado\/#primaryimage\"},\"image\":{\"@id\":\"https:\/\/nk7-testes.com.br\/agazeta\/gabriela-camara-acusa-antonia-lucia-de-sequestrar-as-filhas-e-mante-las-em-carcere-privado\/#primaryimage\"},\"thumbnailUrl\":\"https:\/\/nk7-testes.com.br\/agazeta\/wp-content\/uploads\/2023\/12\/WhatsApp-Image-2023-12-07-at-12.36.53.jpeg\",\"datePublished\":\"2023-12-07T15:40:58+00:00\",\"author\":{\"@id\":\"https:\/\/nk7-testes.com.br\/agazeta\/#\/schema\/person\/ff6b39d54d6973bfc57f4140f659b23f\"},\"breadcrumb\":{\"@id\":\"https:\/\/nk7-testes.com.br\/agazeta\/gabriela-camara-acusa-antonia-lucia-de-sequestrar-as-filhas-e-mante-las-em-carcere-privado\/#breadcrumb\"},\"inLanguage\":\"pt-BR\",\"potentialAction\":[{\"@type\":\"ReadAction\",\"target\":[\"https:\/\/nk7-testes.com.br\/agazeta\/gabriela-camara-acusa-antonia-lucia-de-sequestrar-as-filhas-e-mante-las-em-carcere-privado\/\"]}]},{\"@type\":\"ImageObject\",\"inLanguage\":\"pt-BR\",\"@id\":\"https:\/\/nk7-testes.com.br\/agazeta\/gabriela-camara-acusa-antonia-lucia-de-sequestrar-as-filhas-e-mante-las-em-carcere-privado\/#primaryimage\",\"url\":\"https:\/\/nk7-testes.com.br\/agazeta\/wp-content\/uploads\/2023\/12\/WhatsApp-Image-2023-12-07-at-12.36.53.jpeg\",\"contentUrl\":\"https:\/\/nk7-testes.com.br\/agazeta\/wp-content\/uploads\/2023\/12\/WhatsApp-Image-2023-12-07-at-12.36.53.jpeg\",\"width\":800,\"height\":408},{\"@type\":\"BreadcrumbList\",\"@id\":\"https:\/\/nk7-testes.com.br\/agazeta\/gabriela-camara-acusa-antonia-lucia-de-sequestrar-as-filhas-e-mante-las-em-carcere-privado\/#breadcrumb\",\"itemListElement\":[{\"@type\":\"ListItem\",\"position\":1,\"name\":\"In\u00edcio\",\"item\":\"https:\/\/nk7-testes.com.br\/agazeta\/\"},{\"@type\":\"ListItem\",\"position\":2,\"name\":\"Gabriela C\u00e2mara acusa Ant\u00f4nia L\u00facia de sequestrar as filhas e mant\u00ea-las em c\u00e1rcere privado\"}]},{\"@type\":\"WebSite\",\"@id\":\"https:\/\/nk7-testes.com.br\/agazeta\/#website\",\"url\":\"https:\/\/nk7-testes.com.br\/agazeta\/\",\"name\":\"Agazeta.net\",\"description\":\"Agazeta.net - Not\u00edcias de Rio Branco\/AC\",\"potentialAction\":[{\"@type\":\"SearchAction\",\"target\":{\"@type\":\"EntryPoint\",\"urlTemplate\":\"https:\/\/nk7-testes.com.br\/agazeta\/?s={search_term_string}\"},\"query-input\":{\"@type\":\"PropertyValueSpecification\",\"valueRequired\":true,\"valueName\":\"search_term_string\"}}],\"inLanguage\":\"pt-BR\"},{\"@type\":\"Person\",\"@id\":\"https:\/\/nk7-testes.com.br\/agazeta\/#\/schema\/person\/ff6b39d54d6973bfc57f4140f659b23f\",\"name\":\"Agazeta.Net\",\"url\":\"https:\/\/nk7-testes.com.br\/agazeta\/author\/agazeta\/\"}]}<\/script>\n<!-- \/ Yoast SEO plugin. -->","yoast_head_json":{"title":"Gabriela C\u00e2mara acusa Ant\u00f4nia L\u00facia de sequestrar as filhas e mant\u00ea-las em c\u00e1rcere privado - Agazeta.net","robots":{"index":"index","follow":"follow","max-snippet":"max-snippet:-1","max-image-preview":"max-image-preview:large","max-video-preview":"max-video-preview:-1"},"canonical":"https:\/\/nk7-testes.com.br\/agazeta\/gabriela-camara-acusa-antonia-lucia-de-sequestrar-as-filhas-e-mante-las-em-carcere-privado\/","og_locale":"pt_BR","og_type":"article","og_title":"Gabriela C\u00e2mara acusa Ant\u00f4nia L\u00facia de sequestrar as filhas e mant\u00ea-las em c\u00e1rcere privado","og_description":"Filha da parlamentar se manifestou em rede social","og_url":"https:\/\/nk7-testes.com.br\/agazeta\/gabriela-camara-acusa-antonia-lucia-de-sequestrar-as-filhas-e-mante-las-em-carcere-privado\/","og_site_name":"Agazeta.net","article_published_time":"2023-12-07T15:40:58+00:00","og_image":[{"width":800,"height":408,"url":"https:\/\/nk7-testes.com.br\/agazeta\/wp-content\/uploads\/2023\/12\/WhatsApp-Image-2023-12-07-at-12.36.53.jpeg","type":"image\/jpeg"}],"author":"Agazeta.Net","twitter_card":"summary_large_image","twitter_misc":{"Escrito por":"Agazeta.Net","Est. tempo de leitura":"3 minutos"},"schema":{"@context":"https:\/\/schema.org","@graph":[{"@type":"WebPage","@id":"https:\/\/nk7-testes.com.br\/agazeta\/gabriela-camara-acusa-antonia-lucia-de-sequestrar-as-filhas-e-mante-las-em-carcere-privado\/","url":"https:\/\/nk7-testes.com.br\/agazeta\/gabriela-camara-acusa-antonia-lucia-de-sequestrar-as-filhas-e-mante-las-em-carcere-privado\/","name":"Gabriela C\u00e2mara acusa Ant\u00f4nia L\u00facia de sequestrar as filhas e mant\u00ea-las em c\u00e1rcere privado - Agazeta.net","isPartOf":{"@id":"https:\/\/nk7-testes.com.br\/agazeta\/#website"},"primaryImageOfPage":{"@id":"https:\/\/nk7-testes.com.br\/agazeta\/gabriela-camara-acusa-antonia-lucia-de-sequestrar-as-filhas-e-mante-las-em-carcere-privado\/#primaryimage"},"image":{"@id":"https:\/\/nk7-testes.com.br\/agazeta\/gabriela-camara-acusa-antonia-lucia-de-sequestrar-as-filhas-e-mante-las-em-carcere-privado\/#primaryimage"},"thumbnailUrl":"https:\/\/nk7-testes.com.br\/agazeta\/wp-content\/uploads\/2023\/12\/WhatsApp-Image-2023-12-07-at-12.36.53.jpeg","datePublished":"2023-12-07T15:40:58+00:00","author":{"@id":"https:\/\/nk7-testes.com.br\/agazeta\/#\/schema\/person\/ff6b39d54d6973bfc57f4140f659b23f"},"breadcrumb":{"@id":"https:\/\/nk7-testes.com.br\/agazeta\/gabriela-camara-acusa-antonia-lucia-de-sequestrar-as-filhas-e-mante-las-em-carcere-privado\/#breadcrumb"},"inLanguage":"pt-BR","potentialAction":[{"@type":"ReadAction","target":["https:\/\/nk7-testes.com.br\/agazeta\/gabriela-camara-acusa-antonia-lucia-de-sequestrar-as-filhas-e-mante-las-em-carcere-privado\/"]}]},{"@type":"ImageObject","inLanguage":"pt-BR","@id":"https:\/\/nk7-testes.com.br\/agazeta\/gabriela-camara-acusa-antonia-lucia-de-sequestrar-as-filhas-e-mante-las-em-carcere-privado\/#primaryimage","url":"https:\/\/nk7-testes.com.br\/agazeta\/wp-content\/uploads\/2023\/12\/WhatsApp-Image-2023-12-07-at-12.36.53.jpeg","contentUrl":"https:\/\/nk7-testes.com.br\/agazeta\/wp-content\/uploads\/2023\/12\/WhatsApp-Image-2023-12-07-at-12.36.53.jpeg","width":800,"height":408},{"@type":"BreadcrumbList","@id":"https:\/\/nk7-testes.com.br\/agazeta\/gabriela-camara-acusa-antonia-lucia-de-sequestrar-as-filhas-e-mante-las-em-carcere-privado\/#breadcrumb","itemListElement":[{"@type":"ListItem","position":1,"name":"In\u00edcio","item":"https:\/\/nk7-testes.com.br\/agazeta\/"},{"@type":"ListItem","position":2,"name":"Gabriela C\u00e2mara acusa Ant\u00f4nia L\u00facia de sequestrar as filhas e mant\u00ea-las em c\u00e1rcere privado"}]},{"@type":"WebSite","@id":"https:\/\/nk7-testes.com.br\/agazeta\/#website","url":"https:\/\/nk7-testes.com.br\/agazeta\/","name":"Agazeta.net","description":"Agazeta.net - Not\u00edcias de Rio Branco\/AC","potentialAction":[{"@type":"SearchAction","target":{"@type":"EntryPoint","urlTemplate":"https:\/\/nk7-testes.com.br\/agazeta\/?s={search_term_string}"},"query-input":{"@type":"PropertyValueSpecification","valueRequired":true,"valueName":"search_term_string"}}],"inLanguage":"pt-BR"},{"@type":"Person","@id":"https:\/\/nk7-testes.com.br\/agazeta\/#\/schema\/person\/ff6b39d54d6973bfc57f4140f659b23f","name":"Agazeta.Net","url":"https:\/\/nk7-testes.com.br\/agazeta\/author\/agazeta\/"}]}},"_links":{"self":[{"href":"https:\/\/nk7-testes.com.br\/agazeta\/wp-json\/wp\/v2\/posts\/123268","targetHints":{"allow":["GET"]}}],"collection":[{"href":"https:\/\/nk7-testes.com.br\/agazeta\/wp-json\/wp\/v2\/posts"}],"about":[{"href":"https:\/\/nk7-testes.com.br\/agazeta\/wp-json\/wp\/v2\/types\/post"}],"author":[{"embeddable":true,"href":"https:\/\/nk7-testes.com.br\/agazeta\/wp-json\/wp\/v2\/users\/4"}],"replies":[{"embeddable":true,"href":"https:\/\/nk7-testes.com.br\/agazeta\/wp-json\/wp\/v2\/comments?post=123268"}],"version-history":[{"count":0,"href":"https:\/\/nk7-testes.com.br\/agazeta\/wp-json\/wp\/v2\/posts\/123268\/revisions"}],"wp:featuredmedia":[{"embeddable":true,"href":"https:\/\/nk7-testes.com.br\/agazeta\/wp-json\/wp\/v2\/media\/123276"}],"wp:attachment":[{"href":"https:\/\/nk7-testes.com.br\/agazeta\/wp-json\/wp\/v2\/media?parent=123268"}],"wp:term":[{"taxonomy":"category","embeddable":true,"href":"https:\/\/nk7-testes.com.br\/agazeta\/wp-json\/wp\/v2\/categories?post=123268"},{"taxonomy":"post_tag","embeddable":true,"href":"https:\/\/nk7-testes.com.br\/agazeta\/wp-json\/wp\/v2\/tags?post=123268"}],"curies":[{"name":"wp","href":"https:\/\/api.w.org\/{rel}","templated":true}]}}