{"id":123260,"date":"2023-12-07T10:07:16","date_gmt":"2023-12-07T15:07:16","guid":{"rendered":"https:\/\/abarevegan.com.br\/?p=123260"},"modified":"2023-12-07T10:07:16","modified_gmt":"2023-12-07T15:07:16","slug":"apesar-da-reducao-feminicidio-no-acre-ainda-ainda-permanece-acima-da-media-nacional","status":"publish","type":"post","link":"https:\/\/nk7-testes.com.br\/agazeta\/apesar-da-reducao-feminicidio-no-acre-ainda-ainda-permanece-acima-da-media-nacional\/","title":{"rendered":"Apesar da redu\u00e7\u00e3o, fem\u00ednicidio no Acre ainda ainda permanece acima da m\u00e9dia nacional"},"content":{"rendered":"<p style=\"text-align: justify;\">O Minist\u00e9rio P\u00fablico do Estado do Acre (MPAC), apresentou\u00a0 para a TV GAZETA os n\u00fameros atualizados de casos de feminic\u00eddio no Acre em 2023. H\u00e1 dois anos, a institui\u00e7\u00e3o disponibiliza informa\u00e7\u00f5es detalhadas por meio do &#8220;Feminicid\u00f4metro&#8221; localizado na p\u00e1gina do MPAC.<\/p>\n<p style=\"text-align: justify;\">De acordo com a procuradora de Justi\u00e7a Criminal Patr\u00edcia R\u00eago, a ferramenta \u00e9 importante para dar transpar\u00eancia aos dados da viol\u00eancia de g\u00eanero, destacando o feminic\u00eddio.<\/p>\n<p style=\"text-align: justify;\">\u201cN\u00f3s sabemos que esse \u00e9 um crime grav\u00edssimo. Embora o Acre esteja caminhando bem no sentido de combate e diminui\u00e7\u00e3o do \u00edndice, ele ainda ostenta os altos n\u00edveis. N\u00f3s temos uma taxa de de feminic\u00eddio muito acima da m\u00e9dia nacional que j\u00e1 \u00e9 alta\u201d, diz a procuradora Patr\u00edcia R\u00eago.<\/p>\n<p style=\"text-align: justify;\">De acordo com o MP, em 2021 o Acre ocupava o primeiro lugar nas taxas de feminic\u00eddio no pa\u00eds, com 13 v\u00edtimas, o triplo da taxa nacional. J\u00e1 em 2022, o n\u00famero reduziu para 10 casos, al\u00e9m disso, em 2023 registrou 9 casos, levando o estado a terceira posi\u00e7\u00e3o no ranking nacional. A procuradora espera que as taxas se mantenham at\u00e9 o t\u00e9rmino deste ano.<\/p>\n<p style=\"text-align: justify;\">\u201cEssa ferramenta traz informa\u00e7\u00f5es muito importantes para os familiares das v\u00edtimas de feminic\u00eddio, para as autoridades e \u00f3rg\u00e3os p\u00fablicos\u00a0 buscarem\u00a0 estrat\u00e9gias e pol\u00edticas p\u00fablicas mais eficazes que visem o combate a esse crime, e tamb\u00e9m para o p\u00fablico e a imprensa de forma geral\u201d, afirma\u00a0 procuradora<\/p>\n<p style=\"text-align: justify;\">Segundo dados do MP, desde 2018 at\u00e9 o presente momento, mesmo que timidamente, os casos est\u00e3o reduzindo. Mas, a somat\u00f3ria de todos esses casos resulta ainda em 69 v\u00edtimas desde 2018, e 113 \u00f3rf\u00e3os\u00a0 \u00a0do feminic\u00eddio.<\/p>\n<p style=\"text-align: justify;\">\u201cN\u00f3s n\u00e3o estamos falando de n\u00fameros, estamos falando de vidas humanas de mulheres que morrem em casa, no seu lar. Em sua maioria, em torno de 98%, s\u00e3o mortas por seus companheiros, por seus namorados. Essas mulheres morrem na maioria das vezes no hor\u00e1rio do descanso, a noite, de madrugada, geralmente com utens\u00edlios que s\u00e3o dom\u00e9sticos, como facas armas brancas. Ent\u00e3o o feminic\u00eddio n\u00e3o \u00e9 um crime que acontece na rua por estranhos, \u00e9 um crime que ocorre dentro do lar\u201d, diz Patr\u00edcia R\u00eago<\/p>\n<p style=\"text-align: justify;\">Os \u00edndices mostram que grande parte das v\u00edtimas est\u00e3o na faixa et\u00e1ria de 20 a 24 anos, 83% delas de cor preta ou parda e 80% de baixa renda. O Minist\u00e9rio P\u00fablico destaca ainda o grande percentual de mortes de mulheres ind\u00edgenas no munic\u00edpio de Feij\u00f3, totalizando 40%.<\/p>\n<p style=\"text-align: justify;\">\n\u201cQue a gente possa denunciar essas agress\u00f5es, tem informa\u00e7\u00e3o importante nesses dados do feminic\u00eddio, de que apenas 10% das mulheres que morreram tinham medida protetiva, ent\u00e3o percebemos que a medida \u00e9 importante para resguardar a vida da mulher. Se voce conhece alguem que sofre viol\u00eancia dom\u00e9stica, se intrometa, esse n\u00e3o \u00e9 um assunto privado, \u00e9 um crime que gera morte\u201d, diz procuradora<\/p>\n<p style=\"text-align: justify;\">Canais de ajuda<br \/>\nDevemos ressaltar ainda que os casos de viol\u00eancia dom\u00e9stica n\u00e3o se limitam a agress\u00e3o f\u00edsica, ela pode ser identificada na forma de viol\u00eancia psicol\u00f3gica, viol\u00eancia patrimonial e viol\u00eancia moral. Sendo assim, mulheres que sofrem alguma das viol\u00eancias citadas devem procurar apoio e orienta\u00e7\u00e3o nos canais indicados.<\/p>\n<p style=\"text-align: justify;\">Procurar a Delegacia Especializada de Atendimento \u00e0 Mulher \u2013 (DEAM), (68) 3221-4799 ou a Delegacia mais pr\u00f3xima, entrar em contato com o disque Central de atendimento \u00e0 mulher 180, 190 da Pol\u00edcia Militar do Acre (PM-AC), ou celular e whatsapp do Centro de Atendimento \u00e0 V\u00edtima (CAV) 68 99993-4701, Secretaria de Estado da Mulher (Semulher), 68 99605-0657 e tamb\u00e9m Casa Rosa Mulher 68 3221-0826.<\/p>\n<p><em>Mat\u00e9ria feita em v\u00eddeo pela rep\u00f3rter Wanessa Sousa para a TV GAZETA<\/em><\/p>\n","protected":false},"excerpt":{"rendered":"<p>O Minist\u00e9rio P\u00fablico do Estado do Acre (MPAC), apresentou\u00a0 para a TV GAZETA os n\u00fameros atualizados de casos de feminic\u00eddio no Acre em 2023. H\u00e1 dois anos, a institui\u00e7\u00e3o disponibiliza informa\u00e7\u00f5es detalhadas por meio do &#8220;Feminicid\u00f4metro&#8221; localizado na p\u00e1gina do MPAC. De acordo com a procuradora de Justi\u00e7a Criminal Patr\u00edcia R\u00eago, a ferramenta \u00e9 importante [&hellip;]<\/p>\n","protected":false},"author":4,"featured_media":123264,"comment_status":"open","ping_status":"open","sticky":false,"template":"","format":"standard","meta":{"jnews-multi-image_gallery":[],"jnews_single_post":{"source_name":"","source_url":"","via_name":"","via_url":"","override_template":"0","override":[{"template":"custom","single_blog_custom":"110746","parallax":"1","fullscreen":"1","layout":"right-sidebar","sidebar":"default-sidebar","second_sidebar":"default-sidebar","sticky_sidebar":"1","share_position":"top","share_float_style":"share-monocrhome","show_share_counter":"1","show_view_counter":"1","show_featured":"1","show_post_meta":"1","show_post_author":"1","show_post_author_image":"1","show_post_date":"1","post_date_format":"default","post_date_format_custom":"Y\/m\/d","show_post_category":"1","show_post_reading_time":"0","post_reading_time_wpm":"300","show_zoom_button":"0","zoom_button_out_step":"2","zoom_button_in_step":"3","show_post_tag":"1","show_prev_next_post":"1","show_popup_post":"1","number_popup_post":"1","show_author_box":"0","show_post_related":"1","show_inline_post_related":"0"}],"override_image_size":"0","image_override":[{"single_post_thumbnail_size":"crop-500","single_post_gallery_size":"crop-500"}],"trending_post":"0","trending_post_position":"meta","trending_post_label":"Trending","sponsored_post":"0","sponsored_post_label":"Sponsored by","sponsored_post_name":"","sponsored_post_url":"","sponsored_post_logo_enable":"0","sponsored_post_logo":"","sponsored_post_desc":"","disable_ad":"0"},"jnews_primary_category":{"id":"","hide":""},"jnews_social_meta":{"fb_title":"","fb_description":"","fb_image":"","twitter_title":"","twitter_description":"","twitter_image":""},"jnews_review":[],"enable_review":"0","type":"percentage","name":"","summary":"","brand":"","sku":"","good":[{"good_text":""}],"bad":[{"bad_text":""}],"score_override":"0","override_value":"","rating":[{"rating_text":"","rating_number":"10"}],"price":[{"shop":"","price":"","link":"","icon":""}],"footnotes":""},"categories":[54],"tags":[],"class_list":["post-123260","post","type-post","status-publish","format-standard","has-post-thumbnail","hentry","category-cotidiano"],"yoast_head":"<!-- This site is optimized with the Yoast SEO plugin v26.5 - https:\/\/yoast.com\/wordpress\/plugins\/seo\/ -->\n<title>Apesar da redu\u00e7\u00e3o, fem\u00ednicidio no Acre ainda ainda permanece acima da m\u00e9dia nacional - Agazeta.net<\/title>\n<meta name=\"robots\" content=\"index, follow, max-snippet:-1, max-image-preview:large, max-video-preview:-1\" \/>\n<link rel=\"canonical\" href=\"https:\/\/nk7-testes.com.br\/agazeta\/apesar-da-reducao-feminicidio-no-acre-ainda-ainda-permanece-acima-da-media-nacional\/\" \/>\n<meta property=\"og:locale\" content=\"pt_BR\" \/>\n<meta property=\"og:type\" content=\"article\" \/>\n<meta property=\"og:title\" content=\"Apesar da redu\u00e7\u00e3o, fem\u00ednicidio no Acre ainda ainda permanece acima da m\u00e9dia nacional\" \/>\n<meta property=\"og:description\" content=\"Segundo dados, desde 2018 a viol\u00eancia dom\u00e9stica deixou 113 \u00f3rf\u00e3os\" \/>\n<meta property=\"og:url\" content=\"https:\/\/nk7-testes.com.br\/agazeta\/apesar-da-reducao-feminicidio-no-acre-ainda-ainda-permanece-acima-da-media-nacional\/\" \/>\n<meta property=\"og:site_name\" content=\"Agazeta.net\" \/>\n<meta property=\"article:published_time\" content=\"2023-12-07T15:07:16+00:00\" \/>\n<meta property=\"og:image\" content=\"https:\/\/nk7-testes.com.br\/agazeta\/wp-content\/uploads\/2023\/12\/WhatsApp-Image-2023-12-07-at-11.08.42.jpeg\" \/>\n\t<meta property=\"og:image:width\" content=\"800\" \/>\n\t<meta property=\"og:image:height\" content=\"399\" \/>\n\t<meta property=\"og:image:type\" content=\"image\/jpeg\" \/>\n<meta name=\"author\" content=\"Agazeta.Net\" \/>\n<meta name=\"twitter:card\" content=\"summary_large_image\" \/>\n<meta name=\"twitter:label1\" content=\"Escrito por\" \/>\n\t<meta name=\"twitter:data1\" content=\"Agazeta.Net\" \/>\n\t<meta name=\"twitter:label2\" content=\"Est. tempo de leitura\" \/>\n\t<meta name=\"twitter:data2\" content=\"3 minutos\" \/>\n<script type=\"application\/ld+json\" class=\"yoast-schema-graph\">{\"@context\":\"https:\/\/schema.org\",\"@graph\":[{\"@type\":\"WebPage\",\"@id\":\"https:\/\/nk7-testes.com.br\/agazeta\/apesar-da-reducao-feminicidio-no-acre-ainda-ainda-permanece-acima-da-media-nacional\/\",\"url\":\"https:\/\/nk7-testes.com.br\/agazeta\/apesar-da-reducao-feminicidio-no-acre-ainda-ainda-permanece-acima-da-media-nacional\/\",\"name\":\"Apesar da redu\u00e7\u00e3o, fem\u00ednicidio no Acre ainda ainda permanece acima da m\u00e9dia nacional - Agazeta.net\",\"isPartOf\":{\"@id\":\"https:\/\/nk7-testes.com.br\/agazeta\/#website\"},\"primaryImageOfPage\":{\"@id\":\"https:\/\/nk7-testes.com.br\/agazeta\/apesar-da-reducao-feminicidio-no-acre-ainda-ainda-permanece-acima-da-media-nacional\/#primaryimage\"},\"image\":{\"@id\":\"https:\/\/nk7-testes.com.br\/agazeta\/apesar-da-reducao-feminicidio-no-acre-ainda-ainda-permanece-acima-da-media-nacional\/#primaryimage\"},\"thumbnailUrl\":\"https:\/\/nk7-testes.com.br\/agazeta\/wp-content\/uploads\/2023\/12\/WhatsApp-Image-2023-12-07-at-11.08.42.jpeg\",\"datePublished\":\"2023-12-07T15:07:16+00:00\",\"author\":{\"@id\":\"https:\/\/nk7-testes.com.br\/agazeta\/#\/schema\/person\/ff6b39d54d6973bfc57f4140f659b23f\"},\"breadcrumb\":{\"@id\":\"https:\/\/nk7-testes.com.br\/agazeta\/apesar-da-reducao-feminicidio-no-acre-ainda-ainda-permanece-acima-da-media-nacional\/#breadcrumb\"},\"inLanguage\":\"pt-BR\",\"potentialAction\":[{\"@type\":\"ReadAction\",\"target\":[\"https:\/\/nk7-testes.com.br\/agazeta\/apesar-da-reducao-feminicidio-no-acre-ainda-ainda-permanece-acima-da-media-nacional\/\"]}]},{\"@type\":\"ImageObject\",\"inLanguage\":\"pt-BR\",\"@id\":\"https:\/\/nk7-testes.com.br\/agazeta\/apesar-da-reducao-feminicidio-no-acre-ainda-ainda-permanece-acima-da-media-nacional\/#primaryimage\",\"url\":\"https:\/\/nk7-testes.com.br\/agazeta\/wp-content\/uploads\/2023\/12\/WhatsApp-Image-2023-12-07-at-11.08.42.jpeg\",\"contentUrl\":\"https:\/\/nk7-testes.com.br\/agazeta\/wp-content\/uploads\/2023\/12\/WhatsApp-Image-2023-12-07-at-11.08.42.jpeg\",\"width\":800,\"height\":399},{\"@type\":\"BreadcrumbList\",\"@id\":\"https:\/\/nk7-testes.com.br\/agazeta\/apesar-da-reducao-feminicidio-no-acre-ainda-ainda-permanece-acima-da-media-nacional\/#breadcrumb\",\"itemListElement\":[{\"@type\":\"ListItem\",\"position\":1,\"name\":\"In\u00edcio\",\"item\":\"https:\/\/nk7-testes.com.br\/agazeta\/\"},{\"@type\":\"ListItem\",\"position\":2,\"name\":\"Apesar da redu\u00e7\u00e3o, fem\u00ednicidio no Acre ainda ainda permanece acima da m\u00e9dia nacional\"}]},{\"@type\":\"WebSite\",\"@id\":\"https:\/\/nk7-testes.com.br\/agazeta\/#website\",\"url\":\"https:\/\/nk7-testes.com.br\/agazeta\/\",\"name\":\"Agazeta.net\",\"description\":\"Agazeta.net - Not\u00edcias de Rio Branco\/AC\",\"potentialAction\":[{\"@type\":\"SearchAction\",\"target\":{\"@type\":\"EntryPoint\",\"urlTemplate\":\"https:\/\/nk7-testes.com.br\/agazeta\/?s={search_term_string}\"},\"query-input\":{\"@type\":\"PropertyValueSpecification\",\"valueRequired\":true,\"valueName\":\"search_term_string\"}}],\"inLanguage\":\"pt-BR\"},{\"@type\":\"Person\",\"@id\":\"https:\/\/nk7-testes.com.br\/agazeta\/#\/schema\/person\/ff6b39d54d6973bfc57f4140f659b23f\",\"name\":\"Agazeta.Net\",\"url\":\"https:\/\/nk7-testes.com.br\/agazeta\/author\/agazeta\/\"}]}<\/script>\n<!-- \/ Yoast SEO plugin. -->","yoast_head_json":{"title":"Apesar da redu\u00e7\u00e3o, fem\u00ednicidio no Acre ainda ainda permanece acima da m\u00e9dia nacional - Agazeta.net","robots":{"index":"index","follow":"follow","max-snippet":"max-snippet:-1","max-image-preview":"max-image-preview:large","max-video-preview":"max-video-preview:-1"},"canonical":"https:\/\/nk7-testes.com.br\/agazeta\/apesar-da-reducao-feminicidio-no-acre-ainda-ainda-permanece-acima-da-media-nacional\/","og_locale":"pt_BR","og_type":"article","og_title":"Apesar da redu\u00e7\u00e3o, fem\u00ednicidio no Acre ainda ainda permanece acima da m\u00e9dia nacional","og_description":"Segundo dados, desde 2018 a viol\u00eancia dom\u00e9stica deixou 113 \u00f3rf\u00e3os","og_url":"https:\/\/nk7-testes.com.br\/agazeta\/apesar-da-reducao-feminicidio-no-acre-ainda-ainda-permanece-acima-da-media-nacional\/","og_site_name":"Agazeta.net","article_published_time":"2023-12-07T15:07:16+00:00","og_image":[{"width":800,"height":399,"url":"https:\/\/nk7-testes.com.br\/agazeta\/wp-content\/uploads\/2023\/12\/WhatsApp-Image-2023-12-07-at-11.08.42.jpeg","type":"image\/jpeg"}],"author":"Agazeta.Net","twitter_card":"summary_large_image","twitter_misc":{"Escrito por":"Agazeta.Net","Est. tempo de leitura":"3 minutos"},"schema":{"@context":"https:\/\/schema.org","@graph":[{"@type":"WebPage","@id":"https:\/\/nk7-testes.com.br\/agazeta\/apesar-da-reducao-feminicidio-no-acre-ainda-ainda-permanece-acima-da-media-nacional\/","url":"https:\/\/nk7-testes.com.br\/agazeta\/apesar-da-reducao-feminicidio-no-acre-ainda-ainda-permanece-acima-da-media-nacional\/","name":"Apesar da redu\u00e7\u00e3o, fem\u00ednicidio no Acre ainda ainda permanece acima da m\u00e9dia nacional - Agazeta.net","isPartOf":{"@id":"https:\/\/nk7-testes.com.br\/agazeta\/#website"},"primaryImageOfPage":{"@id":"https:\/\/nk7-testes.com.br\/agazeta\/apesar-da-reducao-feminicidio-no-acre-ainda-ainda-permanece-acima-da-media-nacional\/#primaryimage"},"image":{"@id":"https:\/\/nk7-testes.com.br\/agazeta\/apesar-da-reducao-feminicidio-no-acre-ainda-ainda-permanece-acima-da-media-nacional\/#primaryimage"},"thumbnailUrl":"https:\/\/nk7-testes.com.br\/agazeta\/wp-content\/uploads\/2023\/12\/WhatsApp-Image-2023-12-07-at-11.08.42.jpeg","datePublished":"2023-12-07T15:07:16+00:00","author":{"@id":"https:\/\/nk7-testes.com.br\/agazeta\/#\/schema\/person\/ff6b39d54d6973bfc57f4140f659b23f"},"breadcrumb":{"@id":"https:\/\/nk7-testes.com.br\/agazeta\/apesar-da-reducao-feminicidio-no-acre-ainda-ainda-permanece-acima-da-media-nacional\/#breadcrumb"},"inLanguage":"pt-BR","potentialAction":[{"@type":"ReadAction","target":["https:\/\/nk7-testes.com.br\/agazeta\/apesar-da-reducao-feminicidio-no-acre-ainda-ainda-permanece-acima-da-media-nacional\/"]}]},{"@type":"ImageObject","inLanguage":"pt-BR","@id":"https:\/\/nk7-testes.com.br\/agazeta\/apesar-da-reducao-feminicidio-no-acre-ainda-ainda-permanece-acima-da-media-nacional\/#primaryimage","url":"https:\/\/nk7-testes.com.br\/agazeta\/wp-content\/uploads\/2023\/12\/WhatsApp-Image-2023-12-07-at-11.08.42.jpeg","contentUrl":"https:\/\/nk7-testes.com.br\/agazeta\/wp-content\/uploads\/2023\/12\/WhatsApp-Image-2023-12-07-at-11.08.42.jpeg","width":800,"height":399},{"@type":"BreadcrumbList","@id":"https:\/\/nk7-testes.com.br\/agazeta\/apesar-da-reducao-feminicidio-no-acre-ainda-ainda-permanece-acima-da-media-nacional\/#breadcrumb","itemListElement":[{"@type":"ListItem","position":1,"name":"In\u00edcio","item":"https:\/\/nk7-testes.com.br\/agazeta\/"},{"@type":"ListItem","position":2,"name":"Apesar da redu\u00e7\u00e3o, fem\u00ednicidio no Acre ainda ainda permanece acima da m\u00e9dia nacional"}]},{"@type":"WebSite","@id":"https:\/\/nk7-testes.com.br\/agazeta\/#website","url":"https:\/\/nk7-testes.com.br\/agazeta\/","name":"Agazeta.net","description":"Agazeta.net - Not\u00edcias de Rio Branco\/AC","potentialAction":[{"@type":"SearchAction","target":{"@type":"EntryPoint","urlTemplate":"https:\/\/nk7-testes.com.br\/agazeta\/?s={search_term_string}"},"query-input":{"@type":"PropertyValueSpecification","valueRequired":true,"valueName":"search_term_string"}}],"inLanguage":"pt-BR"},{"@type":"Person","@id":"https:\/\/nk7-testes.com.br\/agazeta\/#\/schema\/person\/ff6b39d54d6973bfc57f4140f659b23f","name":"Agazeta.Net","url":"https:\/\/nk7-testes.com.br\/agazeta\/author\/agazeta\/"}]}},"_links":{"self":[{"href":"https:\/\/nk7-testes.com.br\/agazeta\/wp-json\/wp\/v2\/posts\/123260","targetHints":{"allow":["GET"]}}],"collection":[{"href":"https:\/\/nk7-testes.com.br\/agazeta\/wp-json\/wp\/v2\/posts"}],"about":[{"href":"https:\/\/nk7-testes.com.br\/agazeta\/wp-json\/wp\/v2\/types\/post"}],"author":[{"embeddable":true,"href":"https:\/\/nk7-testes.com.br\/agazeta\/wp-json\/wp\/v2\/users\/4"}],"replies":[{"embeddable":true,"href":"https:\/\/nk7-testes.com.br\/agazeta\/wp-json\/wp\/v2\/comments?post=123260"}],"version-history":[{"count":0,"href":"https:\/\/nk7-testes.com.br\/agazeta\/wp-json\/wp\/v2\/posts\/123260\/revisions"}],"wp:featuredmedia":[{"embeddable":true,"href":"https:\/\/nk7-testes.com.br\/agazeta\/wp-json\/wp\/v2\/media\/123264"}],"wp:attachment":[{"href":"https:\/\/nk7-testes.com.br\/agazeta\/wp-json\/wp\/v2\/media?parent=123260"}],"wp:term":[{"taxonomy":"category","embeddable":true,"href":"https:\/\/nk7-testes.com.br\/agazeta\/wp-json\/wp\/v2\/categories?post=123260"},{"taxonomy":"post_tag","embeddable":true,"href":"https:\/\/nk7-testes.com.br\/agazeta\/wp-json\/wp\/v2\/tags?post=123260"}],"curies":[{"name":"wp","href":"https:\/\/api.w.org\/{rel}","templated":true}]}}