{"id":123192,"date":"2023-12-06T10:09:49","date_gmt":"2023-12-06T15:09:49","guid":{"rendered":"https:\/\/abarevegan.com.br\/?p=123192"},"modified":"2023-12-07T22:51:07","modified_gmt":"2023-12-08T03:51:07","slug":"defesa-civil-de-rio-branco-faz-alerta-sobre-risco-de-enxurrada-e-inundacao","status":"publish","type":"post","link":"https:\/\/nk7-testes.com.br\/agazeta\/defesa-civil-de-rio-branco-faz-alerta-sobre-risco-de-enxurrada-e-inundacao\/","title":{"rendered":"Defesa Civil de Rio Branco faz alerta sobre risco de enxurrada e inunda\u00e7\u00e3o"},"content":{"rendered":"<p>Mat\u00e9ria produzida por <strong>Inayme Lobo<\/strong> para o<strong> Agazeta.net<\/strong><\/p>\n<p><!--more--><\/p>\n<p style=\"text-align: justify;\"><span style=\"font-weight: 400;\">Com o in\u00edcio do per\u00edodo de chuvas, a cidade de Rio Branco enfrenta o alerta para poss\u00edveis enxurradas e inunda\u00e7\u00f5es. Nesta quarta-feira (06), a Defesa Civil de Rio Branco registrou que o rio da capital est\u00e1 em 3,52 metros. O coordenador da Defesa Civil Municipal, tenente Cl\u00e1udio Falc\u00e3o, explica que as enxurradas representam um risco permanente e \u00e9 necess\u00e1rio estar preparado para lidar com essa situa\u00e7\u00e3o.<\/span><\/p>\n<p style=\"text-align: justify;\"><span style=\"font-weight: 400;\">\u201cComo foi previsto a partir desta data n\u00f3s teremos chuvas mais frequentes, e agora n\u00f3s, nos voltamos para outra situa\u00e7\u00e3o que \u00e9 o risco de inunda\u00e7\u00f5es e enxurradas. Queremos lembrar que enxurradas s\u00e3o um risco permanente\u201d, diz o Coordenador da Defesa Civil\u00a0<\/span><\/p>\n<p style=\"text-align: justify;\"><span style=\"font-weight: 400;\">Al\u00e9m do Rio Acre, as chuvas tamb\u00e9m afetam o n\u00edvel dos igarap\u00e9s da cidade, que consequentemente podem atingir \u00e1reas pr\u00f3ximas. Em caso de chuvas acima de 100 mil\u00edmetros, o n\u00edvel dos igarap\u00e9s pode aumentar rapidamente e pegar\u00a0 a popula\u00e7\u00e3o desprevenida.<\/span><\/p>\n<p style=\"text-align: justify;\"><span style=\"font-weight: 400;\">\u201cSe n\u00f3s tivermos chuvas aqui em Rio Branco acima de 100 mil\u00edmetros e dependendo do per\u00edodo total de horas de chuvas, n\u00f3s inevitavelmente, teremos um aumento do n\u00edvel dos igarap\u00e9s que pode chegar at\u00e9 40 cent\u00edmetros por hora, \u00e9 muito r\u00e1pido, podendo pegar a popula\u00e7\u00e3o desprevenida\u201d, diz Falc\u00e3o.<\/span><\/p>\n<p style=\"text-align: justify;\"><span style=\"font-weight: 400;\">Segundo o boletim da Defesa Civil de Rio Branco, o n\u00edvel do Rio Acre est\u00e1 longe da cota de alerta de 13,50 metros, e n\u00e3o houve registro de chuvas nas \u00faltimas 24 horas. No entanto, \u00e9 importante que a popula\u00e7\u00e3o esteja atenta e tome as devidas precau\u00e7\u00f5es para evitar transtornos durante o per\u00edodo chuvoso.<\/span><\/p>\n<p style=\"text-align: justify;\"><span style=\"font-weight: 400;\">Diante desses riscos, segundo o coordenador,\u00a0 a Defesa Civil Municipal possui um plano de conting\u00eancia e mobiliza\u00e7\u00e3o para atuar nas \u00e1reas de risco, em conjunto com outros \u00f3rg\u00e3os do sistema. O objetivo \u00e9 prestar socorro e diminuir os impactos e preju\u00edzos causados pelas enxurradas e inunda\u00e7\u00f5es.<\/span><\/p>\n<p style=\"text-align: justify;\"><span style=\"font-weight: 400;\">\u201cA defesa civil municipal juntamente com os demais \u00f3rg\u00e3os que comp\u00f5em o sistema para poder prestar o socorro da melhor maneira poss\u00edvel, diminuindo os impactos\u00a0 e tamb\u00e9m os preju\u00edzos\u201d, diz o Coordenador da Defesa Civil.<\/span><\/p>\n<p style=\"text-align: justify;\"><span style=\"font-weight: 400;\">As autoridades recomendam que os moradores de \u00e1reas de risco fiquem atentos aos alertas da Defesa Civil e sigam as orienta\u00e7\u00f5es de seguran\u00e7a. \u00c9 fundamental evitar transitar por locais alagados, n\u00e3o jogar lixo nas ruas e manter-se informado sobre as condi\u00e7\u00f5es clim\u00e1ticas.<\/span><\/p>\n<p style=\"text-align: justify;\"><span style=\"font-weight: 400;\">Com a colabora\u00e7\u00e3o de todos, \u00e9 poss\u00edvel minimizar os impactos das enxurradas e inunda\u00e7\u00f5es e garantir a seguran\u00e7a da popula\u00e7\u00e3o de Rio Branco durante o per\u00edodo de chuvas.<\/span><\/p>\n<p><strong>Estagi\u00e1ria Supervisionada por Gisele Almeida<\/strong><\/p>\n","protected":false},"excerpt":{"rendered":"<p>Mat\u00e9ria produzida por Inayme Lobo para o Agazeta.net<\/p>\n","protected":false},"author":4,"featured_media":123194,"comment_status":"open","ping_status":"open","sticky":false,"template":"","format":"standard","meta":{"jnews-multi-image_gallery":[],"jnews_single_post":{"source_name":"","source_url":"","via_name":"","via_url":"","override_template":"0","override":[{"template":"custom","single_blog_custom":"110746","parallax":"1","fullscreen":"1","layout":"right-sidebar","sidebar":"default-sidebar","second_sidebar":"default-sidebar","sticky_sidebar":"1","share_position":"top","share_float_style":"share-monocrhome","show_share_counter":"1","show_view_counter":"1","show_featured":"1","show_post_meta":"1","show_post_author":"1","show_post_author_image":"1","show_post_date":"1","post_date_format":"default","post_date_format_custom":"Y\/m\/d","show_post_category":"1","show_post_reading_time":"0","post_reading_time_wpm":"300","show_zoom_button":"0","zoom_button_out_step":"2","zoom_button_in_step":"3","show_post_tag":"1","show_prev_next_post":"1","show_popup_post":"1","number_popup_post":"1","show_author_box":"0","show_post_related":"1","show_inline_post_related":"0"}],"override_image_size":"0","image_override":[{"single_post_thumbnail_size":"crop-500","single_post_gallery_size":"crop-500"}],"trending_post":"0","trending_post_position":"meta","trending_post_label":"Trending","sponsored_post":"0","sponsored_post_label":"Sponsored by","sponsored_post_name":"","sponsored_post_url":"","sponsored_post_logo_enable":"0","sponsored_post_logo":"","sponsored_post_desc":"","disable_ad":"0"},"jnews_primary_category":{"id":"","hide":""},"jnews_social_meta":{"fb_title":"","fb_description":"","fb_image":"","twitter_title":"","twitter_description":"","twitter_image":""},"jnews_review":[],"enable_review":"0","type":"percentage","name":"","summary":"","brand":"","sku":"","good":[{"good_text":""}],"bad":[{"bad_text":""}],"score_override":"0","override_value":"","rating":[{"rating_text":"","rating_number":"10"}],"price":[{"shop":"","price":"","link":"","icon":""}],"footnotes":""},"categories":[54],"tags":[152],"class_list":["post-123192","post","type-post","status-publish","format-standard","has-post-thumbnail","hentry","category-cotidiano","tag-destaque"],"yoast_head":"<!-- This site is optimized with the Yoast SEO plugin v26.5 - https:\/\/yoast.com\/wordpress\/plugins\/seo\/ -->\n<title>Defesa Civil de Rio Branco faz alerta sobre risco de enxurrada e inunda\u00e7\u00e3o - Agazeta.net<\/title>\n<meta name=\"robots\" content=\"index, follow, max-snippet:-1, max-image-preview:large, max-video-preview:-1\" \/>\n<link rel=\"canonical\" href=\"https:\/\/nk7-testes.com.br\/agazeta\/defesa-civil-de-rio-branco-faz-alerta-sobre-risco-de-enxurrada-e-inundacao\/\" \/>\n<meta property=\"og:locale\" content=\"pt_BR\" \/>\n<meta property=\"og:type\" content=\"article\" \/>\n<meta property=\"og:title\" content=\"Defesa Civil de Rio Branco faz alerta sobre risco de enxurrada e inunda\u00e7\u00e3o\" \/>\n<meta property=\"og:description\" content=\"Mat\u00e9ria produzida por Inayme Lobo para o Agazeta.net\" \/>\n<meta property=\"og:url\" content=\"https:\/\/nk7-testes.com.br\/agazeta\/defesa-civil-de-rio-branco-faz-alerta-sobre-risco-de-enxurrada-e-inundacao\/\" \/>\n<meta property=\"og:site_name\" content=\"Agazeta.net\" \/>\n<meta property=\"article:published_time\" content=\"2023-12-06T15:09:49+00:00\" \/>\n<meta property=\"article:modified_time\" content=\"2023-12-08T03:51:07+00:00\" \/>\n<meta property=\"og:image\" content=\"https:\/\/nk7-testes.com.br\/agazeta\/wp-content\/uploads\/2023\/12\/WhatsApp-Image-2023-12-06-at-10.08.02.jpeg\" \/>\n\t<meta property=\"og:image:width\" content=\"680\" \/>\n\t<meta property=\"og:image:height\" content=\"382\" \/>\n\t<meta property=\"og:image:type\" content=\"image\/jpeg\" \/>\n<meta name=\"author\" content=\"Agazeta.Net\" \/>\n<meta name=\"twitter:card\" content=\"summary_large_image\" \/>\n<meta name=\"twitter:title\" content=\"Defesa Civil de Rio Branco faz alerta sobre risco de enxurrada e inunda\u00e7\u00e3o\" \/>\n<meta name=\"twitter:image\" content=\"https:\/\/nk7-testes.com.br\/agazeta\/wp-content\/uploads\/2023\/12\/WhatsApp-Image-2023-12-06-at-10.08.02.jpeg\" \/>\n<meta name=\"twitter:label1\" content=\"Escrito por\" \/>\n\t<meta name=\"twitter:data1\" content=\"Agazeta.Net\" \/>\n\t<meta name=\"twitter:label2\" content=\"Est. tempo de leitura\" \/>\n\t<meta name=\"twitter:data2\" content=\"2 minutos\" \/>\n<script type=\"application\/ld+json\" class=\"yoast-schema-graph\">{\"@context\":\"https:\/\/schema.org\",\"@graph\":[{\"@type\":\"WebPage\",\"@id\":\"https:\/\/nk7-testes.com.br\/agazeta\/defesa-civil-de-rio-branco-faz-alerta-sobre-risco-de-enxurrada-e-inundacao\/\",\"url\":\"https:\/\/nk7-testes.com.br\/agazeta\/defesa-civil-de-rio-branco-faz-alerta-sobre-risco-de-enxurrada-e-inundacao\/\",\"name\":\"Defesa Civil de Rio Branco faz alerta sobre risco de enxurrada e inunda\u00e7\u00e3o - Agazeta.net\",\"isPartOf\":{\"@id\":\"https:\/\/nk7-testes.com.br\/agazeta\/#website\"},\"primaryImageOfPage\":{\"@id\":\"https:\/\/nk7-testes.com.br\/agazeta\/defesa-civil-de-rio-branco-faz-alerta-sobre-risco-de-enxurrada-e-inundacao\/#primaryimage\"},\"image\":{\"@id\":\"https:\/\/nk7-testes.com.br\/agazeta\/defesa-civil-de-rio-branco-faz-alerta-sobre-risco-de-enxurrada-e-inundacao\/#primaryimage\"},\"thumbnailUrl\":\"https:\/\/nk7-testes.com.br\/agazeta\/wp-content\/uploads\/2023\/12\/WhatsApp-Image-2023-12-06-at-10.08.02.jpeg\",\"datePublished\":\"2023-12-06T15:09:49+00:00\",\"dateModified\":\"2023-12-08T03:51:07+00:00\",\"author\":{\"@id\":\"https:\/\/nk7-testes.com.br\/agazeta\/#\/schema\/person\/ff6b39d54d6973bfc57f4140f659b23f\"},\"breadcrumb\":{\"@id\":\"https:\/\/nk7-testes.com.br\/agazeta\/defesa-civil-de-rio-branco-faz-alerta-sobre-risco-de-enxurrada-e-inundacao\/#breadcrumb\"},\"inLanguage\":\"pt-BR\",\"potentialAction\":[{\"@type\":\"ReadAction\",\"target\":[\"https:\/\/nk7-testes.com.br\/agazeta\/defesa-civil-de-rio-branco-faz-alerta-sobre-risco-de-enxurrada-e-inundacao\/\"]}]},{\"@type\":\"ImageObject\",\"inLanguage\":\"pt-BR\",\"@id\":\"https:\/\/nk7-testes.com.br\/agazeta\/defesa-civil-de-rio-branco-faz-alerta-sobre-risco-de-enxurrada-e-inundacao\/#primaryimage\",\"url\":\"https:\/\/nk7-testes.com.br\/agazeta\/wp-content\/uploads\/2023\/12\/WhatsApp-Image-2023-12-06-at-10.08.02.jpeg\",\"contentUrl\":\"https:\/\/nk7-testes.com.br\/agazeta\/wp-content\/uploads\/2023\/12\/WhatsApp-Image-2023-12-06-at-10.08.02.jpeg\",\"width\":680,\"height\":382,\"caption\":\"Foto: Odair Leal Secom\"},{\"@type\":\"BreadcrumbList\",\"@id\":\"https:\/\/nk7-testes.com.br\/agazeta\/defesa-civil-de-rio-branco-faz-alerta-sobre-risco-de-enxurrada-e-inundacao\/#breadcrumb\",\"itemListElement\":[{\"@type\":\"ListItem\",\"position\":1,\"name\":\"In\u00edcio\",\"item\":\"https:\/\/nk7-testes.com.br\/agazeta\/\"},{\"@type\":\"ListItem\",\"position\":2,\"name\":\"Defesa Civil de Rio Branco faz alerta sobre risco de enxurrada e inunda\u00e7\u00e3o\"}]},{\"@type\":\"WebSite\",\"@id\":\"https:\/\/nk7-testes.com.br\/agazeta\/#website\",\"url\":\"https:\/\/nk7-testes.com.br\/agazeta\/\",\"name\":\"Agazeta.net\",\"description\":\"Agazeta.net - Not\u00edcias de Rio Branco\/AC\",\"potentialAction\":[{\"@type\":\"SearchAction\",\"target\":{\"@type\":\"EntryPoint\",\"urlTemplate\":\"https:\/\/nk7-testes.com.br\/agazeta\/?s={search_term_string}\"},\"query-input\":{\"@type\":\"PropertyValueSpecification\",\"valueRequired\":true,\"valueName\":\"search_term_string\"}}],\"inLanguage\":\"pt-BR\"},{\"@type\":\"Person\",\"@id\":\"https:\/\/nk7-testes.com.br\/agazeta\/#\/schema\/person\/ff6b39d54d6973bfc57f4140f659b23f\",\"name\":\"Agazeta.Net\",\"url\":\"https:\/\/nk7-testes.com.br\/agazeta\/author\/agazeta\/\"}]}<\/script>\n<!-- \/ Yoast SEO plugin. -->","yoast_head_json":{"title":"Defesa Civil de Rio Branco faz alerta sobre risco de enxurrada e inunda\u00e7\u00e3o - Agazeta.net","robots":{"index":"index","follow":"follow","max-snippet":"max-snippet:-1","max-image-preview":"max-image-preview:large","max-video-preview":"max-video-preview:-1"},"canonical":"https:\/\/nk7-testes.com.br\/agazeta\/defesa-civil-de-rio-branco-faz-alerta-sobre-risco-de-enxurrada-e-inundacao\/","og_locale":"pt_BR","og_type":"article","og_title":"Defesa Civil de Rio Branco faz alerta sobre risco de enxurrada e inunda\u00e7\u00e3o","og_description":"Mat\u00e9ria produzida por Inayme Lobo para o Agazeta.net","og_url":"https:\/\/nk7-testes.com.br\/agazeta\/defesa-civil-de-rio-branco-faz-alerta-sobre-risco-de-enxurrada-e-inundacao\/","og_site_name":"Agazeta.net","article_published_time":"2023-12-06T15:09:49+00:00","article_modified_time":"2023-12-08T03:51:07+00:00","og_image":[{"width":680,"height":382,"url":"https:\/\/nk7-testes.com.br\/agazeta\/wp-content\/uploads\/2023\/12\/WhatsApp-Image-2023-12-06-at-10.08.02.jpeg","type":"image\/jpeg"}],"author":"Agazeta.Net","twitter_card":"summary_large_image","twitter_title":"Defesa Civil de Rio Branco faz alerta sobre risco de enxurrada e inunda\u00e7\u00e3o","twitter_image":"https:\/\/nk7-testes.com.br\/agazeta\/wp-content\/uploads\/2023\/12\/WhatsApp-Image-2023-12-06-at-10.08.02.jpeg","twitter_misc":{"Escrito por":"Agazeta.Net","Est. tempo de leitura":"2 minutos"},"schema":{"@context":"https:\/\/schema.org","@graph":[{"@type":"WebPage","@id":"https:\/\/nk7-testes.com.br\/agazeta\/defesa-civil-de-rio-branco-faz-alerta-sobre-risco-de-enxurrada-e-inundacao\/","url":"https:\/\/nk7-testes.com.br\/agazeta\/defesa-civil-de-rio-branco-faz-alerta-sobre-risco-de-enxurrada-e-inundacao\/","name":"Defesa Civil de Rio Branco faz alerta sobre risco de enxurrada e inunda\u00e7\u00e3o - Agazeta.net","isPartOf":{"@id":"https:\/\/nk7-testes.com.br\/agazeta\/#website"},"primaryImageOfPage":{"@id":"https:\/\/nk7-testes.com.br\/agazeta\/defesa-civil-de-rio-branco-faz-alerta-sobre-risco-de-enxurrada-e-inundacao\/#primaryimage"},"image":{"@id":"https:\/\/nk7-testes.com.br\/agazeta\/defesa-civil-de-rio-branco-faz-alerta-sobre-risco-de-enxurrada-e-inundacao\/#primaryimage"},"thumbnailUrl":"https:\/\/nk7-testes.com.br\/agazeta\/wp-content\/uploads\/2023\/12\/WhatsApp-Image-2023-12-06-at-10.08.02.jpeg","datePublished":"2023-12-06T15:09:49+00:00","dateModified":"2023-12-08T03:51:07+00:00","author":{"@id":"https:\/\/nk7-testes.com.br\/agazeta\/#\/schema\/person\/ff6b39d54d6973bfc57f4140f659b23f"},"breadcrumb":{"@id":"https:\/\/nk7-testes.com.br\/agazeta\/defesa-civil-de-rio-branco-faz-alerta-sobre-risco-de-enxurrada-e-inundacao\/#breadcrumb"},"inLanguage":"pt-BR","potentialAction":[{"@type":"ReadAction","target":["https:\/\/nk7-testes.com.br\/agazeta\/defesa-civil-de-rio-branco-faz-alerta-sobre-risco-de-enxurrada-e-inundacao\/"]}]},{"@type":"ImageObject","inLanguage":"pt-BR","@id":"https:\/\/nk7-testes.com.br\/agazeta\/defesa-civil-de-rio-branco-faz-alerta-sobre-risco-de-enxurrada-e-inundacao\/#primaryimage","url":"https:\/\/nk7-testes.com.br\/agazeta\/wp-content\/uploads\/2023\/12\/WhatsApp-Image-2023-12-06-at-10.08.02.jpeg","contentUrl":"https:\/\/nk7-testes.com.br\/agazeta\/wp-content\/uploads\/2023\/12\/WhatsApp-Image-2023-12-06-at-10.08.02.jpeg","width":680,"height":382,"caption":"Foto: Odair Leal Secom"},{"@type":"BreadcrumbList","@id":"https:\/\/nk7-testes.com.br\/agazeta\/defesa-civil-de-rio-branco-faz-alerta-sobre-risco-de-enxurrada-e-inundacao\/#breadcrumb","itemListElement":[{"@type":"ListItem","position":1,"name":"In\u00edcio","item":"https:\/\/nk7-testes.com.br\/agazeta\/"},{"@type":"ListItem","position":2,"name":"Defesa Civil de Rio Branco faz alerta sobre risco de enxurrada e inunda\u00e7\u00e3o"}]},{"@type":"WebSite","@id":"https:\/\/nk7-testes.com.br\/agazeta\/#website","url":"https:\/\/nk7-testes.com.br\/agazeta\/","name":"Agazeta.net","description":"Agazeta.net - Not\u00edcias de Rio Branco\/AC","potentialAction":[{"@type":"SearchAction","target":{"@type":"EntryPoint","urlTemplate":"https:\/\/nk7-testes.com.br\/agazeta\/?s={search_term_string}"},"query-input":{"@type":"PropertyValueSpecification","valueRequired":true,"valueName":"search_term_string"}}],"inLanguage":"pt-BR"},{"@type":"Person","@id":"https:\/\/nk7-testes.com.br\/agazeta\/#\/schema\/person\/ff6b39d54d6973bfc57f4140f659b23f","name":"Agazeta.Net","url":"https:\/\/nk7-testes.com.br\/agazeta\/author\/agazeta\/"}]}},"_links":{"self":[{"href":"https:\/\/nk7-testes.com.br\/agazeta\/wp-json\/wp\/v2\/posts\/123192","targetHints":{"allow":["GET"]}}],"collection":[{"href":"https:\/\/nk7-testes.com.br\/agazeta\/wp-json\/wp\/v2\/posts"}],"about":[{"href":"https:\/\/nk7-testes.com.br\/agazeta\/wp-json\/wp\/v2\/types\/post"}],"author":[{"embeddable":true,"href":"https:\/\/nk7-testes.com.br\/agazeta\/wp-json\/wp\/v2\/users\/4"}],"replies":[{"embeddable":true,"href":"https:\/\/nk7-testes.com.br\/agazeta\/wp-json\/wp\/v2\/comments?post=123192"}],"version-history":[{"count":0,"href":"https:\/\/nk7-testes.com.br\/agazeta\/wp-json\/wp\/v2\/posts\/123192\/revisions"}],"wp:featuredmedia":[{"embeddable":true,"href":"https:\/\/nk7-testes.com.br\/agazeta\/wp-json\/wp\/v2\/media\/123194"}],"wp:attachment":[{"href":"https:\/\/nk7-testes.com.br\/agazeta\/wp-json\/wp\/v2\/media?parent=123192"}],"wp:term":[{"taxonomy":"category","embeddable":true,"href":"https:\/\/nk7-testes.com.br\/agazeta\/wp-json\/wp\/v2\/categories?post=123192"},{"taxonomy":"post_tag","embeddable":true,"href":"https:\/\/nk7-testes.com.br\/agazeta\/wp-json\/wp\/v2\/tags?post=123192"}],"curies":[{"name":"wp","href":"https:\/\/api.w.org\/{rel}","templated":true}]}}