{"id":123165,"date":"2023-12-05T17:07:15","date_gmt":"2023-12-05T22:07:15","guid":{"rendered":"https:\/\/abarevegan.com.br\/?p=123165"},"modified":"2023-12-06T08:56:09","modified_gmt":"2023-12-06T13:56:09","slug":"professora-acreana-lanca-livro-sobre-yoga-que-abrange-tecnicas-respiratorias-e-meditativas","status":"publish","type":"post","link":"https:\/\/nk7-testes.com.br\/agazeta\/professora-acreana-lanca-livro-sobre-yoga-que-abrange-tecnicas-respiratorias-e-meditativas\/","title":{"rendered":"Professora acreana lan\u00e7a livro sobre Yoga que abrange t\u00e9cnicas respirat\u00f3rias e meditativas"},"content":{"rendered":"<p>Por <strong>Inayme Lobo<\/strong> para o <strong>Agazeta.net<\/strong><\/p>\n<p style=\"text-align: justify;\">O livro &#8216;Contentamento: yoga como (um) caminho&#8217; escrito pela professora de ci\u00eancias e biologia, Rafaella Georgia Lima Damasceno, de 32 anos, fala de forma leve e informativa sobre a filosofia do Yoga nascida na \u00cdndia h\u00e1 aproximadamente 5 mil anos. O livro ser\u00e1 lan\u00e7ado no dia 09 de dezembro, \u00e0s 17h, na Biblioteca P\u00fablica, localizada na Avenida Get\u00falio Vargas, 389, no centro de Rio Branco.<\/p>\n<p style=\"text-align: justify;\">A autora explica a trajet\u00f3ria que lhe guiou at\u00e9 a escrita do livro. Ela relata que tem uma refer\u00eancia familiar de pai e irm\u00e3, que s\u00e3o da \u00e1rea da comunica\u00e7\u00e3o jornal\u00edstica, e que de certa forma a inspiraram e deram abertura para seguir o caminho da escrita.<\/p>\n<p style=\"text-align: justify;\">\u201cSempre gostei de escrever. Escrevo desde que comecei a praticar Yoga ainda na faculdade, tenho a escrita como uma ferramenta de autocuidado que me auxilia a entender meus processos, rela\u00e7\u00f5es e experi\u00eancias de vida\u201d, diz Damasceno.<\/p>\n<p style=\"text-align: justify;\">A professora praticava Yoga h\u00e1 quase dez anos, quando participou de um curso de forma\u00e7\u00e3o na \u00e1rea na cidade de Rio Branco, em 2019, durante um ano, guiado pela professora Cec\u00edlia Monteiro, onde se certificou instrutora de yoga. \u00c9 o primeiro livro que ela escreveu. Os escritos n\u00e3o foram focados para uma publica\u00e7\u00e3o liter\u00e1ria, e sim, como um di\u00e1rio de pr\u00e1tica.<\/p>\n<p style=\"text-align: justify;\">\u201cO livro conta um pouco sobre a filosofia do Yoga nascida na h\u00e1 aproximadamente 5 mil anos de uma maneira despojada e acess\u00edvel. Abrange t\u00e9cnicas respirat\u00f3rias, posturas corporais e meditativas. O g\u00eanero do livro \u00e9 autoconhecimento e acessa essa cultura ancestral, atravessando a descri\u00e7\u00e3o de t\u00e9cnicas e perspectivas \u00edntimas que possibilitam o leitor acessar uma conex\u00e3o consigo mesmo\u201d, diz Damasceno.<\/p>\n<p style=\"text-align: justify;\">O livro tem apoio institucional da Prefeitura Municipal de Rio Branco, na condi\u00e7\u00e3o de financiador por meio da Funda\u00e7\u00e3o Municipal de Cultura, Esporte e Lazer Garibaldi Brasil (FGB). Para candidatar-se, \u00e9 preciso aguardar as publica\u00e7\u00f5es do edital da institui\u00e7\u00e3o.<\/p>\n<p style=\"text-align: justify;\">\u201cQuando o edital da FGB abriu surgiu a oportunidade de entrar nessa seara atrav\u00e9s da categoria estreante, no qual fui contemplada visualizando a materializa\u00e7\u00e3o do livro\u201d, comenta.<\/p>\n<p style=\"text-align: justify;\">A &#8216;Editora Tr\u00eas Serpentes&#8217; colaborou no processo de produ\u00e7\u00e3o e ilustra\u00e7\u00f5es, e a capa foi realizada por Mestre CAS.<\/p>\n<p><img decoding=\"async\" class=\"aligncenter wp-image-123170 \" src=\"https:\/\/nk7-testes.com.br\/wp-content\/uploads\/2023\/12\/WhatsApp-Image-2023-12-05-at-12.56.25.jpeg\" alt=\"\" width=\"559\" height=\"559\" srcset=\"https:\/\/nk7-testes.com.br\/agazeta\/wp-content\/uploads\/2023\/12\/WhatsApp-Image-2023-12-05-at-12.56.25.jpeg 1600w, https:\/\/nk7-testes.com.br\/agazeta\/wp-content\/uploads\/2023\/12\/WhatsApp-Image-2023-12-05-at-12.56.25-300x300.jpeg 300w, https:\/\/nk7-testes.com.br\/agazeta\/wp-content\/uploads\/2023\/12\/WhatsApp-Image-2023-12-05-at-12.56.25-1024x1024.jpeg 1024w, https:\/\/nk7-testes.com.br\/agazeta\/wp-content\/uploads\/2023\/12\/WhatsApp-Image-2023-12-05-at-12.56.25-150x150.jpeg 150w, https:\/\/nk7-testes.com.br\/agazeta\/wp-content\/uploads\/2023\/12\/WhatsApp-Image-2023-12-05-at-12.56.25-768x768.jpeg 768w, https:\/\/nk7-testes.com.br\/agazeta\/wp-content\/uploads\/2023\/12\/WhatsApp-Image-2023-12-05-at-12.56.25-1536x1536.jpeg 1536w, https:\/\/nk7-testes.com.br\/agazeta\/wp-content\/uploads\/2023\/12\/WhatsApp-Image-2023-12-05-at-12.56.25-75x75.jpeg 75w, https:\/\/nk7-testes.com.br\/agazeta\/wp-content\/uploads\/2023\/12\/WhatsApp-Image-2023-12-05-at-12.56.25-350x350.jpeg 350w, https:\/\/nk7-testes.com.br\/agazeta\/wp-content\/uploads\/2023\/12\/WhatsApp-Image-2023-12-05-at-12.56.25-750x750.jpeg 750w, https:\/\/nk7-testes.com.br\/agazeta\/wp-content\/uploads\/2023\/12\/WhatsApp-Image-2023-12-05-at-12.56.25-1140x1139.jpeg 1140w, https:\/\/nk7-testes.com.br\/agazeta\/wp-content\/uploads\/2023\/12\/WhatsApp-Image-2023-12-05-at-12.56.25-400x400.jpeg 400w\" sizes=\"(max-width: 559px) 100vw, 559px\" \/><\/p>\n<p><em>Estagi\u00e1ria supervisionada por Gisele Almeida<\/em><\/p>\n","protected":false},"excerpt":{"rendered":"<p>Por Inayme Lobo para o Agazeta.net O livro &#8216;Contentamento: yoga como (um) caminho&#8217; escrito pela professora de ci\u00eancias e biologia, Rafaella Georgia Lima Damasceno, de 32 anos, fala de forma leve e informativa sobre a filosofia do Yoga nascida na \u00cdndia h\u00e1 aproximadamente 5 mil anos. O livro ser\u00e1 lan\u00e7ado no dia 09 de dezembro, [&hellip;]<\/p>\n","protected":false},"author":4,"featured_media":123169,"comment_status":"open","ping_status":"open","sticky":false,"template":"","format":"standard","meta":{"jnews-multi-image_gallery":[],"jnews_single_post":{"source_name":"","source_url":"","via_name":"","via_url":"","override_template":"0","override":[{"template":"custom","single_blog_custom":"110746","parallax":"1","fullscreen":"1","layout":"right-sidebar","sidebar":"default-sidebar","second_sidebar":"default-sidebar","sticky_sidebar":"1","share_position":"top","share_float_style":"share-monocrhome","show_share_counter":"1","show_view_counter":"1","show_featured":"1","show_post_meta":"1","show_post_author":"1","show_post_author_image":"1","show_post_date":"1","post_date_format":"default","post_date_format_custom":"Y\/m\/d","show_post_category":"1","show_post_reading_time":"0","post_reading_time_wpm":"300","show_zoom_button":"0","zoom_button_out_step":"2","zoom_button_in_step":"3","show_post_tag":"1","show_prev_next_post":"1","show_popup_post":"1","number_popup_post":"1","show_author_box":"0","show_post_related":"1","show_inline_post_related":"0"}],"override_image_size":"0","image_override":[{"single_post_thumbnail_size":"crop-500","single_post_gallery_size":"crop-500"}],"trending_post":"0","trending_post_position":"meta","trending_post_label":"Trending","sponsored_post":"0","sponsored_post_label":"Sponsored by","sponsored_post_name":"","sponsored_post_url":"","sponsored_post_logo_enable":"0","sponsored_post_logo":"","sponsored_post_desc":"","disable_ad":"0"},"jnews_primary_category":{"id":"","hide":""},"jnews_social_meta":{"fb_title":"","fb_description":"","fb_image":"","twitter_title":"","twitter_description":"","twitter_image":""},"jnews_review":[],"enable_review":"0","type":"percentage","name":"","summary":"","brand":"","sku":"","good":[{"good_text":""}],"bad":[{"bad_text":""}],"score_override":"0","override_value":"","rating":[{"rating_text":"","rating_number":"10"}],"price":[{"shop":"","price":"","link":"","icon":""}],"footnotes":""},"categories":[54],"tags":[],"class_list":["post-123165","post","type-post","status-publish","format-standard","has-post-thumbnail","hentry","category-cotidiano"],"yoast_head":"<!-- This site is optimized with the Yoast SEO plugin v26.5 - https:\/\/yoast.com\/wordpress\/plugins\/seo\/ -->\n<title>Professora acreana lan\u00e7a livro sobre Yoga que abrange t\u00e9cnicas respirat\u00f3rias e meditativas - Agazeta.net<\/title>\n<meta name=\"robots\" content=\"index, follow, max-snippet:-1, max-image-preview:large, max-video-preview:-1\" \/>\n<link rel=\"canonical\" href=\"https:\/\/nk7-testes.com.br\/agazeta\/professora-acreana-lanca-livro-sobre-yoga-que-abrange-tecnicas-respiratorias-e-meditativas\/\" \/>\n<meta property=\"og:locale\" content=\"pt_BR\" \/>\n<meta property=\"og:type\" content=\"article\" \/>\n<meta property=\"og:title\" content=\"Professora acreana lan\u00e7a livro sobre Yoga que abrange t\u00e9cnicas respirat\u00f3rias e meditativas\" \/>\n<meta property=\"og:description\" content=\"O livro ser\u00e1 lan\u00e7ado no dia 12 de dezembro, \u00e0s 17h, na Biblioteca P\u00fablica de Rio Branco\" \/>\n<meta property=\"og:url\" content=\"https:\/\/nk7-testes.com.br\/agazeta\/professora-acreana-lanca-livro-sobre-yoga-que-abrange-tecnicas-respiratorias-e-meditativas\/\" \/>\n<meta property=\"og:site_name\" content=\"Agazeta.net\" \/>\n<meta property=\"article:published_time\" content=\"2023-12-05T22:07:15+00:00\" \/>\n<meta property=\"article:modified_time\" content=\"2023-12-06T13:56:09+00:00\" \/>\n<meta property=\"og:image\" content=\"https:\/\/nk7-testes.com.br\/agazeta\/wp-content\/uploads\/2023\/12\/WhatsApp-Image-2023-12-05-at-12.56.27.jpeg\" \/>\n\t<meta property=\"og:image:width\" content=\"800\" \/>\n\t<meta property=\"og:image:height\" content=\"399\" \/>\n\t<meta property=\"og:image:type\" content=\"image\/jpeg\" \/>\n<meta name=\"author\" content=\"Agazeta.Net\" \/>\n<meta name=\"twitter:card\" content=\"summary_large_image\" \/>\n<meta name=\"twitter:label1\" content=\"Escrito por\" \/>\n\t<meta name=\"twitter:data1\" content=\"Agazeta.Net\" \/>\n\t<meta name=\"twitter:label2\" content=\"Est. tempo de leitura\" \/>\n\t<meta name=\"twitter:data2\" content=\"2 minutos\" \/>\n<script type=\"application\/ld+json\" class=\"yoast-schema-graph\">{\"@context\":\"https:\/\/schema.org\",\"@graph\":[{\"@type\":\"WebPage\",\"@id\":\"https:\/\/nk7-testes.com.br\/agazeta\/professora-acreana-lanca-livro-sobre-yoga-que-abrange-tecnicas-respiratorias-e-meditativas\/\",\"url\":\"https:\/\/nk7-testes.com.br\/agazeta\/professora-acreana-lanca-livro-sobre-yoga-que-abrange-tecnicas-respiratorias-e-meditativas\/\",\"name\":\"Professora acreana lan\u00e7a livro sobre Yoga que abrange t\u00e9cnicas respirat\u00f3rias e meditativas - Agazeta.net\",\"isPartOf\":{\"@id\":\"https:\/\/nk7-testes.com.br\/agazeta\/#website\"},\"primaryImageOfPage\":{\"@id\":\"https:\/\/nk7-testes.com.br\/agazeta\/professora-acreana-lanca-livro-sobre-yoga-que-abrange-tecnicas-respiratorias-e-meditativas\/#primaryimage\"},\"image\":{\"@id\":\"https:\/\/nk7-testes.com.br\/agazeta\/professora-acreana-lanca-livro-sobre-yoga-que-abrange-tecnicas-respiratorias-e-meditativas\/#primaryimage\"},\"thumbnailUrl\":\"https:\/\/nk7-testes.com.br\/agazeta\/wp-content\/uploads\/2023\/12\/WhatsApp-Image-2023-12-05-at-12.56.27.jpeg\",\"datePublished\":\"2023-12-05T22:07:15+00:00\",\"dateModified\":\"2023-12-06T13:56:09+00:00\",\"author\":{\"@id\":\"https:\/\/nk7-testes.com.br\/agazeta\/#\/schema\/person\/ff6b39d54d6973bfc57f4140f659b23f\"},\"breadcrumb\":{\"@id\":\"https:\/\/nk7-testes.com.br\/agazeta\/professora-acreana-lanca-livro-sobre-yoga-que-abrange-tecnicas-respiratorias-e-meditativas\/#breadcrumb\"},\"inLanguage\":\"pt-BR\",\"potentialAction\":[{\"@type\":\"ReadAction\",\"target\":[\"https:\/\/nk7-testes.com.br\/agazeta\/professora-acreana-lanca-livro-sobre-yoga-que-abrange-tecnicas-respiratorias-e-meditativas\/\"]}]},{\"@type\":\"ImageObject\",\"inLanguage\":\"pt-BR\",\"@id\":\"https:\/\/nk7-testes.com.br\/agazeta\/professora-acreana-lanca-livro-sobre-yoga-que-abrange-tecnicas-respiratorias-e-meditativas\/#primaryimage\",\"url\":\"https:\/\/nk7-testes.com.br\/agazeta\/wp-content\/uploads\/2023\/12\/WhatsApp-Image-2023-12-05-at-12.56.27.jpeg\",\"contentUrl\":\"https:\/\/nk7-testes.com.br\/agazeta\/wp-content\/uploads\/2023\/12\/WhatsApp-Image-2023-12-05-at-12.56.27.jpeg\",\"width\":800,\"height\":399},{\"@type\":\"BreadcrumbList\",\"@id\":\"https:\/\/nk7-testes.com.br\/agazeta\/professora-acreana-lanca-livro-sobre-yoga-que-abrange-tecnicas-respiratorias-e-meditativas\/#breadcrumb\",\"itemListElement\":[{\"@type\":\"ListItem\",\"position\":1,\"name\":\"In\u00edcio\",\"item\":\"https:\/\/nk7-testes.com.br\/agazeta\/\"},{\"@type\":\"ListItem\",\"position\":2,\"name\":\"Professora acreana lan\u00e7a livro sobre Yoga que abrange t\u00e9cnicas respirat\u00f3rias e meditativas\"}]},{\"@type\":\"WebSite\",\"@id\":\"https:\/\/nk7-testes.com.br\/agazeta\/#website\",\"url\":\"https:\/\/nk7-testes.com.br\/agazeta\/\",\"name\":\"Agazeta.net\",\"description\":\"Agazeta.net - Not\u00edcias de Rio Branco\/AC\",\"potentialAction\":[{\"@type\":\"SearchAction\",\"target\":{\"@type\":\"EntryPoint\",\"urlTemplate\":\"https:\/\/nk7-testes.com.br\/agazeta\/?s={search_term_string}\"},\"query-input\":{\"@type\":\"PropertyValueSpecification\",\"valueRequired\":true,\"valueName\":\"search_term_string\"}}],\"inLanguage\":\"pt-BR\"},{\"@type\":\"Person\",\"@id\":\"https:\/\/nk7-testes.com.br\/agazeta\/#\/schema\/person\/ff6b39d54d6973bfc57f4140f659b23f\",\"name\":\"Agazeta.Net\",\"url\":\"https:\/\/nk7-testes.com.br\/agazeta\/author\/agazeta\/\"}]}<\/script>\n<!-- \/ Yoast SEO plugin. -->","yoast_head_json":{"title":"Professora acreana lan\u00e7a livro sobre Yoga que abrange t\u00e9cnicas respirat\u00f3rias e meditativas - Agazeta.net","robots":{"index":"index","follow":"follow","max-snippet":"max-snippet:-1","max-image-preview":"max-image-preview:large","max-video-preview":"max-video-preview:-1"},"canonical":"https:\/\/nk7-testes.com.br\/agazeta\/professora-acreana-lanca-livro-sobre-yoga-que-abrange-tecnicas-respiratorias-e-meditativas\/","og_locale":"pt_BR","og_type":"article","og_title":"Professora acreana lan\u00e7a livro sobre Yoga que abrange t\u00e9cnicas respirat\u00f3rias e meditativas","og_description":"O livro ser\u00e1 lan\u00e7ado no dia 12 de dezembro, \u00e0s 17h, na Biblioteca P\u00fablica de Rio Branco","og_url":"https:\/\/nk7-testes.com.br\/agazeta\/professora-acreana-lanca-livro-sobre-yoga-que-abrange-tecnicas-respiratorias-e-meditativas\/","og_site_name":"Agazeta.net","article_published_time":"2023-12-05T22:07:15+00:00","article_modified_time":"2023-12-06T13:56:09+00:00","og_image":[{"width":800,"height":399,"url":"https:\/\/nk7-testes.com.br\/agazeta\/wp-content\/uploads\/2023\/12\/WhatsApp-Image-2023-12-05-at-12.56.27.jpeg","type":"image\/jpeg"}],"author":"Agazeta.Net","twitter_card":"summary_large_image","twitter_misc":{"Escrito por":"Agazeta.Net","Est. tempo de leitura":"2 minutos"},"schema":{"@context":"https:\/\/schema.org","@graph":[{"@type":"WebPage","@id":"https:\/\/nk7-testes.com.br\/agazeta\/professora-acreana-lanca-livro-sobre-yoga-que-abrange-tecnicas-respiratorias-e-meditativas\/","url":"https:\/\/nk7-testes.com.br\/agazeta\/professora-acreana-lanca-livro-sobre-yoga-que-abrange-tecnicas-respiratorias-e-meditativas\/","name":"Professora acreana lan\u00e7a livro sobre Yoga que abrange t\u00e9cnicas respirat\u00f3rias e meditativas - Agazeta.net","isPartOf":{"@id":"https:\/\/nk7-testes.com.br\/agazeta\/#website"},"primaryImageOfPage":{"@id":"https:\/\/nk7-testes.com.br\/agazeta\/professora-acreana-lanca-livro-sobre-yoga-que-abrange-tecnicas-respiratorias-e-meditativas\/#primaryimage"},"image":{"@id":"https:\/\/nk7-testes.com.br\/agazeta\/professora-acreana-lanca-livro-sobre-yoga-que-abrange-tecnicas-respiratorias-e-meditativas\/#primaryimage"},"thumbnailUrl":"https:\/\/nk7-testes.com.br\/agazeta\/wp-content\/uploads\/2023\/12\/WhatsApp-Image-2023-12-05-at-12.56.27.jpeg","datePublished":"2023-12-05T22:07:15+00:00","dateModified":"2023-12-06T13:56:09+00:00","author":{"@id":"https:\/\/nk7-testes.com.br\/agazeta\/#\/schema\/person\/ff6b39d54d6973bfc57f4140f659b23f"},"breadcrumb":{"@id":"https:\/\/nk7-testes.com.br\/agazeta\/professora-acreana-lanca-livro-sobre-yoga-que-abrange-tecnicas-respiratorias-e-meditativas\/#breadcrumb"},"inLanguage":"pt-BR","potentialAction":[{"@type":"ReadAction","target":["https:\/\/nk7-testes.com.br\/agazeta\/professora-acreana-lanca-livro-sobre-yoga-que-abrange-tecnicas-respiratorias-e-meditativas\/"]}]},{"@type":"ImageObject","inLanguage":"pt-BR","@id":"https:\/\/nk7-testes.com.br\/agazeta\/professora-acreana-lanca-livro-sobre-yoga-que-abrange-tecnicas-respiratorias-e-meditativas\/#primaryimage","url":"https:\/\/nk7-testes.com.br\/agazeta\/wp-content\/uploads\/2023\/12\/WhatsApp-Image-2023-12-05-at-12.56.27.jpeg","contentUrl":"https:\/\/nk7-testes.com.br\/agazeta\/wp-content\/uploads\/2023\/12\/WhatsApp-Image-2023-12-05-at-12.56.27.jpeg","width":800,"height":399},{"@type":"BreadcrumbList","@id":"https:\/\/nk7-testes.com.br\/agazeta\/professora-acreana-lanca-livro-sobre-yoga-que-abrange-tecnicas-respiratorias-e-meditativas\/#breadcrumb","itemListElement":[{"@type":"ListItem","position":1,"name":"In\u00edcio","item":"https:\/\/nk7-testes.com.br\/agazeta\/"},{"@type":"ListItem","position":2,"name":"Professora acreana lan\u00e7a livro sobre Yoga que abrange t\u00e9cnicas respirat\u00f3rias e meditativas"}]},{"@type":"WebSite","@id":"https:\/\/nk7-testes.com.br\/agazeta\/#website","url":"https:\/\/nk7-testes.com.br\/agazeta\/","name":"Agazeta.net","description":"Agazeta.net - Not\u00edcias de Rio Branco\/AC","potentialAction":[{"@type":"SearchAction","target":{"@type":"EntryPoint","urlTemplate":"https:\/\/nk7-testes.com.br\/agazeta\/?s={search_term_string}"},"query-input":{"@type":"PropertyValueSpecification","valueRequired":true,"valueName":"search_term_string"}}],"inLanguage":"pt-BR"},{"@type":"Person","@id":"https:\/\/nk7-testes.com.br\/agazeta\/#\/schema\/person\/ff6b39d54d6973bfc57f4140f659b23f","name":"Agazeta.Net","url":"https:\/\/nk7-testes.com.br\/agazeta\/author\/agazeta\/"}]}},"_links":{"self":[{"href":"https:\/\/nk7-testes.com.br\/agazeta\/wp-json\/wp\/v2\/posts\/123165","targetHints":{"allow":["GET"]}}],"collection":[{"href":"https:\/\/nk7-testes.com.br\/agazeta\/wp-json\/wp\/v2\/posts"}],"about":[{"href":"https:\/\/nk7-testes.com.br\/agazeta\/wp-json\/wp\/v2\/types\/post"}],"author":[{"embeddable":true,"href":"https:\/\/nk7-testes.com.br\/agazeta\/wp-json\/wp\/v2\/users\/4"}],"replies":[{"embeddable":true,"href":"https:\/\/nk7-testes.com.br\/agazeta\/wp-json\/wp\/v2\/comments?post=123165"}],"version-history":[{"count":0,"href":"https:\/\/nk7-testes.com.br\/agazeta\/wp-json\/wp\/v2\/posts\/123165\/revisions"}],"wp:featuredmedia":[{"embeddable":true,"href":"https:\/\/nk7-testes.com.br\/agazeta\/wp-json\/wp\/v2\/media\/123169"}],"wp:attachment":[{"href":"https:\/\/nk7-testes.com.br\/agazeta\/wp-json\/wp\/v2\/media?parent=123165"}],"wp:term":[{"taxonomy":"category","embeddable":true,"href":"https:\/\/nk7-testes.com.br\/agazeta\/wp-json\/wp\/v2\/categories?post=123165"},{"taxonomy":"post_tag","embeddable":true,"href":"https:\/\/nk7-testes.com.br\/agazeta\/wp-json\/wp\/v2\/tags?post=123165"}],"curies":[{"name":"wp","href":"https:\/\/api.w.org\/{rel}","templated":true}]}}