{"id":123050,"date":"2023-12-04T14:05:05","date_gmt":"2023-12-04T19:05:05","guid":{"rendered":"https:\/\/abarevegan.com.br\/?p=123050"},"modified":"2023-12-07T22:50:35","modified_gmt":"2023-12-08T03:50:35","slug":"ifac-se-manifesta-sobre-caso-de-professor-acusado-de-agredir-aluno-no-interior-do-acre-veja","status":"publish","type":"post","link":"https:\/\/nk7-testes.com.br\/agazeta\/ifac-se-manifesta-sobre-caso-de-professor-acusado-de-agredir-aluno-no-interior-do-acre-veja\/","title":{"rendered":"Ifac se manifesta sobre caso de professor acusado de agredir aluno no interior do Acre; veja"},"content":{"rendered":"<p>Por <strong>Jo\u00e3o Cardoso<\/strong> para o <strong>Agazeta.net\u00a0<\/strong><\/p>\n<p style=\"text-align: justify;\"><span style=\"font-weight: 400;\">Ap\u00f3s a repercuss\u00e3o do caso de um aluno do Instituto Federal do Acre (Ifac) que supostamente foi amarrado, espancado e quase dopado por um professor, a institui\u00e7\u00e3o de ensino publicou uma nota de esclarecimento, para informar que o acusado foi afastado preventivamente.\u00a0<\/span><\/p>\n<p style=\"text-align: justify;\"><span style=\"font-weight: 400;\">O suposto crime aconteceu no dia 27 de novembro. O professor identificado como Uilson Fernando Matter, foi acusado de cometer contra um estudante de 15 anos,\u00a0 atos de viol\u00eancia f\u00edsica e psicol\u00f3gica.<\/span><\/p>\n<p style=\"text-align: justify;\"><span style=\"font-weight: 400;\">A escola de ensino t\u00e9cnico tamb\u00e9m ressaltou que foi aberto um procedimento administrativo para investigar melhor o ocorrido. Leia a nota completa na \u00edntegra:<\/span><\/p>\n<p style=\"text-align: justify;\"><i><span style=\"font-weight: 400;\">O Instituto Federal de Educa\u00e7\u00e3o, Ci\u00eancia e Tecnologia do Acre (Ifac) vem a p\u00fablico informar que tomou ci\u00eancia de um lament\u00e1vel incidente envolvendo agress\u00e3o f\u00edsica entre um servidor e um aluno membros da comunidade do Campus Xapuri, fora do ambiente da referida unidade.<\/span><\/i><\/p>\n<p style=\"text-align: justify;\"><i><span style=\"font-weight: 400;\">Diante da gravidade do ocorrido, o Ifac est\u00e1 tomando as medidas necess\u00e1rias para esclarecer os fatos e garantir a integridade e seguran\u00e7a de sua comunidade acad\u00eamica.<\/span><\/i><\/p>\n<p style=\"text-align: justify;\"><i><span style=\"font-weight: 400;\">Neste sentido, foi instaurado um procedimento administrativo para investigar detalhadamente o incidente. Como parte desse processo, o servidor envolvido na ocorr\u00eancia foi afastado preventivamente, conforme protocolos internos, a fim de assegurar a imparcialidade e efici\u00eancia na apura\u00e7\u00e3o.<\/span><\/i><\/p>\n<p style=\"text-align: justify;\"><i><span style=\"font-weight: 400;\">O Ifac reitera seu compromisso inabal\u00e1vel com a \u00e9tica, o respeito e a seguran\u00e7a de todos os membros de sua comunidade acad\u00eamica. Repudiamos veementemente qualquer forma de viol\u00eancia e reafirmamos nosso comprometimento em manter um ambiente educacional saud\u00e1vel, pautado pelo di\u00e1logo, pela toler\u00e2ncia e pelo respeito m\u00fatuo.<\/span><\/i><\/p>\n<p style=\"text-align: justify;\"><i><span style=\"font-weight: 400;\">A institui\u00e7\u00e3o est\u00e1 colaborando integralmente com as autoridades competentes, visando \u00e0 elucida\u00e7\u00e3o completa dos fatos e \u00e0 ado\u00e7\u00e3o das medidas administrativas previstas em conformidade com a legisla\u00e7\u00e3o vigente, e segue comprometida em garantir um ambiente educacional seguro e prop\u00edcio ao desenvolvimento integral de nossos estudantes e colaboradores.<\/span><\/i><\/p>\n<p><em>Estagi\u00e1rio supervisionado por Gisele Almeida\u00a0<\/em><\/p>\n","protected":false},"excerpt":{"rendered":"<p>Por Jo\u00e3o Cardoso para o Agazeta.net\u00a0 Ap\u00f3s a repercuss\u00e3o do caso de um aluno do Instituto Federal do Acre (Ifac) que supostamente foi amarrado, espancado e quase dopado por um professor, a institui\u00e7\u00e3o de ensino publicou uma nota de esclarecimento, para informar que o acusado foi afastado preventivamente.\u00a0 O suposto crime aconteceu no dia 27 [&hellip;]<\/p>\n","protected":false},"author":4,"featured_media":123052,"comment_status":"open","ping_status":"open","sticky":false,"template":"","format":"standard","meta":{"jnews-multi-image_gallery":[],"jnews_single_post":{"source_name":"","source_url":"","via_name":"","via_url":"","override_template":"0","override":[{"template":"custom","single_blog_custom":"110746","parallax":"1","fullscreen":"1","layout":"right-sidebar","sidebar":"default-sidebar","second_sidebar":"default-sidebar","sticky_sidebar":"1","share_position":"top","share_float_style":"share-monocrhome","show_share_counter":"1","show_view_counter":"1","show_featured":"1","show_post_meta":"1","show_post_author":"1","show_post_author_image":"1","show_post_date":"1","post_date_format":"default","post_date_format_custom":"Y\/m\/d","show_post_category":"1","show_post_reading_time":"0","post_reading_time_wpm":"300","show_zoom_button":"0","zoom_button_out_step":"2","zoom_button_in_step":"3","show_post_tag":"1","show_prev_next_post":"1","show_popup_post":"1","number_popup_post":"1","show_author_box":"0","show_post_related":"1","show_inline_post_related":"0"}],"override_image_size":"0","image_override":[{"single_post_thumbnail_size":"crop-500","single_post_gallery_size":"crop-500"}],"trending_post":"0","trending_post_position":"meta","trending_post_label":"Trending","sponsored_post":"0","sponsored_post_label":"Sponsored by","sponsored_post_name":"","sponsored_post_url":"","sponsored_post_logo_enable":"0","sponsored_post_logo":"","sponsored_post_desc":"","disable_ad":"0"},"jnews_primary_category":{"id":"","hide":""},"jnews_social_meta":{"fb_title":"","fb_description":"","fb_image":"","twitter_title":"","twitter_description":"","twitter_image":""},"jnews_review":[],"enable_review":"0","type":"percentage","name":"","summary":"","brand":"","sku":"","good":[{"good_text":""}],"bad":[{"bad_text":""}],"score_override":"0","override_value":"","rating":[{"rating_text":"","rating_number":"10"}],"price":[{"shop":"","price":"","link":"","icon":""}],"footnotes":""},"categories":[54],"tags":[152],"class_list":["post-123050","post","type-post","status-publish","format-standard","has-post-thumbnail","hentry","category-cotidiano","tag-destaque"],"yoast_head":"<!-- This site is optimized with the Yoast SEO plugin v26.5 - https:\/\/yoast.com\/wordpress\/plugins\/seo\/ -->\n<title>Ifac se manifesta sobre caso de professor acusado de agredir aluno no interior do Acre; veja - Agazeta.net<\/title>\n<meta name=\"robots\" content=\"index, follow, max-snippet:-1, max-image-preview:large, max-video-preview:-1\" \/>\n<link rel=\"canonical\" href=\"https:\/\/nk7-testes.com.br\/agazeta\/ifac-se-manifesta-sobre-caso-de-professor-acusado-de-agredir-aluno-no-interior-do-acre-veja\/\" \/>\n<meta property=\"og:locale\" content=\"pt_BR\" \/>\n<meta property=\"og:type\" content=\"article\" \/>\n<meta property=\"og:title\" content=\"Ifac se manifesta sobre caso de professor acusado de agredir aluno no interior do Acre; veja\" \/>\n<meta property=\"og:description\" content=\"Tamb\u00e9m foi aberto procedimento administrativo interno\" \/>\n<meta property=\"og:url\" content=\"https:\/\/nk7-testes.com.br\/agazeta\/ifac-se-manifesta-sobre-caso-de-professor-acusado-de-agredir-aluno-no-interior-do-acre-veja\/\" \/>\n<meta property=\"og:site_name\" content=\"Agazeta.net\" \/>\n<meta property=\"article:published_time\" content=\"2023-12-04T19:05:05+00:00\" \/>\n<meta property=\"article:modified_time\" content=\"2023-12-08T03:50:35+00:00\" \/>\n<meta property=\"og:image\" content=\"https:\/\/nk7-testes.com.br\/agazeta\/wp-content\/uploads\/2023\/12\/e2c9112d-f935-45a8-92ef-6a312e921f6d-1.jpeg\" \/>\n\t<meta property=\"og:image:width\" content=\"800\" \/>\n\t<meta property=\"og:image:height\" content=\"401\" \/>\n\t<meta property=\"og:image:type\" content=\"image\/jpeg\" \/>\n<meta name=\"author\" content=\"Agazeta.Net\" \/>\n<meta name=\"twitter:card\" content=\"summary_large_image\" \/>\n<meta name=\"twitter:label1\" content=\"Escrito por\" \/>\n\t<meta name=\"twitter:data1\" content=\"Agazeta.Net\" \/>\n\t<meta name=\"twitter:label2\" content=\"Est. tempo de leitura\" \/>\n\t<meta name=\"twitter:data2\" content=\"2 minutos\" \/>\n<script type=\"application\/ld+json\" class=\"yoast-schema-graph\">{\"@context\":\"https:\/\/schema.org\",\"@graph\":[{\"@type\":\"WebPage\",\"@id\":\"https:\/\/nk7-testes.com.br\/agazeta\/ifac-se-manifesta-sobre-caso-de-professor-acusado-de-agredir-aluno-no-interior-do-acre-veja\/\",\"url\":\"https:\/\/nk7-testes.com.br\/agazeta\/ifac-se-manifesta-sobre-caso-de-professor-acusado-de-agredir-aluno-no-interior-do-acre-veja\/\",\"name\":\"Ifac se manifesta sobre caso de professor acusado de agredir aluno no interior do Acre; veja - Agazeta.net\",\"isPartOf\":{\"@id\":\"https:\/\/nk7-testes.com.br\/agazeta\/#website\"},\"primaryImageOfPage\":{\"@id\":\"https:\/\/nk7-testes.com.br\/agazeta\/ifac-se-manifesta-sobre-caso-de-professor-acusado-de-agredir-aluno-no-interior-do-acre-veja\/#primaryimage\"},\"image\":{\"@id\":\"https:\/\/nk7-testes.com.br\/agazeta\/ifac-se-manifesta-sobre-caso-de-professor-acusado-de-agredir-aluno-no-interior-do-acre-veja\/#primaryimage\"},\"thumbnailUrl\":\"https:\/\/nk7-testes.com.br\/agazeta\/wp-content\/uploads\/2023\/12\/e2c9112d-f935-45a8-92ef-6a312e921f6d.jpeg\",\"datePublished\":\"2023-12-04T19:05:05+00:00\",\"dateModified\":\"2023-12-08T03:50:35+00:00\",\"author\":{\"@id\":\"https:\/\/nk7-testes.com.br\/agazeta\/#\/schema\/person\/ff6b39d54d6973bfc57f4140f659b23f\"},\"breadcrumb\":{\"@id\":\"https:\/\/nk7-testes.com.br\/agazeta\/ifac-se-manifesta-sobre-caso-de-professor-acusado-de-agredir-aluno-no-interior-do-acre-veja\/#breadcrumb\"},\"inLanguage\":\"pt-BR\",\"potentialAction\":[{\"@type\":\"ReadAction\",\"target\":[\"https:\/\/nk7-testes.com.br\/agazeta\/ifac-se-manifesta-sobre-caso-de-professor-acusado-de-agredir-aluno-no-interior-do-acre-veja\/\"]}]},{\"@type\":\"ImageObject\",\"inLanguage\":\"pt-BR\",\"@id\":\"https:\/\/nk7-testes.com.br\/agazeta\/ifac-se-manifesta-sobre-caso-de-professor-acusado-de-agredir-aluno-no-interior-do-acre-veja\/#primaryimage\",\"url\":\"https:\/\/nk7-testes.com.br\/agazeta\/wp-content\/uploads\/2023\/12\/e2c9112d-f935-45a8-92ef-6a312e921f6d.jpeg\",\"contentUrl\":\"https:\/\/nk7-testes.com.br\/agazeta\/wp-content\/uploads\/2023\/12\/e2c9112d-f935-45a8-92ef-6a312e921f6d.jpeg\",\"width\":800,\"height\":401},{\"@type\":\"BreadcrumbList\",\"@id\":\"https:\/\/nk7-testes.com.br\/agazeta\/ifac-se-manifesta-sobre-caso-de-professor-acusado-de-agredir-aluno-no-interior-do-acre-veja\/#breadcrumb\",\"itemListElement\":[{\"@type\":\"ListItem\",\"position\":1,\"name\":\"In\u00edcio\",\"item\":\"https:\/\/nk7-testes.com.br\/agazeta\/\"},{\"@type\":\"ListItem\",\"position\":2,\"name\":\"Ifac se manifesta sobre caso de professor acusado de agredir aluno no interior do Acre; veja\"}]},{\"@type\":\"WebSite\",\"@id\":\"https:\/\/nk7-testes.com.br\/agazeta\/#website\",\"url\":\"https:\/\/nk7-testes.com.br\/agazeta\/\",\"name\":\"Agazeta.net\",\"description\":\"Agazeta.net - Not\u00edcias de Rio Branco\/AC\",\"potentialAction\":[{\"@type\":\"SearchAction\",\"target\":{\"@type\":\"EntryPoint\",\"urlTemplate\":\"https:\/\/nk7-testes.com.br\/agazeta\/?s={search_term_string}\"},\"query-input\":{\"@type\":\"PropertyValueSpecification\",\"valueRequired\":true,\"valueName\":\"search_term_string\"}}],\"inLanguage\":\"pt-BR\"},{\"@type\":\"Person\",\"@id\":\"https:\/\/nk7-testes.com.br\/agazeta\/#\/schema\/person\/ff6b39d54d6973bfc57f4140f659b23f\",\"name\":\"Agazeta.Net\",\"url\":\"https:\/\/nk7-testes.com.br\/agazeta\/author\/agazeta\/\"}]}<\/script>\n<!-- \/ Yoast SEO plugin. -->","yoast_head_json":{"title":"Ifac se manifesta sobre caso de professor acusado de agredir aluno no interior do Acre; veja - Agazeta.net","robots":{"index":"index","follow":"follow","max-snippet":"max-snippet:-1","max-image-preview":"max-image-preview:large","max-video-preview":"max-video-preview:-1"},"canonical":"https:\/\/nk7-testes.com.br\/agazeta\/ifac-se-manifesta-sobre-caso-de-professor-acusado-de-agredir-aluno-no-interior-do-acre-veja\/","og_locale":"pt_BR","og_type":"article","og_title":"Ifac se manifesta sobre caso de professor acusado de agredir aluno no interior do Acre; veja","og_description":"Tamb\u00e9m foi aberto procedimento administrativo interno","og_url":"https:\/\/nk7-testes.com.br\/agazeta\/ifac-se-manifesta-sobre-caso-de-professor-acusado-de-agredir-aluno-no-interior-do-acre-veja\/","og_site_name":"Agazeta.net","article_published_time":"2023-12-04T19:05:05+00:00","article_modified_time":"2023-12-08T03:50:35+00:00","og_image":[{"width":800,"height":401,"url":"https:\/\/nk7-testes.com.br\/agazeta\/wp-content\/uploads\/2023\/12\/e2c9112d-f935-45a8-92ef-6a312e921f6d-1.jpeg","type":"image\/jpeg"}],"author":"Agazeta.Net","twitter_card":"summary_large_image","twitter_misc":{"Escrito por":"Agazeta.Net","Est. tempo de leitura":"2 minutos"},"schema":{"@context":"https:\/\/schema.org","@graph":[{"@type":"WebPage","@id":"https:\/\/nk7-testes.com.br\/agazeta\/ifac-se-manifesta-sobre-caso-de-professor-acusado-de-agredir-aluno-no-interior-do-acre-veja\/","url":"https:\/\/nk7-testes.com.br\/agazeta\/ifac-se-manifesta-sobre-caso-de-professor-acusado-de-agredir-aluno-no-interior-do-acre-veja\/","name":"Ifac se manifesta sobre caso de professor acusado de agredir aluno no interior do Acre; veja - Agazeta.net","isPartOf":{"@id":"https:\/\/nk7-testes.com.br\/agazeta\/#website"},"primaryImageOfPage":{"@id":"https:\/\/nk7-testes.com.br\/agazeta\/ifac-se-manifesta-sobre-caso-de-professor-acusado-de-agredir-aluno-no-interior-do-acre-veja\/#primaryimage"},"image":{"@id":"https:\/\/nk7-testes.com.br\/agazeta\/ifac-se-manifesta-sobre-caso-de-professor-acusado-de-agredir-aluno-no-interior-do-acre-veja\/#primaryimage"},"thumbnailUrl":"https:\/\/nk7-testes.com.br\/agazeta\/wp-content\/uploads\/2023\/12\/e2c9112d-f935-45a8-92ef-6a312e921f6d.jpeg","datePublished":"2023-12-04T19:05:05+00:00","dateModified":"2023-12-08T03:50:35+00:00","author":{"@id":"https:\/\/nk7-testes.com.br\/agazeta\/#\/schema\/person\/ff6b39d54d6973bfc57f4140f659b23f"},"breadcrumb":{"@id":"https:\/\/nk7-testes.com.br\/agazeta\/ifac-se-manifesta-sobre-caso-de-professor-acusado-de-agredir-aluno-no-interior-do-acre-veja\/#breadcrumb"},"inLanguage":"pt-BR","potentialAction":[{"@type":"ReadAction","target":["https:\/\/nk7-testes.com.br\/agazeta\/ifac-se-manifesta-sobre-caso-de-professor-acusado-de-agredir-aluno-no-interior-do-acre-veja\/"]}]},{"@type":"ImageObject","inLanguage":"pt-BR","@id":"https:\/\/nk7-testes.com.br\/agazeta\/ifac-se-manifesta-sobre-caso-de-professor-acusado-de-agredir-aluno-no-interior-do-acre-veja\/#primaryimage","url":"https:\/\/nk7-testes.com.br\/agazeta\/wp-content\/uploads\/2023\/12\/e2c9112d-f935-45a8-92ef-6a312e921f6d.jpeg","contentUrl":"https:\/\/nk7-testes.com.br\/agazeta\/wp-content\/uploads\/2023\/12\/e2c9112d-f935-45a8-92ef-6a312e921f6d.jpeg","width":800,"height":401},{"@type":"BreadcrumbList","@id":"https:\/\/nk7-testes.com.br\/agazeta\/ifac-se-manifesta-sobre-caso-de-professor-acusado-de-agredir-aluno-no-interior-do-acre-veja\/#breadcrumb","itemListElement":[{"@type":"ListItem","position":1,"name":"In\u00edcio","item":"https:\/\/nk7-testes.com.br\/agazeta\/"},{"@type":"ListItem","position":2,"name":"Ifac se manifesta sobre caso de professor acusado de agredir aluno no interior do Acre; veja"}]},{"@type":"WebSite","@id":"https:\/\/nk7-testes.com.br\/agazeta\/#website","url":"https:\/\/nk7-testes.com.br\/agazeta\/","name":"Agazeta.net","description":"Agazeta.net - Not\u00edcias de Rio Branco\/AC","potentialAction":[{"@type":"SearchAction","target":{"@type":"EntryPoint","urlTemplate":"https:\/\/nk7-testes.com.br\/agazeta\/?s={search_term_string}"},"query-input":{"@type":"PropertyValueSpecification","valueRequired":true,"valueName":"search_term_string"}}],"inLanguage":"pt-BR"},{"@type":"Person","@id":"https:\/\/nk7-testes.com.br\/agazeta\/#\/schema\/person\/ff6b39d54d6973bfc57f4140f659b23f","name":"Agazeta.Net","url":"https:\/\/nk7-testes.com.br\/agazeta\/author\/agazeta\/"}]}},"_links":{"self":[{"href":"https:\/\/nk7-testes.com.br\/agazeta\/wp-json\/wp\/v2\/posts\/123050","targetHints":{"allow":["GET"]}}],"collection":[{"href":"https:\/\/nk7-testes.com.br\/agazeta\/wp-json\/wp\/v2\/posts"}],"about":[{"href":"https:\/\/nk7-testes.com.br\/agazeta\/wp-json\/wp\/v2\/types\/post"}],"author":[{"embeddable":true,"href":"https:\/\/nk7-testes.com.br\/agazeta\/wp-json\/wp\/v2\/users\/4"}],"replies":[{"embeddable":true,"href":"https:\/\/nk7-testes.com.br\/agazeta\/wp-json\/wp\/v2\/comments?post=123050"}],"version-history":[{"count":0,"href":"https:\/\/nk7-testes.com.br\/agazeta\/wp-json\/wp\/v2\/posts\/123050\/revisions"}],"wp:featuredmedia":[{"embeddable":true,"href":"https:\/\/nk7-testes.com.br\/agazeta\/wp-json\/wp\/v2\/media\/123052"}],"wp:attachment":[{"href":"https:\/\/nk7-testes.com.br\/agazeta\/wp-json\/wp\/v2\/media?parent=123050"}],"wp:term":[{"taxonomy":"category","embeddable":true,"href":"https:\/\/nk7-testes.com.br\/agazeta\/wp-json\/wp\/v2\/categories?post=123050"},{"taxonomy":"post_tag","embeddable":true,"href":"https:\/\/nk7-testes.com.br\/agazeta\/wp-json\/wp\/v2\/tags?post=123050"}],"curies":[{"name":"wp","href":"https:\/\/api.w.org\/{rel}","templated":true}]}}