{"id":123025,"date":"2023-12-04T11:47:34","date_gmt":"2023-12-04T16:47:34","guid":{"rendered":"https:\/\/abarevegan.com.br\/?p=123025"},"modified":"2023-12-07T22:50:14","modified_gmt":"2023-12-08T03:50:14","slug":"indice-de-violencia-no-interior-no-acre-chega-a-40-segundo-pesquisa-do-forum-de-seguranca-publica","status":"publish","type":"post","link":"https:\/\/nk7-testes.com.br\/agazeta\/indice-de-violencia-no-interior-no-acre-chega-a-40-segundo-pesquisa-do-forum-de-seguranca-publica\/","title":{"rendered":"\u00cdndice de viol\u00eancia no interior no Acre chega a 40%, segundo pesquisa do F\u00f3rum de Seguran\u00e7a P\u00fablica"},"content":{"rendered":"<p style=\"text-align: justify;\"><span style=\"font-weight: 400;\">O \u00edndice de viol\u00eancia no Acre aumentou para 32% segundo pesquisa do F\u00f3rum Brasileiro de Seguran\u00e7a P\u00fablica (FBSP) publicada na \u00faltima quinta-feira (30). Al\u00e9m disso, a m\u00e9dia da viol\u00eancia letal fora da capital do Acre chega a 40%. Com isso, dois fatores contribuem para esse aumento, como a briga por terras e a disputa entre as organiza\u00e7\u00f5es criminosas pelo dom\u00ednio do tr\u00e1fico de drogas.\u00a0<\/span><\/p>\n<p style=\"text-align: justify;\"><span style=\"font-weight: 400;\">Entre os anos de 2018 e 2020 a viol\u00eancia no Acre aumentou em 10%. Ou seja, um grande aumento em um curto per\u00edodo de tempo. A Secretaria de Seguran\u00e7a (Sejusp), concorda que o tr\u00e1fico de drogas est\u00e1 incentivando o aumento da viol\u00eancia, principalmente em \u00e1reas de fronteiras.<\/span><\/p>\n<p style=\"text-align: justify;\"><span style=\"font-weight: 400;\">\u201cSabemos da exist\u00eancia e atua\u00e7\u00e3o das organiza\u00e7\u00f5es criminosas, que est\u00e3o agindo de forma transfronteiri\u00e7a, e eu friso a disponibiliza\u00e7\u00e3o de recursos por meio do programa Amas, que \u00e9 o acesso de recurso vindo do Governo Federal, que tem como eixo principal de atua\u00e7\u00e3o os crimes praticados na Amaz\u00f4nia.\u201d, diz o diretor operacional da Sejusp, Marcos Frank.<\/span><\/p>\n<p style=\"text-align: justify;\"><span style=\"font-weight: 400;\">A pesquisa do FBSP enfatiza a atua\u00e7\u00e3o das organiza\u00e7\u00f5es criminosas e mostra que existem quatro grupos em luta pelas rotas do tr\u00e1fico: PCC, CV, Ifara e Bonde dos 13. Mesmo com grupos fortes, o aparato policial \u00e9 pequeno no estado para o combate das a\u00e7\u00f5es criminosas. Atualmente o Acre tem 80 delegados, mas trabalhando por turnos s\u00e3o apenas 20.<\/span><\/p>\n<p style=\"text-align: justify;\"><span style=\"font-weight: 400;\">Em 1997, 43% dos homic\u00eddios aconteceram nas capitais, dez anos depois em 2007 este n\u00famero caiu para 34,6%. Em 2019 o \u00edndice estava em 22,3%, por\u00e9m os dados n\u00e3o representam a redu\u00e7\u00e3o das mortes violentas intencionais, mas a migra\u00e7\u00e3o da viol\u00eancia para o interior.<\/span><\/p>\n<p style=\"text-align: justify;\"><span style=\"font-weight: 400;\">Al\u00e9m do Acre, a Amaz\u00f4nia tamb\u00e9m ganhou destaque na pesquisa devido a um crescimento de 260% dos homic\u00eddios, junto ao nordeste. Em 2020 foram mortas 8.729 pessoas na Amaz\u00f4nia, uma taxa de 29,6% de homic\u00eddio, acima da taxa nacional de 23%.<\/span><\/p>\n<p style=\"text-align: justify;\"><span style=\"font-weight: 400;\">O Brasil teve um \u00edndice de 6% de viol\u00eancia nas cidades interioranas, enquanto no Acre estava com 4 pontos percentuais a mais, a m\u00e9dia da viol\u00eancia letal fora da capital chega a 40%. Segundo a pesquisa, os locais com maior \u00e1rea desmatada est\u00e3o com a taxa de homic\u00eddio em crescimento com 36 %.<\/span><\/p>\n<p style=\"text-align: justify;\"><span style=\"font-weight: 400;\">Al\u00e9m disso, durante o governo Bolsonaro foram gastos R$584 milh\u00f5es para combater a viol\u00eancia na Amaz\u00f4nia, mas n\u00e3o obteve resultados positivos.<\/span><\/p>\n<p><em><strong>Mat\u00e9ria produzida pelo jornalista Adailson Oliveira para TV Gazeta<\/strong><\/em><\/p>\n","protected":false},"excerpt":{"rendered":"<p>O \u00edndice de viol\u00eancia no Acre aumentou para 32% segundo pesquisa do F\u00f3rum Brasileiro de Seguran\u00e7a P\u00fablica (FBSP) publicada na \u00faltima quinta-feira (30). Al\u00e9m disso, a m\u00e9dia da viol\u00eancia letal fora da capital do Acre chega a 40%. Com isso, dois fatores contribuem para esse aumento, como a briga por terras e a disputa entre [&hellip;]<\/p>\n","protected":false},"author":4,"featured_media":123026,"comment_status":"open","ping_status":"open","sticky":false,"template":"","format":"standard","meta":{"jnews-multi-image_gallery":[],"jnews_single_post":{"source_name":"","source_url":"","via_name":"","via_url":"","override_template":"0","override":[{"template":"custom","single_blog_custom":"110746","parallax":"1","fullscreen":"1","layout":"right-sidebar","sidebar":"default-sidebar","second_sidebar":"default-sidebar","sticky_sidebar":"1","share_position":"top","share_float_style":"share-monocrhome","show_share_counter":"1","show_view_counter":"1","show_featured":"1","show_post_meta":"1","show_post_author":"1","show_post_author_image":"1","show_post_date":"1","post_date_format":"default","post_date_format_custom":"Y\/m\/d","show_post_category":"1","show_post_reading_time":"0","post_reading_time_wpm":"300","show_zoom_button":"0","zoom_button_out_step":"2","zoom_button_in_step":"3","show_post_tag":"1","show_prev_next_post":"1","show_popup_post":"1","number_popup_post":"1","show_author_box":"0","show_post_related":"1","show_inline_post_related":"0"}],"override_image_size":"0","image_override":[{"single_post_thumbnail_size":"crop-500","single_post_gallery_size":"crop-500"}],"trending_post":"0","trending_post_position":"meta","trending_post_label":"Trending","sponsored_post":"0","sponsored_post_label":"Sponsored by","sponsored_post_name":"","sponsored_post_url":"","sponsored_post_logo_enable":"0","sponsored_post_logo":"","sponsored_post_desc":"","disable_ad":"0"},"jnews_primary_category":{"id":"","hide":""},"jnews_social_meta":{"fb_title":"","fb_description":"","fb_image":"","twitter_title":"","twitter_description":"","twitter_image":""},"jnews_review":[],"enable_review":"0","type":"percentage","name":"","summary":"","brand":"","sku":"","good":[{"good_text":""}],"bad":[{"bad_text":""}],"score_override":"0","override_value":"","rating":[{"rating_text":"","rating_number":"10"}],"price":[{"shop":"","price":"","link":"","icon":""}],"footnotes":""},"categories":[54],"tags":[152],"class_list":["post-123025","post","type-post","status-publish","format-standard","has-post-thumbnail","hentry","category-cotidiano","tag-destaque"],"yoast_head":"<!-- This site is optimized with the Yoast SEO plugin v26.5 - https:\/\/yoast.com\/wordpress\/plugins\/seo\/ -->\n<title>\u00cdndice de viol\u00eancia no interior no Acre chega a 40%, segundo pesquisa do F\u00f3rum de Seguran\u00e7a P\u00fablica - Agazeta.net<\/title>\n<meta name=\"robots\" content=\"index, follow, max-snippet:-1, max-image-preview:large, max-video-preview:-1\" \/>\n<link rel=\"canonical\" href=\"https:\/\/nk7-testes.com.br\/agazeta\/indice-de-violencia-no-interior-no-acre-chega-a-40-segundo-pesquisa-do-forum-de-seguranca-publica\/\" \/>\n<meta property=\"og:locale\" content=\"pt_BR\" \/>\n<meta property=\"og:type\" content=\"article\" \/>\n<meta property=\"og:title\" content=\"\u00cdndice de viol\u00eancia no interior no Acre chega a 40%, segundo pesquisa do F\u00f3rum de Seguran\u00e7a P\u00fablica\" \/>\n<meta property=\"og:description\" content=\"O \u00edndice de viol\u00eancia no Acre aumentou para 32% segundo pesquisa do F\u00f3rum Brasileiro de Seguran\u00e7a P\u00fablica (FBSP) publicada na \u00faltima quinta-feira (30). Al\u00e9m disso, a m\u00e9dia da viol\u00eancia letal fora da capital do Acre chega a 40%. Com isso, dois fatores contribuem para esse aumento, como a briga por terras e a disputa entre [&hellip;]\" \/>\n<meta property=\"og:url\" content=\"https:\/\/nk7-testes.com.br\/agazeta\/indice-de-violencia-no-interior-no-acre-chega-a-40-segundo-pesquisa-do-forum-de-seguranca-publica\/\" \/>\n<meta property=\"og:site_name\" content=\"Agazeta.net\" \/>\n<meta property=\"article:published_time\" content=\"2023-12-04T16:47:34+00:00\" \/>\n<meta property=\"article:modified_time\" content=\"2023-12-08T03:50:14+00:00\" \/>\n<meta property=\"og:image\" content=\"https:\/\/nk7-testes.com.br\/agazeta\/wp-content\/uploads\/2023\/12\/Imagem-9-Seguranca-Publica.webp\" \/>\n\t<meta property=\"og:image:width\" content=\"1024\" \/>\n\t<meta property=\"og:image:height\" content=\"576\" \/>\n\t<meta property=\"og:image:type\" content=\"image\/webp\" \/>\n<meta name=\"author\" content=\"Agazeta.Net\" \/>\n<meta name=\"twitter:card\" content=\"summary_large_image\" \/>\n<meta name=\"twitter:title\" content=\"\u00cdndice de viol\u00eancia no interior no Acre chega a 40%, segundo pesquisa do F\u00f3rum de Seguran\u00e7a P\u00fablica\" \/>\n<meta name=\"twitter:image\" content=\"https:\/\/nk7-testes.com.br\/agazeta\/wp-content\/uploads\/2023\/12\/Imagem-9-Seguranca-Publica.webp\" \/>\n<meta name=\"twitter:label1\" content=\"Escrito por\" \/>\n\t<meta name=\"twitter:data1\" content=\"Agazeta.Net\" \/>\n\t<meta name=\"twitter:label2\" content=\"Est. tempo de leitura\" \/>\n\t<meta name=\"twitter:data2\" content=\"2 minutos\" \/>\n<script type=\"application\/ld+json\" class=\"yoast-schema-graph\">{\"@context\":\"https:\/\/schema.org\",\"@graph\":[{\"@type\":\"WebPage\",\"@id\":\"https:\/\/nk7-testes.com.br\/agazeta\/indice-de-violencia-no-interior-no-acre-chega-a-40-segundo-pesquisa-do-forum-de-seguranca-publica\/\",\"url\":\"https:\/\/nk7-testes.com.br\/agazeta\/indice-de-violencia-no-interior-no-acre-chega-a-40-segundo-pesquisa-do-forum-de-seguranca-publica\/\",\"name\":\"\u00cdndice de viol\u00eancia no interior no Acre chega a 40%, segundo pesquisa do F\u00f3rum de Seguran\u00e7a P\u00fablica - Agazeta.net\",\"isPartOf\":{\"@id\":\"https:\/\/nk7-testes.com.br\/agazeta\/#website\"},\"primaryImageOfPage\":{\"@id\":\"https:\/\/nk7-testes.com.br\/agazeta\/indice-de-violencia-no-interior-no-acre-chega-a-40-segundo-pesquisa-do-forum-de-seguranca-publica\/#primaryimage\"},\"image\":{\"@id\":\"https:\/\/nk7-testes.com.br\/agazeta\/indice-de-violencia-no-interior-no-acre-chega-a-40-segundo-pesquisa-do-forum-de-seguranca-publica\/#primaryimage\"},\"thumbnailUrl\":\"https:\/\/nk7-testes.com.br\/agazeta\/wp-content\/uploads\/2023\/12\/Imagem-9-Seguranca-Publica.webp\",\"datePublished\":\"2023-12-04T16:47:34+00:00\",\"dateModified\":\"2023-12-08T03:50:14+00:00\",\"author\":{\"@id\":\"https:\/\/nk7-testes.com.br\/agazeta\/#\/schema\/person\/ff6b39d54d6973bfc57f4140f659b23f\"},\"breadcrumb\":{\"@id\":\"https:\/\/nk7-testes.com.br\/agazeta\/indice-de-violencia-no-interior-no-acre-chega-a-40-segundo-pesquisa-do-forum-de-seguranca-publica\/#breadcrumb\"},\"inLanguage\":\"pt-BR\",\"potentialAction\":[{\"@type\":\"ReadAction\",\"target\":[\"https:\/\/nk7-testes.com.br\/agazeta\/indice-de-violencia-no-interior-no-acre-chega-a-40-segundo-pesquisa-do-forum-de-seguranca-publica\/\"]}]},{\"@type\":\"ImageObject\",\"inLanguage\":\"pt-BR\",\"@id\":\"https:\/\/nk7-testes.com.br\/agazeta\/indice-de-violencia-no-interior-no-acre-chega-a-40-segundo-pesquisa-do-forum-de-seguranca-publica\/#primaryimage\",\"url\":\"https:\/\/nk7-testes.com.br\/agazeta\/wp-content\/uploads\/2023\/12\/Imagem-9-Seguranca-Publica.webp\",\"contentUrl\":\"https:\/\/nk7-testes.com.br\/agazeta\/wp-content\/uploads\/2023\/12\/Imagem-9-Seguranca-Publica.webp\",\"width\":1024,\"height\":576,\"caption\":\"Imagem:reprodu\u00e7\u00e3o\"},{\"@type\":\"BreadcrumbList\",\"@id\":\"https:\/\/nk7-testes.com.br\/agazeta\/indice-de-violencia-no-interior-no-acre-chega-a-40-segundo-pesquisa-do-forum-de-seguranca-publica\/#breadcrumb\",\"itemListElement\":[{\"@type\":\"ListItem\",\"position\":1,\"name\":\"In\u00edcio\",\"item\":\"https:\/\/nk7-testes.com.br\/agazeta\/\"},{\"@type\":\"ListItem\",\"position\":2,\"name\":\"\u00cdndice de viol\u00eancia no interior no Acre chega a 40%, segundo pesquisa do F\u00f3rum de Seguran\u00e7a P\u00fablica\"}]},{\"@type\":\"WebSite\",\"@id\":\"https:\/\/nk7-testes.com.br\/agazeta\/#website\",\"url\":\"https:\/\/nk7-testes.com.br\/agazeta\/\",\"name\":\"Agazeta.net\",\"description\":\"Agazeta.net - Not\u00edcias de Rio Branco\/AC\",\"potentialAction\":[{\"@type\":\"SearchAction\",\"target\":{\"@type\":\"EntryPoint\",\"urlTemplate\":\"https:\/\/nk7-testes.com.br\/agazeta\/?s={search_term_string}\"},\"query-input\":{\"@type\":\"PropertyValueSpecification\",\"valueRequired\":true,\"valueName\":\"search_term_string\"}}],\"inLanguage\":\"pt-BR\"},{\"@type\":\"Person\",\"@id\":\"https:\/\/nk7-testes.com.br\/agazeta\/#\/schema\/person\/ff6b39d54d6973bfc57f4140f659b23f\",\"name\":\"Agazeta.Net\",\"url\":\"https:\/\/nk7-testes.com.br\/agazeta\/author\/agazeta\/\"}]}<\/script>\n<!-- \/ Yoast SEO plugin. -->","yoast_head_json":{"title":"\u00cdndice de viol\u00eancia no interior no Acre chega a 40%, segundo pesquisa do F\u00f3rum de Seguran\u00e7a P\u00fablica - Agazeta.net","robots":{"index":"index","follow":"follow","max-snippet":"max-snippet:-1","max-image-preview":"max-image-preview:large","max-video-preview":"max-video-preview:-1"},"canonical":"https:\/\/nk7-testes.com.br\/agazeta\/indice-de-violencia-no-interior-no-acre-chega-a-40-segundo-pesquisa-do-forum-de-seguranca-publica\/","og_locale":"pt_BR","og_type":"article","og_title":"\u00cdndice de viol\u00eancia no interior no Acre chega a 40%, segundo pesquisa do F\u00f3rum de Seguran\u00e7a P\u00fablica","og_description":"O \u00edndice de viol\u00eancia no Acre aumentou para 32% segundo pesquisa do F\u00f3rum Brasileiro de Seguran\u00e7a P\u00fablica (FBSP) publicada na \u00faltima quinta-feira (30). Al\u00e9m disso, a m\u00e9dia da viol\u00eancia letal fora da capital do Acre chega a 40%. Com isso, dois fatores contribuem para esse aumento, como a briga por terras e a disputa entre [&hellip;]","og_url":"https:\/\/nk7-testes.com.br\/agazeta\/indice-de-violencia-no-interior-no-acre-chega-a-40-segundo-pesquisa-do-forum-de-seguranca-publica\/","og_site_name":"Agazeta.net","article_published_time":"2023-12-04T16:47:34+00:00","article_modified_time":"2023-12-08T03:50:14+00:00","og_image":[{"width":1024,"height":576,"url":"https:\/\/nk7-testes.com.br\/agazeta\/wp-content\/uploads\/2023\/12\/Imagem-9-Seguranca-Publica.webp","type":"image\/webp"}],"author":"Agazeta.Net","twitter_card":"summary_large_image","twitter_title":"\u00cdndice de viol\u00eancia no interior no Acre chega a 40%, segundo pesquisa do F\u00f3rum de Seguran\u00e7a P\u00fablica","twitter_image":"https:\/\/nk7-testes.com.br\/agazeta\/wp-content\/uploads\/2023\/12\/Imagem-9-Seguranca-Publica.webp","twitter_misc":{"Escrito por":"Agazeta.Net","Est. tempo de leitura":"2 minutos"},"schema":{"@context":"https:\/\/schema.org","@graph":[{"@type":"WebPage","@id":"https:\/\/nk7-testes.com.br\/agazeta\/indice-de-violencia-no-interior-no-acre-chega-a-40-segundo-pesquisa-do-forum-de-seguranca-publica\/","url":"https:\/\/nk7-testes.com.br\/agazeta\/indice-de-violencia-no-interior-no-acre-chega-a-40-segundo-pesquisa-do-forum-de-seguranca-publica\/","name":"\u00cdndice de viol\u00eancia no interior no Acre chega a 40%, segundo pesquisa do F\u00f3rum de Seguran\u00e7a P\u00fablica - Agazeta.net","isPartOf":{"@id":"https:\/\/nk7-testes.com.br\/agazeta\/#website"},"primaryImageOfPage":{"@id":"https:\/\/nk7-testes.com.br\/agazeta\/indice-de-violencia-no-interior-no-acre-chega-a-40-segundo-pesquisa-do-forum-de-seguranca-publica\/#primaryimage"},"image":{"@id":"https:\/\/nk7-testes.com.br\/agazeta\/indice-de-violencia-no-interior-no-acre-chega-a-40-segundo-pesquisa-do-forum-de-seguranca-publica\/#primaryimage"},"thumbnailUrl":"https:\/\/nk7-testes.com.br\/agazeta\/wp-content\/uploads\/2023\/12\/Imagem-9-Seguranca-Publica.webp","datePublished":"2023-12-04T16:47:34+00:00","dateModified":"2023-12-08T03:50:14+00:00","author":{"@id":"https:\/\/nk7-testes.com.br\/agazeta\/#\/schema\/person\/ff6b39d54d6973bfc57f4140f659b23f"},"breadcrumb":{"@id":"https:\/\/nk7-testes.com.br\/agazeta\/indice-de-violencia-no-interior-no-acre-chega-a-40-segundo-pesquisa-do-forum-de-seguranca-publica\/#breadcrumb"},"inLanguage":"pt-BR","potentialAction":[{"@type":"ReadAction","target":["https:\/\/nk7-testes.com.br\/agazeta\/indice-de-violencia-no-interior-no-acre-chega-a-40-segundo-pesquisa-do-forum-de-seguranca-publica\/"]}]},{"@type":"ImageObject","inLanguage":"pt-BR","@id":"https:\/\/nk7-testes.com.br\/agazeta\/indice-de-violencia-no-interior-no-acre-chega-a-40-segundo-pesquisa-do-forum-de-seguranca-publica\/#primaryimage","url":"https:\/\/nk7-testes.com.br\/agazeta\/wp-content\/uploads\/2023\/12\/Imagem-9-Seguranca-Publica.webp","contentUrl":"https:\/\/nk7-testes.com.br\/agazeta\/wp-content\/uploads\/2023\/12\/Imagem-9-Seguranca-Publica.webp","width":1024,"height":576,"caption":"Imagem:reprodu\u00e7\u00e3o"},{"@type":"BreadcrumbList","@id":"https:\/\/nk7-testes.com.br\/agazeta\/indice-de-violencia-no-interior-no-acre-chega-a-40-segundo-pesquisa-do-forum-de-seguranca-publica\/#breadcrumb","itemListElement":[{"@type":"ListItem","position":1,"name":"In\u00edcio","item":"https:\/\/nk7-testes.com.br\/agazeta\/"},{"@type":"ListItem","position":2,"name":"\u00cdndice de viol\u00eancia no interior no Acre chega a 40%, segundo pesquisa do F\u00f3rum de Seguran\u00e7a P\u00fablica"}]},{"@type":"WebSite","@id":"https:\/\/nk7-testes.com.br\/agazeta\/#website","url":"https:\/\/nk7-testes.com.br\/agazeta\/","name":"Agazeta.net","description":"Agazeta.net - Not\u00edcias de Rio Branco\/AC","potentialAction":[{"@type":"SearchAction","target":{"@type":"EntryPoint","urlTemplate":"https:\/\/nk7-testes.com.br\/agazeta\/?s={search_term_string}"},"query-input":{"@type":"PropertyValueSpecification","valueRequired":true,"valueName":"search_term_string"}}],"inLanguage":"pt-BR"},{"@type":"Person","@id":"https:\/\/nk7-testes.com.br\/agazeta\/#\/schema\/person\/ff6b39d54d6973bfc57f4140f659b23f","name":"Agazeta.Net","url":"https:\/\/nk7-testes.com.br\/agazeta\/author\/agazeta\/"}]}},"_links":{"self":[{"href":"https:\/\/nk7-testes.com.br\/agazeta\/wp-json\/wp\/v2\/posts\/123025","targetHints":{"allow":["GET"]}}],"collection":[{"href":"https:\/\/nk7-testes.com.br\/agazeta\/wp-json\/wp\/v2\/posts"}],"about":[{"href":"https:\/\/nk7-testes.com.br\/agazeta\/wp-json\/wp\/v2\/types\/post"}],"author":[{"embeddable":true,"href":"https:\/\/nk7-testes.com.br\/agazeta\/wp-json\/wp\/v2\/users\/4"}],"replies":[{"embeddable":true,"href":"https:\/\/nk7-testes.com.br\/agazeta\/wp-json\/wp\/v2\/comments?post=123025"}],"version-history":[{"count":0,"href":"https:\/\/nk7-testes.com.br\/agazeta\/wp-json\/wp\/v2\/posts\/123025\/revisions"}],"wp:featuredmedia":[{"embeddable":true,"href":"https:\/\/nk7-testes.com.br\/agazeta\/wp-json\/wp\/v2\/media\/123026"}],"wp:attachment":[{"href":"https:\/\/nk7-testes.com.br\/agazeta\/wp-json\/wp\/v2\/media?parent=123025"}],"wp:term":[{"taxonomy":"category","embeddable":true,"href":"https:\/\/nk7-testes.com.br\/agazeta\/wp-json\/wp\/v2\/categories?post=123025"},{"taxonomy":"post_tag","embeddable":true,"href":"https:\/\/nk7-testes.com.br\/agazeta\/wp-json\/wp\/v2\/tags?post=123025"}],"curies":[{"name":"wp","href":"https:\/\/api.w.org\/{rel}","templated":true}]}}