{"id":122903,"date":"2023-12-01T16:45:37","date_gmt":"2023-12-01T21:45:37","guid":{"rendered":"https:\/\/abarevegan.com.br\/?p=122903"},"modified":"2023-12-01T16:48:35","modified_gmt":"2023-12-01T21:48:35","slug":"mesmo-situada-na-amazonia-rio-branco-e-uma-das-capitais-menos-arborizadas-do-pais","status":"publish","type":"post","link":"https:\/\/nk7-testes.com.br\/agazeta\/mesmo-situada-na-amazonia-rio-branco-e-uma-das-capitais-menos-arborizadas-do-pais\/","title":{"rendered":"Mesmo situada na Amaz\u00f4nia, Rio Branco \u00e9 uma das capitais menos arborizadas do pa\u00eds"},"content":{"rendered":"<p>Por <strong>Jo\u00e3o Cardoso<\/strong> para o <strong>Agazeta.net<\/strong><\/p>\n<p style=\"text-align: justify;\">Com o objetivo de trabalhar o reflorestamento, a Prefeitura de Rio Branco por meio da Secretaria Municipal de Meio Ambiente (Semeia) realizou, nesta quinta-feira (30), a intensifica\u00e7\u00e3o do plantio de \u00e1rvores no parque Vale do A\u00e7a\u00ed. O projeto visa uma maior arboriza\u00e7\u00e3o, j\u00e1 que a capital ocupa a 5\u00aa coloca\u00e7\u00e3o entre as cidades menos arborizadas do pa\u00eds.<\/p>\n<p style=\"text-align: justify;\">Apesar de estar situada na regi\u00e3o amaz\u00f4nica, a cidade de Rio Branco figura entre as menos arborizadas do Brasil. O levantamento do Instituto Brasileiro de Geografia e Estat\u00edstica (IBGE), anunciado em 2019, mostrou que somente 13,78% da cidade t\u00eam cobertura verde.<\/p>\n<p style=\"text-align: justify;\">O secret\u00e1rio municipal de Meio Ambiente, Carlos Nassarela, afirma que a gest\u00e3o trabalha a proposta de plantar mudas de \u00e1rvores de diferentes esp\u00e9cies em pelo menos 12 hectares de \u00e1reas ou parques urbanos.<\/p>\n<p style=\"text-align: justify;\">\u201cA qualidade de vida muda com a floresta. As pessoas menos favorecidas sempre procurar sombra pra poder se beneficiar, vamos fazer a diferen\u00e7a nesse plantio.\u201d, diz o secret\u00e1rio<\/p>\n<p style=\"text-align: justify;\">Com a a\u00e7\u00e3o, a Prefeitura visa reflorestar, no primeiro momento, um replantio com cerca de 500 mudas de \u00e1rvore, estendendo o projeto para outras localidades.<\/p>\n<p style=\"text-align: justify;\">Apesar da extens\u00e3o e facilidade do projeto, \u00e9 preciso um trabalho t\u00e9cnico para garantir o crescimento das mudas.<\/p>\n<p><em>Estagi\u00e1rio supervisionado por Gisele Almeida<\/em><\/p>\n","protected":false},"excerpt":{"rendered":"<p>Por Jo\u00e3o Cardoso para o Agazeta.net Com o objetivo de trabalhar o reflorestamento, a Prefeitura de Rio Branco por meio da Secretaria Municipal de Meio Ambiente (Semeia) realizou, nesta quinta-feira (30), a intensifica\u00e7\u00e3o do plantio de \u00e1rvores no parque Vale do A\u00e7a\u00ed. O projeto visa uma maior arboriza\u00e7\u00e3o, j\u00e1 que a capital ocupa a 5\u00aa [&hellip;]<\/p>\n","protected":false},"author":4,"featured_media":122904,"comment_status":"open","ping_status":"open","sticky":false,"template":"","format":"standard","meta":{"jnews-multi-image_gallery":[],"jnews_single_post":{"source_name":"","source_url":"","via_name":"","via_url":"","override_template":"0","override":[{"template":"custom","single_blog_custom":"110746","parallax":"1","fullscreen":"1","layout":"right-sidebar","sidebar":"default-sidebar","second_sidebar":"default-sidebar","sticky_sidebar":"1","share_position":"top","share_float_style":"share-monocrhome","show_share_counter":"1","show_view_counter":"1","show_featured":"1","show_post_meta":"1","show_post_author":"1","show_post_author_image":"1","show_post_date":"1","post_date_format":"default","post_date_format_custom":"Y\/m\/d","show_post_category":"1","show_post_reading_time":"0","post_reading_time_wpm":"300","show_zoom_button":"0","zoom_button_out_step":"2","zoom_button_in_step":"3","show_post_tag":"1","show_prev_next_post":"1","show_popup_post":"1","number_popup_post":"1","show_author_box":"0","show_post_related":"1","show_inline_post_related":"0"}],"override_image_size":"0","image_override":[{"single_post_thumbnail_size":"crop-500","single_post_gallery_size":"crop-500"}],"trending_post":"0","trending_post_position":"meta","trending_post_label":"Trending","sponsored_post":"0","sponsored_post_label":"Sponsored by","sponsored_post_name":"","sponsored_post_url":"","sponsored_post_logo_enable":"0","sponsored_post_logo":"","sponsored_post_desc":"","disable_ad":"0"},"jnews_primary_category":{"id":"","hide":""},"jnews_social_meta":{"fb_title":"","fb_description":"","fb_image":"","twitter_title":"","twitter_description":"","twitter_image":""},"jnews_review":[],"enable_review":"0","type":"percentage","name":"","summary":"","brand":"","sku":"","good":[{"good_text":""}],"bad":[{"bad_text":""}],"score_override":"0","override_value":"","rating":[{"rating_text":"","rating_number":"10"}],"price":[{"shop":"","price":"","link":"","icon":""}],"footnotes":""},"categories":[54],"tags":[],"class_list":["post-122903","post","type-post","status-publish","format-standard","has-post-thumbnail","hentry","category-cotidiano"],"yoast_head":"<!-- This site is optimized with the Yoast SEO plugin v26.5 - https:\/\/yoast.com\/wordpress\/plugins\/seo\/ -->\n<title>Mesmo situada na Amaz\u00f4nia, Rio Branco \u00e9 uma das capitais menos arborizadas do pa\u00eds - Agazeta.net<\/title>\n<meta name=\"robots\" content=\"index, follow, max-snippet:-1, max-image-preview:large, max-video-preview:-1\" \/>\n<link rel=\"canonical\" href=\"https:\/\/nk7-testes.com.br\/agazeta\/mesmo-situada-na-amazonia-rio-branco-e-uma-das-capitais-menos-arborizadas-do-pais\/\" \/>\n<meta property=\"og:locale\" content=\"pt_BR\" \/>\n<meta property=\"og:type\" content=\"article\" \/>\n<meta property=\"og:title\" content=\"Mesmo situada na Amaz\u00f4nia, Rio Branco \u00e9 uma das capitais menos arborizadas do pa\u00eds\" \/>\n<meta property=\"og:description\" content=\"Prefeitura de Rio Branco realiza a intensifica\u00e7\u00e3o do plantio de \u00e1rvores no parque Vale do A\u00e7a\u00ed\" \/>\n<meta property=\"og:url\" content=\"https:\/\/nk7-testes.com.br\/agazeta\/mesmo-situada-na-amazonia-rio-branco-e-uma-das-capitais-menos-arborizadas-do-pais\/\" \/>\n<meta property=\"og:site_name\" content=\"Agazeta.net\" \/>\n<meta property=\"article:published_time\" content=\"2023-12-01T21:45:37+00:00\" \/>\n<meta property=\"article:modified_time\" content=\"2023-12-01T21:48:35+00:00\" \/>\n<meta property=\"og:image\" content=\"https:\/\/nk7-testes.com.br\/agazeta\/wp-content\/uploads\/2023\/12\/bibliotecarb.jpg\" \/>\n\t<meta property=\"og:image:width\" content=\"800\" \/>\n\t<meta property=\"og:image:height\" content=\"400\" \/>\n\t<meta property=\"og:image:type\" content=\"image\/jpeg\" \/>\n<meta name=\"author\" content=\"Agazeta.Net\" \/>\n<meta name=\"twitter:card\" content=\"summary_large_image\" \/>\n<meta name=\"twitter:label1\" content=\"Escrito por\" \/>\n\t<meta name=\"twitter:data1\" content=\"Agazeta.Net\" \/>\n\t<meta name=\"twitter:label2\" content=\"Est. tempo de leitura\" \/>\n\t<meta name=\"twitter:data2\" content=\"1 minuto\" \/>\n<script type=\"application\/ld+json\" class=\"yoast-schema-graph\">{\"@context\":\"https:\/\/schema.org\",\"@graph\":[{\"@type\":\"WebPage\",\"@id\":\"https:\/\/nk7-testes.com.br\/agazeta\/mesmo-situada-na-amazonia-rio-branco-e-uma-das-capitais-menos-arborizadas-do-pais\/\",\"url\":\"https:\/\/nk7-testes.com.br\/agazeta\/mesmo-situada-na-amazonia-rio-branco-e-uma-das-capitais-menos-arborizadas-do-pais\/\",\"name\":\"Mesmo situada na Amaz\u00f4nia, Rio Branco \u00e9 uma das capitais menos arborizadas do pa\u00eds - Agazeta.net\",\"isPartOf\":{\"@id\":\"https:\/\/nk7-testes.com.br\/agazeta\/#website\"},\"primaryImageOfPage\":{\"@id\":\"https:\/\/nk7-testes.com.br\/agazeta\/mesmo-situada-na-amazonia-rio-branco-e-uma-das-capitais-menos-arborizadas-do-pais\/#primaryimage\"},\"image\":{\"@id\":\"https:\/\/nk7-testes.com.br\/agazeta\/mesmo-situada-na-amazonia-rio-branco-e-uma-das-capitais-menos-arborizadas-do-pais\/#primaryimage\"},\"thumbnailUrl\":\"https:\/\/nk7-testes.com.br\/agazeta\/wp-content\/uploads\/2023\/12\/bibliotecarb.jpg\",\"datePublished\":\"2023-12-01T21:45:37+00:00\",\"dateModified\":\"2023-12-01T21:48:35+00:00\",\"author\":{\"@id\":\"https:\/\/nk7-testes.com.br\/agazeta\/#\/schema\/person\/ff6b39d54d6973bfc57f4140f659b23f\"},\"breadcrumb\":{\"@id\":\"https:\/\/nk7-testes.com.br\/agazeta\/mesmo-situada-na-amazonia-rio-branco-e-uma-das-capitais-menos-arborizadas-do-pais\/#breadcrumb\"},\"inLanguage\":\"pt-BR\",\"potentialAction\":[{\"@type\":\"ReadAction\",\"target\":[\"https:\/\/nk7-testes.com.br\/agazeta\/mesmo-situada-na-amazonia-rio-branco-e-uma-das-capitais-menos-arborizadas-do-pais\/\"]}]},{\"@type\":\"ImageObject\",\"inLanguage\":\"pt-BR\",\"@id\":\"https:\/\/nk7-testes.com.br\/agazeta\/mesmo-situada-na-amazonia-rio-branco-e-uma-das-capitais-menos-arborizadas-do-pais\/#primaryimage\",\"url\":\"https:\/\/nk7-testes.com.br\/agazeta\/wp-content\/uploads\/2023\/12\/bibliotecarb.jpg\",\"contentUrl\":\"https:\/\/nk7-testes.com.br\/agazeta\/wp-content\/uploads\/2023\/12\/bibliotecarb.jpg\",\"width\":800,\"height\":400},{\"@type\":\"BreadcrumbList\",\"@id\":\"https:\/\/nk7-testes.com.br\/agazeta\/mesmo-situada-na-amazonia-rio-branco-e-uma-das-capitais-menos-arborizadas-do-pais\/#breadcrumb\",\"itemListElement\":[{\"@type\":\"ListItem\",\"position\":1,\"name\":\"In\u00edcio\",\"item\":\"https:\/\/nk7-testes.com.br\/agazeta\/\"},{\"@type\":\"ListItem\",\"position\":2,\"name\":\"Mesmo situada na Amaz\u00f4nia, Rio Branco \u00e9 uma das capitais menos arborizadas do pa\u00eds\"}]},{\"@type\":\"WebSite\",\"@id\":\"https:\/\/nk7-testes.com.br\/agazeta\/#website\",\"url\":\"https:\/\/nk7-testes.com.br\/agazeta\/\",\"name\":\"Agazeta.net\",\"description\":\"Agazeta.net - Not\u00edcias de Rio Branco\/AC\",\"potentialAction\":[{\"@type\":\"SearchAction\",\"target\":{\"@type\":\"EntryPoint\",\"urlTemplate\":\"https:\/\/nk7-testes.com.br\/agazeta\/?s={search_term_string}\"},\"query-input\":{\"@type\":\"PropertyValueSpecification\",\"valueRequired\":true,\"valueName\":\"search_term_string\"}}],\"inLanguage\":\"pt-BR\"},{\"@type\":\"Person\",\"@id\":\"https:\/\/nk7-testes.com.br\/agazeta\/#\/schema\/person\/ff6b39d54d6973bfc57f4140f659b23f\",\"name\":\"Agazeta.Net\",\"url\":\"https:\/\/nk7-testes.com.br\/agazeta\/author\/agazeta\/\"}]}<\/script>\n<!-- \/ Yoast SEO plugin. -->","yoast_head_json":{"title":"Mesmo situada na Amaz\u00f4nia, Rio Branco \u00e9 uma das capitais menos arborizadas do pa\u00eds - Agazeta.net","robots":{"index":"index","follow":"follow","max-snippet":"max-snippet:-1","max-image-preview":"max-image-preview:large","max-video-preview":"max-video-preview:-1"},"canonical":"https:\/\/nk7-testes.com.br\/agazeta\/mesmo-situada-na-amazonia-rio-branco-e-uma-das-capitais-menos-arborizadas-do-pais\/","og_locale":"pt_BR","og_type":"article","og_title":"Mesmo situada na Amaz\u00f4nia, Rio Branco \u00e9 uma das capitais menos arborizadas do pa\u00eds","og_description":"Prefeitura de Rio Branco realiza a intensifica\u00e7\u00e3o do plantio de \u00e1rvores no parque Vale do A\u00e7a\u00ed","og_url":"https:\/\/nk7-testes.com.br\/agazeta\/mesmo-situada-na-amazonia-rio-branco-e-uma-das-capitais-menos-arborizadas-do-pais\/","og_site_name":"Agazeta.net","article_published_time":"2023-12-01T21:45:37+00:00","article_modified_time":"2023-12-01T21:48:35+00:00","og_image":[{"width":800,"height":400,"url":"https:\/\/nk7-testes.com.br\/agazeta\/wp-content\/uploads\/2023\/12\/bibliotecarb.jpg","type":"image\/jpeg"}],"author":"Agazeta.Net","twitter_card":"summary_large_image","twitter_misc":{"Escrito por":"Agazeta.Net","Est. tempo de leitura":"1 minuto"},"schema":{"@context":"https:\/\/schema.org","@graph":[{"@type":"WebPage","@id":"https:\/\/nk7-testes.com.br\/agazeta\/mesmo-situada-na-amazonia-rio-branco-e-uma-das-capitais-menos-arborizadas-do-pais\/","url":"https:\/\/nk7-testes.com.br\/agazeta\/mesmo-situada-na-amazonia-rio-branco-e-uma-das-capitais-menos-arborizadas-do-pais\/","name":"Mesmo situada na Amaz\u00f4nia, Rio Branco \u00e9 uma das capitais menos arborizadas do pa\u00eds - Agazeta.net","isPartOf":{"@id":"https:\/\/nk7-testes.com.br\/agazeta\/#website"},"primaryImageOfPage":{"@id":"https:\/\/nk7-testes.com.br\/agazeta\/mesmo-situada-na-amazonia-rio-branco-e-uma-das-capitais-menos-arborizadas-do-pais\/#primaryimage"},"image":{"@id":"https:\/\/nk7-testes.com.br\/agazeta\/mesmo-situada-na-amazonia-rio-branco-e-uma-das-capitais-menos-arborizadas-do-pais\/#primaryimage"},"thumbnailUrl":"https:\/\/nk7-testes.com.br\/agazeta\/wp-content\/uploads\/2023\/12\/bibliotecarb.jpg","datePublished":"2023-12-01T21:45:37+00:00","dateModified":"2023-12-01T21:48:35+00:00","author":{"@id":"https:\/\/nk7-testes.com.br\/agazeta\/#\/schema\/person\/ff6b39d54d6973bfc57f4140f659b23f"},"breadcrumb":{"@id":"https:\/\/nk7-testes.com.br\/agazeta\/mesmo-situada-na-amazonia-rio-branco-e-uma-das-capitais-menos-arborizadas-do-pais\/#breadcrumb"},"inLanguage":"pt-BR","potentialAction":[{"@type":"ReadAction","target":["https:\/\/nk7-testes.com.br\/agazeta\/mesmo-situada-na-amazonia-rio-branco-e-uma-das-capitais-menos-arborizadas-do-pais\/"]}]},{"@type":"ImageObject","inLanguage":"pt-BR","@id":"https:\/\/nk7-testes.com.br\/agazeta\/mesmo-situada-na-amazonia-rio-branco-e-uma-das-capitais-menos-arborizadas-do-pais\/#primaryimage","url":"https:\/\/nk7-testes.com.br\/agazeta\/wp-content\/uploads\/2023\/12\/bibliotecarb.jpg","contentUrl":"https:\/\/nk7-testes.com.br\/agazeta\/wp-content\/uploads\/2023\/12\/bibliotecarb.jpg","width":800,"height":400},{"@type":"BreadcrumbList","@id":"https:\/\/nk7-testes.com.br\/agazeta\/mesmo-situada-na-amazonia-rio-branco-e-uma-das-capitais-menos-arborizadas-do-pais\/#breadcrumb","itemListElement":[{"@type":"ListItem","position":1,"name":"In\u00edcio","item":"https:\/\/nk7-testes.com.br\/agazeta\/"},{"@type":"ListItem","position":2,"name":"Mesmo situada na Amaz\u00f4nia, Rio Branco \u00e9 uma das capitais menos arborizadas do pa\u00eds"}]},{"@type":"WebSite","@id":"https:\/\/nk7-testes.com.br\/agazeta\/#website","url":"https:\/\/nk7-testes.com.br\/agazeta\/","name":"Agazeta.net","description":"Agazeta.net - Not\u00edcias de Rio Branco\/AC","potentialAction":[{"@type":"SearchAction","target":{"@type":"EntryPoint","urlTemplate":"https:\/\/nk7-testes.com.br\/agazeta\/?s={search_term_string}"},"query-input":{"@type":"PropertyValueSpecification","valueRequired":true,"valueName":"search_term_string"}}],"inLanguage":"pt-BR"},{"@type":"Person","@id":"https:\/\/nk7-testes.com.br\/agazeta\/#\/schema\/person\/ff6b39d54d6973bfc57f4140f659b23f","name":"Agazeta.Net","url":"https:\/\/nk7-testes.com.br\/agazeta\/author\/agazeta\/"}]}},"_links":{"self":[{"href":"https:\/\/nk7-testes.com.br\/agazeta\/wp-json\/wp\/v2\/posts\/122903","targetHints":{"allow":["GET"]}}],"collection":[{"href":"https:\/\/nk7-testes.com.br\/agazeta\/wp-json\/wp\/v2\/posts"}],"about":[{"href":"https:\/\/nk7-testes.com.br\/agazeta\/wp-json\/wp\/v2\/types\/post"}],"author":[{"embeddable":true,"href":"https:\/\/nk7-testes.com.br\/agazeta\/wp-json\/wp\/v2\/users\/4"}],"replies":[{"embeddable":true,"href":"https:\/\/nk7-testes.com.br\/agazeta\/wp-json\/wp\/v2\/comments?post=122903"}],"version-history":[{"count":0,"href":"https:\/\/nk7-testes.com.br\/agazeta\/wp-json\/wp\/v2\/posts\/122903\/revisions"}],"wp:featuredmedia":[{"embeddable":true,"href":"https:\/\/nk7-testes.com.br\/agazeta\/wp-json\/wp\/v2\/media\/122904"}],"wp:attachment":[{"href":"https:\/\/nk7-testes.com.br\/agazeta\/wp-json\/wp\/v2\/media?parent=122903"}],"wp:term":[{"taxonomy":"category","embeddable":true,"href":"https:\/\/nk7-testes.com.br\/agazeta\/wp-json\/wp\/v2\/categories?post=122903"},{"taxonomy":"post_tag","embeddable":true,"href":"https:\/\/nk7-testes.com.br\/agazeta\/wp-json\/wp\/v2\/tags?post=122903"}],"curies":[{"name":"wp","href":"https:\/\/api.w.org\/{rel}","templated":true}]}}