{"id":122898,"date":"2023-12-01T16:17:06","date_gmt":"2023-12-01T21:17:06","guid":{"rendered":"https:\/\/abarevegan.com.br\/?p=122898"},"modified":"2023-12-01T16:17:06","modified_gmt":"2023-12-01T21:17:06","slug":"empresa-aerea-e-condenada-a-indenizar-passageiro-acreano-por-atraso-de-18-horas-em-voo","status":"publish","type":"post","link":"https:\/\/nk7-testes.com.br\/agazeta\/empresa-aerea-e-condenada-a-indenizar-passageiro-acreano-por-atraso-de-18-horas-em-voo\/","title":{"rendered":"Empresa a\u00e9rea \u00e9 condenada a indenizar passageiro acreano por atraso de 18 horas em voo"},"content":{"rendered":"<p style=\"text-align: justify;\">O Juizado Especial C\u00edvel da Comarca de Acrel\u00e2ndia condenou uma empresa \u00e1rea a pagar ao reclamante o valor de R$ 82,90, a t\u00edtulo de indeniza\u00e7\u00e3o por dano material e R$ 2 mil, a t\u00edtulo de danos morais. A senten\u00e7a foi proferida pelo juiz de Direito substituto, Guilherme Miotto, e foi publicada na edi\u00e7\u00e3o n.\u00ba 7.423, do Di\u00e1rio da Justi\u00e7a.<\/p>\n<p style=\"text-align: justify;\">O reclamante afirmou que chegou \u00e0 Rio Branco, Acre, com 18 horas de atraso, ap\u00f3s o seu voo procedente de Bras\u00edlia\/DF ser desviado para a cidade de Porto Velho\/RO. O consumidor relata que pernoitou na capital de Rond\u00f4nia, sem qualquer assist\u00eancia material e alimenta\u00e7\u00e3o.<\/p>\n<p style=\"text-align: justify;\">A companhia a\u00e9rea apresentou contesta\u00e7\u00e3o, justificando que o voo foi alterado por quest\u00f5es operacionais do aeroporto de Rio Branco e que o passageiro recebeu toda a assist\u00eancia material, al\u00e9m de hospedagem, transporte e alimenta\u00e7\u00e3o.<\/p>\n<p style=\"text-align: justify;\">Portanto, a senten\u00e7a foi julgada a favor do consumidor, principalmente por considerar que o tempo do deslocamento total n\u00e3o foi razo\u00e1vel para um trajeto que quando foi adquirido tinha a previs\u00e3o de ser\u00a0 percorrido em 50 minutos de voo. Assim, para os valores estabelecidos referentes as indeniza\u00e7\u00f5es incidem corre\u00e7\u00e3o monet\u00e1ria pelo INPC e juros de mora de 1% ao m\u00eas, a contar da cita\u00e7\u00e3o.<\/p>\n","protected":false},"excerpt":{"rendered":"<p>O Juizado Especial C\u00edvel da Comarca de Acrel\u00e2ndia condenou uma empresa \u00e1rea a pagar ao reclamante o valor de R$ 82,90, a t\u00edtulo de indeniza\u00e7\u00e3o por dano material e R$ 2 mil, a t\u00edtulo de danos morais. A senten\u00e7a foi proferida pelo juiz de Direito substituto, Guilherme Miotto, e foi publicada na edi\u00e7\u00e3o n.\u00ba 7.423, [&hellip;]<\/p>\n","protected":false},"author":4,"featured_media":122900,"comment_status":"open","ping_status":"open","sticky":false,"template":"","format":"standard","meta":{"jnews-multi-image_gallery":[],"jnews_single_post":{"source_name":"","source_url":"","via_name":"","via_url":"","override_template":"0","override":[{"template":"custom","single_blog_custom":"110746","parallax":"1","fullscreen":"1","layout":"right-sidebar","sidebar":"default-sidebar","second_sidebar":"default-sidebar","sticky_sidebar":"1","share_position":"top","share_float_style":"share-monocrhome","show_share_counter":"1","show_view_counter":"1","show_featured":"1","show_post_meta":"1","show_post_author":"1","show_post_author_image":"1","show_post_date":"1","post_date_format":"default","post_date_format_custom":"Y\/m\/d","show_post_category":"1","show_post_reading_time":"0","post_reading_time_wpm":"300","show_zoom_button":"0","zoom_button_out_step":"2","zoom_button_in_step":"3","show_post_tag":"1","show_prev_next_post":"1","show_popup_post":"1","number_popup_post":"1","show_author_box":"0","show_post_related":"1","show_inline_post_related":"0"}],"override_image_size":"0","image_override":[{"single_post_thumbnail_size":"crop-500","single_post_gallery_size":"crop-500"}],"trending_post":"0","trending_post_position":"meta","trending_post_label":"Trending","sponsored_post":"0","sponsored_post_label":"Sponsored by","sponsored_post_name":"","sponsored_post_url":"","sponsored_post_logo_enable":"0","sponsored_post_logo":"","sponsored_post_desc":"","disable_ad":"0"},"jnews_primary_category":{"id":"","hide":""},"jnews_social_meta":{"fb_title":"","fb_description":"","fb_image":"","twitter_title":"","twitter_description":"","twitter_image":""},"jnews_review":[],"enable_review":"0","type":"percentage","name":"","summary":"","brand":"","sku":"","good":[{"good_text":""}],"bad":[{"bad_text":""}],"score_override":"0","override_value":"","rating":[{"rating_text":"","rating_number":"10"}],"price":[{"shop":"","price":"","link":"","icon":""}],"footnotes":""},"categories":[54],"tags":[],"class_list":["post-122898","post","type-post","status-publish","format-standard","has-post-thumbnail","hentry","category-cotidiano"],"yoast_head":"<!-- This site is optimized with the Yoast SEO plugin v26.5 - https:\/\/yoast.com\/wordpress\/plugins\/seo\/ -->\n<title>Empresa a\u00e9rea \u00e9 condenada a indenizar passageiro acreano por atraso de 18 horas em voo - Agazeta.net<\/title>\n<meta name=\"robots\" content=\"index, follow, max-snippet:-1, max-image-preview:large, max-video-preview:-1\" \/>\n<link rel=\"canonical\" href=\"https:\/\/nk7-testes.com.br\/agazeta\/empresa-aerea-e-condenada-a-indenizar-passageiro-acreano-por-atraso-de-18-horas-em-voo\/\" \/>\n<meta property=\"og:locale\" content=\"pt_BR\" \/>\n<meta property=\"og:type\" content=\"article\" \/>\n<meta property=\"og:title\" content=\"Empresa a\u00e9rea \u00e9 condenada a indenizar passageiro acreano por atraso de 18 horas em voo\" \/>\n<meta property=\"og:description\" content=\"Passageiro deve receber mais de R$ 2 mil por dano moral e material\" \/>\n<meta property=\"og:url\" content=\"https:\/\/nk7-testes.com.br\/agazeta\/empresa-aerea-e-condenada-a-indenizar-passageiro-acreano-por-atraso-de-18-horas-em-voo\/\" \/>\n<meta property=\"og:site_name\" content=\"Agazeta.net\" \/>\n<meta property=\"article:published_time\" content=\"2023-12-01T21:17:06+00:00\" \/>\n<meta property=\"og:image\" content=\"https:\/\/nk7-testes.com.br\/agazeta\/wp-content\/uploads\/2023\/12\/modelos-de-aviao-conheca-as-caracteristicas-e-especificacoes-dos-avioes-utilizados-em-linhas-aereas.jpeg\" \/>\n\t<meta property=\"og:image:width\" content=\"800\" \/>\n\t<meta property=\"og:image:height\" content=\"400\" \/>\n\t<meta property=\"og:image:type\" content=\"image\/jpeg\" \/>\n<meta name=\"author\" content=\"Agazeta.Net\" \/>\n<meta name=\"twitter:card\" content=\"summary_large_image\" \/>\n<meta name=\"twitter:label1\" content=\"Escrito por\" \/>\n\t<meta name=\"twitter:data1\" content=\"Agazeta.Net\" \/>\n\t<meta name=\"twitter:label2\" content=\"Est. tempo de leitura\" \/>\n\t<meta name=\"twitter:data2\" content=\"1 minuto\" \/>\n<script type=\"application\/ld+json\" class=\"yoast-schema-graph\">{\"@context\":\"https:\/\/schema.org\",\"@graph\":[{\"@type\":\"WebPage\",\"@id\":\"https:\/\/nk7-testes.com.br\/agazeta\/empresa-aerea-e-condenada-a-indenizar-passageiro-acreano-por-atraso-de-18-horas-em-voo\/\",\"url\":\"https:\/\/nk7-testes.com.br\/agazeta\/empresa-aerea-e-condenada-a-indenizar-passageiro-acreano-por-atraso-de-18-horas-em-voo\/\",\"name\":\"Empresa a\u00e9rea \u00e9 condenada a indenizar passageiro acreano por atraso de 18 horas em voo - Agazeta.net\",\"isPartOf\":{\"@id\":\"https:\/\/nk7-testes.com.br\/agazeta\/#website\"},\"primaryImageOfPage\":{\"@id\":\"https:\/\/nk7-testes.com.br\/agazeta\/empresa-aerea-e-condenada-a-indenizar-passageiro-acreano-por-atraso-de-18-horas-em-voo\/#primaryimage\"},\"image\":{\"@id\":\"https:\/\/nk7-testes.com.br\/agazeta\/empresa-aerea-e-condenada-a-indenizar-passageiro-acreano-por-atraso-de-18-horas-em-voo\/#primaryimage\"},\"thumbnailUrl\":\"https:\/\/nk7-testes.com.br\/agazeta\/wp-content\/uploads\/2023\/12\/modelos-de-aviao-conheca-as-caracteristicas-e-especificacoes-dos-avioes-utilizados-em-linhas-aereas.jpeg\",\"datePublished\":\"2023-12-01T21:17:06+00:00\",\"author\":{\"@id\":\"https:\/\/nk7-testes.com.br\/agazeta\/#\/schema\/person\/ff6b39d54d6973bfc57f4140f659b23f\"},\"breadcrumb\":{\"@id\":\"https:\/\/nk7-testes.com.br\/agazeta\/empresa-aerea-e-condenada-a-indenizar-passageiro-acreano-por-atraso-de-18-horas-em-voo\/#breadcrumb\"},\"inLanguage\":\"pt-BR\",\"potentialAction\":[{\"@type\":\"ReadAction\",\"target\":[\"https:\/\/nk7-testes.com.br\/agazeta\/empresa-aerea-e-condenada-a-indenizar-passageiro-acreano-por-atraso-de-18-horas-em-voo\/\"]}]},{\"@type\":\"ImageObject\",\"inLanguage\":\"pt-BR\",\"@id\":\"https:\/\/nk7-testes.com.br\/agazeta\/empresa-aerea-e-condenada-a-indenizar-passageiro-acreano-por-atraso-de-18-horas-em-voo\/#primaryimage\",\"url\":\"https:\/\/nk7-testes.com.br\/agazeta\/wp-content\/uploads\/2023\/12\/modelos-de-aviao-conheca-as-caracteristicas-e-especificacoes-dos-avioes-utilizados-em-linhas-aereas.jpeg\",\"contentUrl\":\"https:\/\/nk7-testes.com.br\/agazeta\/wp-content\/uploads\/2023\/12\/modelos-de-aviao-conheca-as-caracteristicas-e-especificacoes-dos-avioes-utilizados-em-linhas-aereas.jpeg\",\"width\":800,\"height\":400,\"caption\":\"Imagem: Azul\"},{\"@type\":\"BreadcrumbList\",\"@id\":\"https:\/\/nk7-testes.com.br\/agazeta\/empresa-aerea-e-condenada-a-indenizar-passageiro-acreano-por-atraso-de-18-horas-em-voo\/#breadcrumb\",\"itemListElement\":[{\"@type\":\"ListItem\",\"position\":1,\"name\":\"In\u00edcio\",\"item\":\"https:\/\/nk7-testes.com.br\/agazeta\/\"},{\"@type\":\"ListItem\",\"position\":2,\"name\":\"Empresa a\u00e9rea \u00e9 condenada a indenizar passageiro acreano por atraso de 18 horas em voo\"}]},{\"@type\":\"WebSite\",\"@id\":\"https:\/\/nk7-testes.com.br\/agazeta\/#website\",\"url\":\"https:\/\/nk7-testes.com.br\/agazeta\/\",\"name\":\"Agazeta.net\",\"description\":\"Agazeta.net - Not\u00edcias de Rio Branco\/AC\",\"potentialAction\":[{\"@type\":\"SearchAction\",\"target\":{\"@type\":\"EntryPoint\",\"urlTemplate\":\"https:\/\/nk7-testes.com.br\/agazeta\/?s={search_term_string}\"},\"query-input\":{\"@type\":\"PropertyValueSpecification\",\"valueRequired\":true,\"valueName\":\"search_term_string\"}}],\"inLanguage\":\"pt-BR\"},{\"@type\":\"Person\",\"@id\":\"https:\/\/nk7-testes.com.br\/agazeta\/#\/schema\/person\/ff6b39d54d6973bfc57f4140f659b23f\",\"name\":\"Agazeta.Net\",\"url\":\"https:\/\/nk7-testes.com.br\/agazeta\/author\/agazeta\/\"}]}<\/script>\n<!-- \/ Yoast SEO plugin. -->","yoast_head_json":{"title":"Empresa a\u00e9rea \u00e9 condenada a indenizar passageiro acreano por atraso de 18 horas em voo - Agazeta.net","robots":{"index":"index","follow":"follow","max-snippet":"max-snippet:-1","max-image-preview":"max-image-preview:large","max-video-preview":"max-video-preview:-1"},"canonical":"https:\/\/nk7-testes.com.br\/agazeta\/empresa-aerea-e-condenada-a-indenizar-passageiro-acreano-por-atraso-de-18-horas-em-voo\/","og_locale":"pt_BR","og_type":"article","og_title":"Empresa a\u00e9rea \u00e9 condenada a indenizar passageiro acreano por atraso de 18 horas em voo","og_description":"Passageiro deve receber mais de R$ 2 mil por dano moral e material","og_url":"https:\/\/nk7-testes.com.br\/agazeta\/empresa-aerea-e-condenada-a-indenizar-passageiro-acreano-por-atraso-de-18-horas-em-voo\/","og_site_name":"Agazeta.net","article_published_time":"2023-12-01T21:17:06+00:00","og_image":[{"width":800,"height":400,"url":"https:\/\/nk7-testes.com.br\/agazeta\/wp-content\/uploads\/2023\/12\/modelos-de-aviao-conheca-as-caracteristicas-e-especificacoes-dos-avioes-utilizados-em-linhas-aereas.jpeg","type":"image\/jpeg"}],"author":"Agazeta.Net","twitter_card":"summary_large_image","twitter_misc":{"Escrito por":"Agazeta.Net","Est. tempo de leitura":"1 minuto"},"schema":{"@context":"https:\/\/schema.org","@graph":[{"@type":"WebPage","@id":"https:\/\/nk7-testes.com.br\/agazeta\/empresa-aerea-e-condenada-a-indenizar-passageiro-acreano-por-atraso-de-18-horas-em-voo\/","url":"https:\/\/nk7-testes.com.br\/agazeta\/empresa-aerea-e-condenada-a-indenizar-passageiro-acreano-por-atraso-de-18-horas-em-voo\/","name":"Empresa a\u00e9rea \u00e9 condenada a indenizar passageiro acreano por atraso de 18 horas em voo - Agazeta.net","isPartOf":{"@id":"https:\/\/nk7-testes.com.br\/agazeta\/#website"},"primaryImageOfPage":{"@id":"https:\/\/nk7-testes.com.br\/agazeta\/empresa-aerea-e-condenada-a-indenizar-passageiro-acreano-por-atraso-de-18-horas-em-voo\/#primaryimage"},"image":{"@id":"https:\/\/nk7-testes.com.br\/agazeta\/empresa-aerea-e-condenada-a-indenizar-passageiro-acreano-por-atraso-de-18-horas-em-voo\/#primaryimage"},"thumbnailUrl":"https:\/\/nk7-testes.com.br\/agazeta\/wp-content\/uploads\/2023\/12\/modelos-de-aviao-conheca-as-caracteristicas-e-especificacoes-dos-avioes-utilizados-em-linhas-aereas.jpeg","datePublished":"2023-12-01T21:17:06+00:00","author":{"@id":"https:\/\/nk7-testes.com.br\/agazeta\/#\/schema\/person\/ff6b39d54d6973bfc57f4140f659b23f"},"breadcrumb":{"@id":"https:\/\/nk7-testes.com.br\/agazeta\/empresa-aerea-e-condenada-a-indenizar-passageiro-acreano-por-atraso-de-18-horas-em-voo\/#breadcrumb"},"inLanguage":"pt-BR","potentialAction":[{"@type":"ReadAction","target":["https:\/\/nk7-testes.com.br\/agazeta\/empresa-aerea-e-condenada-a-indenizar-passageiro-acreano-por-atraso-de-18-horas-em-voo\/"]}]},{"@type":"ImageObject","inLanguage":"pt-BR","@id":"https:\/\/nk7-testes.com.br\/agazeta\/empresa-aerea-e-condenada-a-indenizar-passageiro-acreano-por-atraso-de-18-horas-em-voo\/#primaryimage","url":"https:\/\/nk7-testes.com.br\/agazeta\/wp-content\/uploads\/2023\/12\/modelos-de-aviao-conheca-as-caracteristicas-e-especificacoes-dos-avioes-utilizados-em-linhas-aereas.jpeg","contentUrl":"https:\/\/nk7-testes.com.br\/agazeta\/wp-content\/uploads\/2023\/12\/modelos-de-aviao-conheca-as-caracteristicas-e-especificacoes-dos-avioes-utilizados-em-linhas-aereas.jpeg","width":800,"height":400,"caption":"Imagem: Azul"},{"@type":"BreadcrumbList","@id":"https:\/\/nk7-testes.com.br\/agazeta\/empresa-aerea-e-condenada-a-indenizar-passageiro-acreano-por-atraso-de-18-horas-em-voo\/#breadcrumb","itemListElement":[{"@type":"ListItem","position":1,"name":"In\u00edcio","item":"https:\/\/nk7-testes.com.br\/agazeta\/"},{"@type":"ListItem","position":2,"name":"Empresa a\u00e9rea \u00e9 condenada a indenizar passageiro acreano por atraso de 18 horas em voo"}]},{"@type":"WebSite","@id":"https:\/\/nk7-testes.com.br\/agazeta\/#website","url":"https:\/\/nk7-testes.com.br\/agazeta\/","name":"Agazeta.net","description":"Agazeta.net - Not\u00edcias de Rio Branco\/AC","potentialAction":[{"@type":"SearchAction","target":{"@type":"EntryPoint","urlTemplate":"https:\/\/nk7-testes.com.br\/agazeta\/?s={search_term_string}"},"query-input":{"@type":"PropertyValueSpecification","valueRequired":true,"valueName":"search_term_string"}}],"inLanguage":"pt-BR"},{"@type":"Person","@id":"https:\/\/nk7-testes.com.br\/agazeta\/#\/schema\/person\/ff6b39d54d6973bfc57f4140f659b23f","name":"Agazeta.Net","url":"https:\/\/nk7-testes.com.br\/agazeta\/author\/agazeta\/"}]}},"_links":{"self":[{"href":"https:\/\/nk7-testes.com.br\/agazeta\/wp-json\/wp\/v2\/posts\/122898","targetHints":{"allow":["GET"]}}],"collection":[{"href":"https:\/\/nk7-testes.com.br\/agazeta\/wp-json\/wp\/v2\/posts"}],"about":[{"href":"https:\/\/nk7-testes.com.br\/agazeta\/wp-json\/wp\/v2\/types\/post"}],"author":[{"embeddable":true,"href":"https:\/\/nk7-testes.com.br\/agazeta\/wp-json\/wp\/v2\/users\/4"}],"replies":[{"embeddable":true,"href":"https:\/\/nk7-testes.com.br\/agazeta\/wp-json\/wp\/v2\/comments?post=122898"}],"version-history":[{"count":0,"href":"https:\/\/nk7-testes.com.br\/agazeta\/wp-json\/wp\/v2\/posts\/122898\/revisions"}],"wp:featuredmedia":[{"embeddable":true,"href":"https:\/\/nk7-testes.com.br\/agazeta\/wp-json\/wp\/v2\/media\/122900"}],"wp:attachment":[{"href":"https:\/\/nk7-testes.com.br\/agazeta\/wp-json\/wp\/v2\/media?parent=122898"}],"wp:term":[{"taxonomy":"category","embeddable":true,"href":"https:\/\/nk7-testes.com.br\/agazeta\/wp-json\/wp\/v2\/categories?post=122898"},{"taxonomy":"post_tag","embeddable":true,"href":"https:\/\/nk7-testes.com.br\/agazeta\/wp-json\/wp\/v2\/tags?post=122898"}],"curies":[{"name":"wp","href":"https:\/\/api.w.org\/{rel}","templated":true}]}}