{"id":122888,"date":"2023-12-01T17:22:58","date_gmt":"2023-12-01T22:22:58","guid":{"rendered":"https:\/\/abarevegan.com.br\/?p=122888"},"modified":"2023-12-01T17:22:58","modified_gmt":"2023-12-01T22:22:58","slug":"e-impossivel-atender-todos-apos-manifestacoes-secretaria-de-assistencia-social-de-rio-branco-explica-programa-recomeco","status":"publish","type":"post","link":"https:\/\/nk7-testes.com.br\/agazeta\/e-impossivel-atender-todos-apos-manifestacoes-secretaria-de-assistencia-social-de-rio-branco-explica-programa-recomeco\/","title":{"rendered":"&#8216;\u00c9 imposs\u00edvel atender todos\u2019: ap\u00f3s manifesta\u00e7\u00f5es, secret\u00e1ria de Assist\u00eancia Social de Rio Branco explica programa \u2018Recome\u00e7o\u2019"},"content":{"rendered":"<p>Por <strong>Kerolayne Fran\u00e7a<\/strong> para o <strong>Agazeta.net<\/strong><\/p>\n<p style=\"text-align: justify;\">Por conta das manifesta\u00e7\u00f5es que aconteceram entre segunda (27) e ter\u00e7a-feira (28) na capital acreana, a secret\u00e1ria Municipal de Assist\u00eancia Social de Rio Branco, Suellen Ara\u00fajo, e coordenador da Defesa Civil, coronel Cl\u00e1udio Falc\u00e3o, compareceram ao programa Gazeta Entrevista, nesta quinta-feira (30), para explicar pontos importantes sobre o programa \u2018Recome\u00e7o para as Fam\u00edlias\u2019.<\/p>\n<p style=\"text-align: justify;\">Durante a entrevista, foi relatado que mais de 17 mil fam\u00edlias foram atingidas pela alaga\u00e7\u00e3o na capital, mas apenas 3 mil v\u00e3o ser beneficiadas pelo programa. A secret\u00e1ria relatou que essas manifesta\u00e7\u00f5es s\u00e3o realizadas por fam\u00edlias que n\u00e3o foram beneficiadas, por n\u00e3o estarem dentro dos requisitos solicitados.<\/p>\n<p style=\"text-align: justify;\">Ara\u00fajo explica tamb\u00e9m que esse benef\u00edcio n\u00e3o \u00e9 para dar ou repor os m\u00f3veis que n\u00e3o est\u00e3o funcionando adequadamente e, sim, para ajudar aquelas pessoas em situa\u00e7\u00e3o de vulnerabilidade social que n\u00e3o conseguiram se restabelecer durante esse tempo.<\/p>\n<p style=\"text-align: justify;\">\u201cN\u00e3o \u00e9 com manifesta\u00e7\u00e3o. N\u00e3o \u00e9 com o fechar da rua. N\u00e3o \u00e9 quem grita mais alto que vai receber\u201d, afirma Ara\u00fajo. Diante disso, ser uma fam\u00edlia que passou pela enchente, n\u00e3o significa ser uma fam\u00edlia com direito ao benef\u00edcio.<\/p>\n<p style=\"text-align: justify;\">\u201cEsse mapeamento dos m\u00f3veis quem deu para gente foi a popula\u00e7\u00e3o. Partindo da lei, as nossas fam\u00edlias atendidas s\u00e3o as que passaram pelo parque de exposi\u00e7\u00e3o, quem estava nas escolas abrigadas e de quem a Secretaria de Assist\u00eancia Social e Direitos Humanos foi de casa em casa\u201d, diz secret\u00e1ria.<\/p>\n<p style=\"text-align: justify;\">Para os que n\u00e3o est\u00e3o cadastrados, o Coronel explicou a import\u00e2ncia de procurar o Centro de Refer\u00eancia de Assist\u00eancia Social (Cras) da regi\u00e3o, para assim, eles fazerem um novo mapeamento, visitar essas pessoas e encaminhar para Defesa Civil, junto a Secretaria de Assist\u00eancia Social e Direitos Humanos (SASDH).<\/p>\n<p style=\"text-align: justify;\">\u201cN\u00f3s n\u00e3o queremos e nem temos a pretens\u00e3o de resolu\u00e7\u00e3o completa do problema, mas a quest\u00e3o \u00e9 minimizar os impactos, diminuir os preju\u00edzos e os traumas que a popula\u00e7\u00e3o sofre atrav\u00e9s do socorro e da resposta que n\u00f3s estamos tentando fazer arduamente para poder atender da melhor forma poss\u00edvel a popula\u00e7\u00e3o\u201d, destaca Fal\u00e7\u00e3o.<\/p>\n<p><em>Estagi\u00e1ria supervisionada por Gisele Almeida<\/em><\/p>\n","protected":false},"excerpt":{"rendered":"<p>Por Kerolayne Fran\u00e7a para o Agazeta.net Por conta das manifesta\u00e7\u00f5es que aconteceram entre segunda (27) e ter\u00e7a-feira (28) na capital acreana, a secret\u00e1ria Municipal de Assist\u00eancia Social de Rio Branco, Suellen Ara\u00fajo, e coordenador da Defesa Civil, coronel Cl\u00e1udio Falc\u00e3o, compareceram ao programa Gazeta Entrevista, nesta quinta-feira (30), para explicar pontos importantes sobre o programa [&hellip;]<\/p>\n","protected":false},"author":4,"featured_media":122908,"comment_status":"open","ping_status":"open","sticky":false,"template":"","format":"standard","meta":{"jnews-multi-image_gallery":[],"jnews_single_post":{"source_name":"","source_url":"","via_name":"","via_url":"","override_template":"0","override":[{"template":"custom","single_blog_custom":"110746","parallax":"1","fullscreen":"1","layout":"right-sidebar","sidebar":"default-sidebar","second_sidebar":"default-sidebar","sticky_sidebar":"1","share_position":"top","share_float_style":"share-monocrhome","show_share_counter":"1","show_view_counter":"1","show_featured":"1","show_post_meta":"1","show_post_author":"1","show_post_author_image":"1","show_post_date":"1","post_date_format":"default","post_date_format_custom":"Y\/m\/d","show_post_category":"1","show_post_reading_time":"0","post_reading_time_wpm":"300","show_zoom_button":"0","zoom_button_out_step":"2","zoom_button_in_step":"3","show_post_tag":"1","show_prev_next_post":"1","show_popup_post":"1","number_popup_post":"1","show_author_box":"0","show_post_related":"1","show_inline_post_related":"0"}],"override_image_size":"0","image_override":[{"single_post_thumbnail_size":"crop-500","single_post_gallery_size":"crop-500"}],"trending_post":"0","trending_post_position":"meta","trending_post_label":"Trending","sponsored_post":"0","sponsored_post_label":"Sponsored by","sponsored_post_name":"","sponsored_post_url":"","sponsored_post_logo_enable":"0","sponsored_post_logo":"","sponsored_post_desc":"","disable_ad":"0"},"jnews_primary_category":{"id":"","hide":""},"jnews_social_meta":{"fb_title":"","fb_description":"","fb_image":"","twitter_title":"","twitter_description":"","twitter_image":""},"jnews_review":[],"enable_review":"0","type":"percentage","name":"","summary":"","brand":"","sku":"","good":[{"good_text":""}],"bad":[{"bad_text":""}],"score_override":"0","override_value":"","rating":[{"rating_text":"","rating_number":"10"}],"price":[{"shop":"","price":"","link":"","icon":""}],"footnotes":""},"categories":[54],"tags":[],"class_list":["post-122888","post","type-post","status-publish","format-standard","has-post-thumbnail","hentry","category-cotidiano"],"yoast_head":"<!-- This site is optimized with the Yoast SEO plugin v26.5 - https:\/\/yoast.com\/wordpress\/plugins\/seo\/ -->\n<title>&#039;\u00c9 imposs\u00edvel atender todos\u2019: ap\u00f3s manifesta\u00e7\u00f5es, secret\u00e1ria de Assist\u00eancia Social de Rio Branco explica programa \u2018Recome\u00e7o\u2019 - Agazeta.net<\/title>\n<meta name=\"robots\" content=\"index, follow, max-snippet:-1, max-image-preview:large, max-video-preview:-1\" \/>\n<link rel=\"canonical\" href=\"https:\/\/nk7-testes.com.br\/agazeta\/e-impossivel-atender-todos-apos-manifestacoes-secretaria-de-assistencia-social-de-rio-branco-explica-programa-recomeco\/\" \/>\n<meta property=\"og:locale\" content=\"pt_BR\" \/>\n<meta property=\"og:type\" content=\"article\" \/>\n<meta property=\"og:title\" content=\"&#039;\u00c9 imposs\u00edvel atender todos\u2019: ap\u00f3s manifesta\u00e7\u00f5es, secret\u00e1ria de Assist\u00eancia Social de Rio Branco explica programa \u2018Recome\u00e7o\u2019\" \/>\n<meta property=\"og:description\" content=\"Fala foi dita no programa Gazeta Entrevista, em parceria com coordenador da Defesa Civil\" \/>\n<meta property=\"og:url\" content=\"https:\/\/nk7-testes.com.br\/agazeta\/e-impossivel-atender-todos-apos-manifestacoes-secretaria-de-assistencia-social-de-rio-branco-explica-programa-recomeco\/\" \/>\n<meta property=\"og:site_name\" content=\"Agazeta.net\" \/>\n<meta property=\"article:published_time\" content=\"2023-12-01T22:22:58+00:00\" \/>\n<meta property=\"og:image\" content=\"https:\/\/nk7-testes.com.br\/agazeta\/wp-content\/uploads\/2023\/12\/WhatsApp-Image-2023-12-01-at-19.20.05.jpeg\" \/>\n\t<meta property=\"og:image:width\" content=\"800\" \/>\n\t<meta property=\"og:image:height\" content=\"403\" \/>\n\t<meta property=\"og:image:type\" content=\"image\/jpeg\" \/>\n<meta name=\"author\" content=\"Agazeta.Net\" \/>\n<meta name=\"twitter:card\" content=\"summary_large_image\" \/>\n<meta name=\"twitter:label1\" content=\"Escrito por\" \/>\n\t<meta name=\"twitter:data1\" content=\"Agazeta.Net\" \/>\n\t<meta name=\"twitter:label2\" content=\"Est. tempo de leitura\" \/>\n\t<meta name=\"twitter:data2\" content=\"2 minutos\" \/>\n<script type=\"application\/ld+json\" class=\"yoast-schema-graph\">{\"@context\":\"https:\/\/schema.org\",\"@graph\":[{\"@type\":\"WebPage\",\"@id\":\"https:\/\/nk7-testes.com.br\/agazeta\/e-impossivel-atender-todos-apos-manifestacoes-secretaria-de-assistencia-social-de-rio-branco-explica-programa-recomeco\/\",\"url\":\"https:\/\/nk7-testes.com.br\/agazeta\/e-impossivel-atender-todos-apos-manifestacoes-secretaria-de-assistencia-social-de-rio-branco-explica-programa-recomeco\/\",\"name\":\"'\u00c9 imposs\u00edvel atender todos\u2019: ap\u00f3s manifesta\u00e7\u00f5es, secret\u00e1ria de Assist\u00eancia Social de Rio Branco explica programa \u2018Recome\u00e7o\u2019 - Agazeta.net\",\"isPartOf\":{\"@id\":\"https:\/\/nk7-testes.com.br\/agazeta\/#website\"},\"primaryImageOfPage\":{\"@id\":\"https:\/\/nk7-testes.com.br\/agazeta\/e-impossivel-atender-todos-apos-manifestacoes-secretaria-de-assistencia-social-de-rio-branco-explica-programa-recomeco\/#primaryimage\"},\"image\":{\"@id\":\"https:\/\/nk7-testes.com.br\/agazeta\/e-impossivel-atender-todos-apos-manifestacoes-secretaria-de-assistencia-social-de-rio-branco-explica-programa-recomeco\/#primaryimage\"},\"thumbnailUrl\":\"https:\/\/nk7-testes.com.br\/agazeta\/wp-content\/uploads\/2023\/12\/WhatsApp-Image-2023-12-01-at-19.20.05.jpeg\",\"datePublished\":\"2023-12-01T22:22:58+00:00\",\"author\":{\"@id\":\"https:\/\/nk7-testes.com.br\/agazeta\/#\/schema\/person\/ff6b39d54d6973bfc57f4140f659b23f\"},\"breadcrumb\":{\"@id\":\"https:\/\/nk7-testes.com.br\/agazeta\/e-impossivel-atender-todos-apos-manifestacoes-secretaria-de-assistencia-social-de-rio-branco-explica-programa-recomeco\/#breadcrumb\"},\"inLanguage\":\"pt-BR\",\"potentialAction\":[{\"@type\":\"ReadAction\",\"target\":[\"https:\/\/nk7-testes.com.br\/agazeta\/e-impossivel-atender-todos-apos-manifestacoes-secretaria-de-assistencia-social-de-rio-branco-explica-programa-recomeco\/\"]}]},{\"@type\":\"ImageObject\",\"inLanguage\":\"pt-BR\",\"@id\":\"https:\/\/nk7-testes.com.br\/agazeta\/e-impossivel-atender-todos-apos-manifestacoes-secretaria-de-assistencia-social-de-rio-branco-explica-programa-recomeco\/#primaryimage\",\"url\":\"https:\/\/nk7-testes.com.br\/agazeta\/wp-content\/uploads\/2023\/12\/WhatsApp-Image-2023-12-01-at-19.20.05.jpeg\",\"contentUrl\":\"https:\/\/nk7-testes.com.br\/agazeta\/wp-content\/uploads\/2023\/12\/WhatsApp-Image-2023-12-01-at-19.20.05.jpeg\",\"width\":800,\"height\":403},{\"@type\":\"BreadcrumbList\",\"@id\":\"https:\/\/nk7-testes.com.br\/agazeta\/e-impossivel-atender-todos-apos-manifestacoes-secretaria-de-assistencia-social-de-rio-branco-explica-programa-recomeco\/#breadcrumb\",\"itemListElement\":[{\"@type\":\"ListItem\",\"position\":1,\"name\":\"In\u00edcio\",\"item\":\"https:\/\/nk7-testes.com.br\/agazeta\/\"},{\"@type\":\"ListItem\",\"position\":2,\"name\":\"&#8216;\u00c9 imposs\u00edvel atender todos\u2019: ap\u00f3s manifesta\u00e7\u00f5es, secret\u00e1ria de Assist\u00eancia Social de Rio Branco explica programa \u2018Recome\u00e7o\u2019\"}]},{\"@type\":\"WebSite\",\"@id\":\"https:\/\/nk7-testes.com.br\/agazeta\/#website\",\"url\":\"https:\/\/nk7-testes.com.br\/agazeta\/\",\"name\":\"Agazeta.net\",\"description\":\"Agazeta.net - Not\u00edcias de Rio Branco\/AC\",\"potentialAction\":[{\"@type\":\"SearchAction\",\"target\":{\"@type\":\"EntryPoint\",\"urlTemplate\":\"https:\/\/nk7-testes.com.br\/agazeta\/?s={search_term_string}\"},\"query-input\":{\"@type\":\"PropertyValueSpecification\",\"valueRequired\":true,\"valueName\":\"search_term_string\"}}],\"inLanguage\":\"pt-BR\"},{\"@type\":\"Person\",\"@id\":\"https:\/\/nk7-testes.com.br\/agazeta\/#\/schema\/person\/ff6b39d54d6973bfc57f4140f659b23f\",\"name\":\"Agazeta.Net\",\"url\":\"https:\/\/nk7-testes.com.br\/agazeta\/author\/agazeta\/\"}]}<\/script>\n<!-- \/ Yoast SEO plugin. -->","yoast_head_json":{"title":"'\u00c9 imposs\u00edvel atender todos\u2019: ap\u00f3s manifesta\u00e7\u00f5es, secret\u00e1ria de Assist\u00eancia Social de Rio Branco explica programa \u2018Recome\u00e7o\u2019 - Agazeta.net","robots":{"index":"index","follow":"follow","max-snippet":"max-snippet:-1","max-image-preview":"max-image-preview:large","max-video-preview":"max-video-preview:-1"},"canonical":"https:\/\/nk7-testes.com.br\/agazeta\/e-impossivel-atender-todos-apos-manifestacoes-secretaria-de-assistencia-social-de-rio-branco-explica-programa-recomeco\/","og_locale":"pt_BR","og_type":"article","og_title":"'\u00c9 imposs\u00edvel atender todos\u2019: ap\u00f3s manifesta\u00e7\u00f5es, secret\u00e1ria de Assist\u00eancia Social de Rio Branco explica programa \u2018Recome\u00e7o\u2019","og_description":"Fala foi dita no programa Gazeta Entrevista, em parceria com coordenador da Defesa Civil","og_url":"https:\/\/nk7-testes.com.br\/agazeta\/e-impossivel-atender-todos-apos-manifestacoes-secretaria-de-assistencia-social-de-rio-branco-explica-programa-recomeco\/","og_site_name":"Agazeta.net","article_published_time":"2023-12-01T22:22:58+00:00","og_image":[{"width":800,"height":403,"url":"https:\/\/nk7-testes.com.br\/agazeta\/wp-content\/uploads\/2023\/12\/WhatsApp-Image-2023-12-01-at-19.20.05.jpeg","type":"image\/jpeg"}],"author":"Agazeta.Net","twitter_card":"summary_large_image","twitter_misc":{"Escrito por":"Agazeta.Net","Est. tempo de leitura":"2 minutos"},"schema":{"@context":"https:\/\/schema.org","@graph":[{"@type":"WebPage","@id":"https:\/\/nk7-testes.com.br\/agazeta\/e-impossivel-atender-todos-apos-manifestacoes-secretaria-de-assistencia-social-de-rio-branco-explica-programa-recomeco\/","url":"https:\/\/nk7-testes.com.br\/agazeta\/e-impossivel-atender-todos-apos-manifestacoes-secretaria-de-assistencia-social-de-rio-branco-explica-programa-recomeco\/","name":"'\u00c9 imposs\u00edvel atender todos\u2019: ap\u00f3s manifesta\u00e7\u00f5es, secret\u00e1ria de Assist\u00eancia Social de Rio Branco explica programa \u2018Recome\u00e7o\u2019 - Agazeta.net","isPartOf":{"@id":"https:\/\/nk7-testes.com.br\/agazeta\/#website"},"primaryImageOfPage":{"@id":"https:\/\/nk7-testes.com.br\/agazeta\/e-impossivel-atender-todos-apos-manifestacoes-secretaria-de-assistencia-social-de-rio-branco-explica-programa-recomeco\/#primaryimage"},"image":{"@id":"https:\/\/nk7-testes.com.br\/agazeta\/e-impossivel-atender-todos-apos-manifestacoes-secretaria-de-assistencia-social-de-rio-branco-explica-programa-recomeco\/#primaryimage"},"thumbnailUrl":"https:\/\/nk7-testes.com.br\/agazeta\/wp-content\/uploads\/2023\/12\/WhatsApp-Image-2023-12-01-at-19.20.05.jpeg","datePublished":"2023-12-01T22:22:58+00:00","author":{"@id":"https:\/\/nk7-testes.com.br\/agazeta\/#\/schema\/person\/ff6b39d54d6973bfc57f4140f659b23f"},"breadcrumb":{"@id":"https:\/\/nk7-testes.com.br\/agazeta\/e-impossivel-atender-todos-apos-manifestacoes-secretaria-de-assistencia-social-de-rio-branco-explica-programa-recomeco\/#breadcrumb"},"inLanguage":"pt-BR","potentialAction":[{"@type":"ReadAction","target":["https:\/\/nk7-testes.com.br\/agazeta\/e-impossivel-atender-todos-apos-manifestacoes-secretaria-de-assistencia-social-de-rio-branco-explica-programa-recomeco\/"]}]},{"@type":"ImageObject","inLanguage":"pt-BR","@id":"https:\/\/nk7-testes.com.br\/agazeta\/e-impossivel-atender-todos-apos-manifestacoes-secretaria-de-assistencia-social-de-rio-branco-explica-programa-recomeco\/#primaryimage","url":"https:\/\/nk7-testes.com.br\/agazeta\/wp-content\/uploads\/2023\/12\/WhatsApp-Image-2023-12-01-at-19.20.05.jpeg","contentUrl":"https:\/\/nk7-testes.com.br\/agazeta\/wp-content\/uploads\/2023\/12\/WhatsApp-Image-2023-12-01-at-19.20.05.jpeg","width":800,"height":403},{"@type":"BreadcrumbList","@id":"https:\/\/nk7-testes.com.br\/agazeta\/e-impossivel-atender-todos-apos-manifestacoes-secretaria-de-assistencia-social-de-rio-branco-explica-programa-recomeco\/#breadcrumb","itemListElement":[{"@type":"ListItem","position":1,"name":"In\u00edcio","item":"https:\/\/nk7-testes.com.br\/agazeta\/"},{"@type":"ListItem","position":2,"name":"&#8216;\u00c9 imposs\u00edvel atender todos\u2019: ap\u00f3s manifesta\u00e7\u00f5es, secret\u00e1ria de Assist\u00eancia Social de Rio Branco explica programa \u2018Recome\u00e7o\u2019"}]},{"@type":"WebSite","@id":"https:\/\/nk7-testes.com.br\/agazeta\/#website","url":"https:\/\/nk7-testes.com.br\/agazeta\/","name":"Agazeta.net","description":"Agazeta.net - Not\u00edcias de Rio Branco\/AC","potentialAction":[{"@type":"SearchAction","target":{"@type":"EntryPoint","urlTemplate":"https:\/\/nk7-testes.com.br\/agazeta\/?s={search_term_string}"},"query-input":{"@type":"PropertyValueSpecification","valueRequired":true,"valueName":"search_term_string"}}],"inLanguage":"pt-BR"},{"@type":"Person","@id":"https:\/\/nk7-testes.com.br\/agazeta\/#\/schema\/person\/ff6b39d54d6973bfc57f4140f659b23f","name":"Agazeta.Net","url":"https:\/\/nk7-testes.com.br\/agazeta\/author\/agazeta\/"}]}},"_links":{"self":[{"href":"https:\/\/nk7-testes.com.br\/agazeta\/wp-json\/wp\/v2\/posts\/122888","targetHints":{"allow":["GET"]}}],"collection":[{"href":"https:\/\/nk7-testes.com.br\/agazeta\/wp-json\/wp\/v2\/posts"}],"about":[{"href":"https:\/\/nk7-testes.com.br\/agazeta\/wp-json\/wp\/v2\/types\/post"}],"author":[{"embeddable":true,"href":"https:\/\/nk7-testes.com.br\/agazeta\/wp-json\/wp\/v2\/users\/4"}],"replies":[{"embeddable":true,"href":"https:\/\/nk7-testes.com.br\/agazeta\/wp-json\/wp\/v2\/comments?post=122888"}],"version-history":[{"count":0,"href":"https:\/\/nk7-testes.com.br\/agazeta\/wp-json\/wp\/v2\/posts\/122888\/revisions"}],"wp:featuredmedia":[{"embeddable":true,"href":"https:\/\/nk7-testes.com.br\/agazeta\/wp-json\/wp\/v2\/media\/122908"}],"wp:attachment":[{"href":"https:\/\/nk7-testes.com.br\/agazeta\/wp-json\/wp\/v2\/media?parent=122888"}],"wp:term":[{"taxonomy":"category","embeddable":true,"href":"https:\/\/nk7-testes.com.br\/agazeta\/wp-json\/wp\/v2\/categories?post=122888"},{"taxonomy":"post_tag","embeddable":true,"href":"https:\/\/nk7-testes.com.br\/agazeta\/wp-json\/wp\/v2\/tags?post=122888"}],"curies":[{"name":"wp","href":"https:\/\/api.w.org\/{rel}","templated":true}]}}