{"id":122874,"date":"2023-12-01T12:49:09","date_gmt":"2023-12-01T17:49:09","guid":{"rendered":"https:\/\/abarevegan.com.br\/?p=122874"},"modified":"2023-12-07T22:49:48","modified_gmt":"2023-12-08T03:49:48","slug":"policial-penal-que-matou-vendedor-de-picole-e-condenado-a-12-anos-de-prisao-no-acre","status":"publish","type":"post","link":"https:\/\/nk7-testes.com.br\/agazeta\/policial-penal-que-matou-vendedor-de-picole-e-condenado-a-12-anos-de-prisao-no-acre\/","title":{"rendered":"Policial penal que matou vendedor de picol\u00e9 \u00e9 condenado a 12 anos de pris\u00e3o no Acre"},"content":{"rendered":"<p style=\"text-align: justify;\">O policial penal Alessandro Rosas Lopes, acusado de matar a tiros o vendedor de picol\u00e9 Gilcimar da Silva Honorato, em 2020, foi condenado a 12 anos de pris\u00e3o em julgamento ocorrido na noite desta quinta-feira (31), em Rio Branco. A defesa do acusado alegou problemas psicol\u00f3gicos, mas o j\u00fari n\u00e3o acatou.<\/p>\n<p style=\"text-align: justify;\">O promotor de Justi\u00e7a, Efraim Mendon\u00e7a, manteve as acusa\u00e7\u00f5es de crime qualificado. Para ele, as pessoas presenciaram um assassinato. Al\u00e9m disso, existem muitas provas que corroboram com essa condena\u00e7\u00e3o, com isso, pede que qualquer laudo de alega\u00e7\u00e3o de problemas psicol\u00f3gicos seja negado.<\/p>\n<p style=\"text-align: justify;\">&#8220;Ocorreu um assassinato. Com base nisso, naquilo tudo que permeia os laudos. Temos a\u00ed mais de 1000 folhas, laudos periciais, depoimentos. Est\u00e3o presentes todos os requisitos para a gente insistir no pedido de condena\u00e7\u00e3o e a gente insistir no reconhecimento das duas qualificadoras, tamb\u00e9m na rejei\u00e7\u00e3o de um laudo psiqui\u00e1trico&#8221;, explicou Mendon\u00e7a.<\/p>\n<p style=\"text-align: justify;\">A defesa de Honorato se manteve esperan\u00e7osa. Eles alegam que o acusado foi diagnosticado com transtornos psicol\u00f3gicos e existem laudos que comprovam essa vers\u00e3o. Al\u00e9m disso, o advogado enfatiza que eles n\u00e3o est\u00e3o justificando o crime, apenas defendendo uma pessoa doente.<\/p>\n<p style=\"text-align: justify;\">&#8220;N\u00f3s estamos muito confiantes. N\u00f3s n\u00e3o viemos aqui hoje pra buscar injusti\u00e7a, n\u00f3s sequer iremos pleitear absolvi\u00e7\u00f5es, a gente veio aqui hoje pra defender um quadro de sa\u00fade mental do Alessandro, quem diz n\u00e3o \u00e9 a defesa, s\u00e3o os laudos, e a gente vem defender a impossibilidade de autocontrole, de controlar suas emo\u00e7\u00f5es, de controlar seus instintos, foi isso que infelizmente levou ao desfecho desses fatos,&#8221; comentou ele.<\/p>\n<p style=\"text-align: justify;\">A m\u00e3e da v\u00edtima esteve presente na audi\u00eancia. Ela se mostrou confiante na Justi\u00e7a e alega que ele era um bom filho e um grande trabalhador.<\/p>\n<p style=\"text-align: justify;\">&#8220;Eu espero que o julgamento seja bom, que tenha justi\u00e7a, eu quero justi\u00e7a, pelo que ele fez com meu filho. Meu filho era um trabalhador, ele vendia os picol\u00e9s dele, era um trabalhador, ent\u00e3o eu quero justi\u00e7a. A justi\u00e7a daqui \u00e9 a de Deus. Justi\u00e7a, justi\u00e7a&#8221;, enfatizou a m\u00e3e.<\/p>\n<p><em><strong>Mat\u00e9ria feita em v\u00eddeo pelo rep\u00f3rter Marilson Maia para a TV Gazeta<\/strong><\/em><\/p>\n","protected":false},"excerpt":{"rendered":"<p>O policial penal Alessandro Rosas Lopes, acusado de matar a tiros o vendedor de picol\u00e9 Gilcimar da Silva Honorato, em 2020, foi condenado a 12 anos de pris\u00e3o em julgamento ocorrido na noite desta quinta-feira (31), em Rio Branco. A defesa do acusado alegou problemas psicol\u00f3gicos, mas o j\u00fari n\u00e3o acatou. O promotor de Justi\u00e7a, [&hellip;]<\/p>\n","protected":false},"author":4,"featured_media":122876,"comment_status":"open","ping_status":"open","sticky":false,"template":"","format":"standard","meta":{"jnews-multi-image_gallery":[],"jnews_single_post":{"source_name":"","source_url":"","via_name":"","via_url":"","override_template":"0","override":[{"template":"custom","single_blog_custom":"110746","parallax":"1","fullscreen":"1","layout":"right-sidebar","sidebar":"default-sidebar","second_sidebar":"default-sidebar","sticky_sidebar":"1","share_position":"top","share_float_style":"share-monocrhome","show_share_counter":"1","show_view_counter":"1","show_featured":"1","show_post_meta":"1","show_post_author":"1","show_post_author_image":"1","show_post_date":"1","post_date_format":"default","post_date_format_custom":"Y\/m\/d","show_post_category":"1","show_post_reading_time":"0","post_reading_time_wpm":"300","show_zoom_button":"0","zoom_button_out_step":"2","zoom_button_in_step":"3","show_post_tag":"1","show_prev_next_post":"1","show_popup_post":"1","number_popup_post":"1","show_author_box":"0","show_post_related":"1","show_inline_post_related":"0"}],"override_image_size":"0","image_override":[{"single_post_thumbnail_size":"crop-500","single_post_gallery_size":"crop-500"}],"trending_post":"0","trending_post_position":"meta","trending_post_label":"Trending","sponsored_post":"0","sponsored_post_label":"Sponsored by","sponsored_post_name":"","sponsored_post_url":"","sponsored_post_logo_enable":"0","sponsored_post_logo":"","sponsored_post_desc":"","disable_ad":"0"},"jnews_primary_category":{"id":"","hide":""},"jnews_social_meta":{"fb_title":"","fb_description":"","fb_image":"","twitter_title":"","twitter_description":"","twitter_image":""},"jnews_review":[],"enable_review":"0","type":"percentage","name":"","summary":"","brand":"","sku":"","good":[{"good_text":""}],"bad":[{"bad_text":""}],"score_override":"0","override_value":"","rating":[{"rating_text":"","rating_number":"10"}],"price":[{"shop":"","price":"","link":"","icon":""}],"footnotes":""},"categories":[54],"tags":[152],"class_list":["post-122874","post","type-post","status-publish","format-standard","has-post-thumbnail","hentry","category-cotidiano","tag-destaque"],"yoast_head":"<!-- This site is optimized with the Yoast SEO plugin v26.5 - https:\/\/yoast.com\/wordpress\/plugins\/seo\/ -->\n<title>Policial penal que matou vendedor de picol\u00e9 \u00e9 condenado a 12 anos de pris\u00e3o no Acre - Agazeta.net<\/title>\n<meta name=\"robots\" content=\"index, follow, max-snippet:-1, max-image-preview:large, max-video-preview:-1\" \/>\n<link rel=\"canonical\" href=\"https:\/\/nk7-testes.com.br\/agazeta\/policial-penal-que-matou-vendedor-de-picole-e-condenado-a-12-anos-de-prisao-no-acre\/\" \/>\n<meta property=\"og:locale\" content=\"pt_BR\" \/>\n<meta property=\"og:type\" content=\"article\" \/>\n<meta property=\"og:title\" content=\"Policial penal que matou vendedor de picol\u00e9 \u00e9 condenado a 12 anos de pris\u00e3o no Acre\" \/>\n<meta property=\"og:description\" content=\"A defesa do acusado alegou problemas psicol\u00f3gicos, mas o j\u00fari n\u00e3o acatou\" \/>\n<meta property=\"og:url\" content=\"https:\/\/nk7-testes.com.br\/agazeta\/policial-penal-que-matou-vendedor-de-picole-e-condenado-a-12-anos-de-prisao-no-acre\/\" \/>\n<meta property=\"og:site_name\" content=\"Agazeta.net\" \/>\n<meta property=\"article:published_time\" content=\"2023-12-01T17:49:09+00:00\" \/>\n<meta property=\"article:modified_time\" content=\"2023-12-08T03:49:48+00:00\" \/>\n<meta property=\"og:image\" content=\"https:\/\/nk7-testes.com.br\/agazeta\/wp-content\/uploads\/2023\/12\/AGENTEMATOU.jpg\" \/>\n\t<meta property=\"og:image:width\" content=\"800\" \/>\n\t<meta property=\"og:image:height\" content=\"397\" \/>\n\t<meta property=\"og:image:type\" content=\"image\/jpeg\" \/>\n<meta name=\"author\" content=\"Agazeta.Net\" \/>\n<meta name=\"twitter:card\" content=\"summary_large_image\" \/>\n<meta name=\"twitter:label1\" content=\"Escrito por\" \/>\n\t<meta name=\"twitter:data1\" content=\"Agazeta.Net\" \/>\n\t<meta name=\"twitter:label2\" content=\"Est. tempo de leitura\" \/>\n\t<meta name=\"twitter:data2\" content=\"2 minutos\" \/>\n<script type=\"application\/ld+json\" class=\"yoast-schema-graph\">{\"@context\":\"https:\/\/schema.org\",\"@graph\":[{\"@type\":\"WebPage\",\"@id\":\"https:\/\/nk7-testes.com.br\/agazeta\/policial-penal-que-matou-vendedor-de-picole-e-condenado-a-12-anos-de-prisao-no-acre\/\",\"url\":\"https:\/\/nk7-testes.com.br\/agazeta\/policial-penal-que-matou-vendedor-de-picole-e-condenado-a-12-anos-de-prisao-no-acre\/\",\"name\":\"Policial penal que matou vendedor de picol\u00e9 \u00e9 condenado a 12 anos de pris\u00e3o no Acre - Agazeta.net\",\"isPartOf\":{\"@id\":\"https:\/\/nk7-testes.com.br\/agazeta\/#website\"},\"primaryImageOfPage\":{\"@id\":\"https:\/\/nk7-testes.com.br\/agazeta\/policial-penal-que-matou-vendedor-de-picole-e-condenado-a-12-anos-de-prisao-no-acre\/#primaryimage\"},\"image\":{\"@id\":\"https:\/\/nk7-testes.com.br\/agazeta\/policial-penal-que-matou-vendedor-de-picole-e-condenado-a-12-anos-de-prisao-no-acre\/#primaryimage\"},\"thumbnailUrl\":\"https:\/\/nk7-testes.com.br\/agazeta\/wp-content\/uploads\/2023\/12\/AGENTEMATOU.jpg\",\"datePublished\":\"2023-12-01T17:49:09+00:00\",\"dateModified\":\"2023-12-08T03:49:48+00:00\",\"author\":{\"@id\":\"https:\/\/nk7-testes.com.br\/agazeta\/#\/schema\/person\/ff6b39d54d6973bfc57f4140f659b23f\"},\"breadcrumb\":{\"@id\":\"https:\/\/nk7-testes.com.br\/agazeta\/policial-penal-que-matou-vendedor-de-picole-e-condenado-a-12-anos-de-prisao-no-acre\/#breadcrumb\"},\"inLanguage\":\"pt-BR\",\"potentialAction\":[{\"@type\":\"ReadAction\",\"target\":[\"https:\/\/nk7-testes.com.br\/agazeta\/policial-penal-que-matou-vendedor-de-picole-e-condenado-a-12-anos-de-prisao-no-acre\/\"]}]},{\"@type\":\"ImageObject\",\"inLanguage\":\"pt-BR\",\"@id\":\"https:\/\/nk7-testes.com.br\/agazeta\/policial-penal-que-matou-vendedor-de-picole-e-condenado-a-12-anos-de-prisao-no-acre\/#primaryimage\",\"url\":\"https:\/\/nk7-testes.com.br\/agazeta\/wp-content\/uploads\/2023\/12\/AGENTEMATOU.jpg\",\"contentUrl\":\"https:\/\/nk7-testes.com.br\/agazeta\/wp-content\/uploads\/2023\/12\/AGENTEMATOU.jpg\",\"width\":800,\"height\":397},{\"@type\":\"BreadcrumbList\",\"@id\":\"https:\/\/nk7-testes.com.br\/agazeta\/policial-penal-que-matou-vendedor-de-picole-e-condenado-a-12-anos-de-prisao-no-acre\/#breadcrumb\",\"itemListElement\":[{\"@type\":\"ListItem\",\"position\":1,\"name\":\"In\u00edcio\",\"item\":\"https:\/\/nk7-testes.com.br\/agazeta\/\"},{\"@type\":\"ListItem\",\"position\":2,\"name\":\"Policial penal que matou vendedor de picol\u00e9 \u00e9 condenado a 12 anos de pris\u00e3o no Acre\"}]},{\"@type\":\"WebSite\",\"@id\":\"https:\/\/nk7-testes.com.br\/agazeta\/#website\",\"url\":\"https:\/\/nk7-testes.com.br\/agazeta\/\",\"name\":\"Agazeta.net\",\"description\":\"Agazeta.net - Not\u00edcias de Rio Branco\/AC\",\"potentialAction\":[{\"@type\":\"SearchAction\",\"target\":{\"@type\":\"EntryPoint\",\"urlTemplate\":\"https:\/\/nk7-testes.com.br\/agazeta\/?s={search_term_string}\"},\"query-input\":{\"@type\":\"PropertyValueSpecification\",\"valueRequired\":true,\"valueName\":\"search_term_string\"}}],\"inLanguage\":\"pt-BR\"},{\"@type\":\"Person\",\"@id\":\"https:\/\/nk7-testes.com.br\/agazeta\/#\/schema\/person\/ff6b39d54d6973bfc57f4140f659b23f\",\"name\":\"Agazeta.Net\",\"url\":\"https:\/\/nk7-testes.com.br\/agazeta\/author\/agazeta\/\"}]}<\/script>\n<!-- \/ Yoast SEO plugin. -->","yoast_head_json":{"title":"Policial penal que matou vendedor de picol\u00e9 \u00e9 condenado a 12 anos de pris\u00e3o no Acre - Agazeta.net","robots":{"index":"index","follow":"follow","max-snippet":"max-snippet:-1","max-image-preview":"max-image-preview:large","max-video-preview":"max-video-preview:-1"},"canonical":"https:\/\/nk7-testes.com.br\/agazeta\/policial-penal-que-matou-vendedor-de-picole-e-condenado-a-12-anos-de-prisao-no-acre\/","og_locale":"pt_BR","og_type":"article","og_title":"Policial penal que matou vendedor de picol\u00e9 \u00e9 condenado a 12 anos de pris\u00e3o no Acre","og_description":"A defesa do acusado alegou problemas psicol\u00f3gicos, mas o j\u00fari n\u00e3o acatou","og_url":"https:\/\/nk7-testes.com.br\/agazeta\/policial-penal-que-matou-vendedor-de-picole-e-condenado-a-12-anos-de-prisao-no-acre\/","og_site_name":"Agazeta.net","article_published_time":"2023-12-01T17:49:09+00:00","article_modified_time":"2023-12-08T03:49:48+00:00","og_image":[{"width":800,"height":397,"url":"https:\/\/nk7-testes.com.br\/agazeta\/wp-content\/uploads\/2023\/12\/AGENTEMATOU.jpg","type":"image\/jpeg"}],"author":"Agazeta.Net","twitter_card":"summary_large_image","twitter_misc":{"Escrito por":"Agazeta.Net","Est. tempo de leitura":"2 minutos"},"schema":{"@context":"https:\/\/schema.org","@graph":[{"@type":"WebPage","@id":"https:\/\/nk7-testes.com.br\/agazeta\/policial-penal-que-matou-vendedor-de-picole-e-condenado-a-12-anos-de-prisao-no-acre\/","url":"https:\/\/nk7-testes.com.br\/agazeta\/policial-penal-que-matou-vendedor-de-picole-e-condenado-a-12-anos-de-prisao-no-acre\/","name":"Policial penal que matou vendedor de picol\u00e9 \u00e9 condenado a 12 anos de pris\u00e3o no Acre - Agazeta.net","isPartOf":{"@id":"https:\/\/nk7-testes.com.br\/agazeta\/#website"},"primaryImageOfPage":{"@id":"https:\/\/nk7-testes.com.br\/agazeta\/policial-penal-que-matou-vendedor-de-picole-e-condenado-a-12-anos-de-prisao-no-acre\/#primaryimage"},"image":{"@id":"https:\/\/nk7-testes.com.br\/agazeta\/policial-penal-que-matou-vendedor-de-picole-e-condenado-a-12-anos-de-prisao-no-acre\/#primaryimage"},"thumbnailUrl":"https:\/\/nk7-testes.com.br\/agazeta\/wp-content\/uploads\/2023\/12\/AGENTEMATOU.jpg","datePublished":"2023-12-01T17:49:09+00:00","dateModified":"2023-12-08T03:49:48+00:00","author":{"@id":"https:\/\/nk7-testes.com.br\/agazeta\/#\/schema\/person\/ff6b39d54d6973bfc57f4140f659b23f"},"breadcrumb":{"@id":"https:\/\/nk7-testes.com.br\/agazeta\/policial-penal-que-matou-vendedor-de-picole-e-condenado-a-12-anos-de-prisao-no-acre\/#breadcrumb"},"inLanguage":"pt-BR","potentialAction":[{"@type":"ReadAction","target":["https:\/\/nk7-testes.com.br\/agazeta\/policial-penal-que-matou-vendedor-de-picole-e-condenado-a-12-anos-de-prisao-no-acre\/"]}]},{"@type":"ImageObject","inLanguage":"pt-BR","@id":"https:\/\/nk7-testes.com.br\/agazeta\/policial-penal-que-matou-vendedor-de-picole-e-condenado-a-12-anos-de-prisao-no-acre\/#primaryimage","url":"https:\/\/nk7-testes.com.br\/agazeta\/wp-content\/uploads\/2023\/12\/AGENTEMATOU.jpg","contentUrl":"https:\/\/nk7-testes.com.br\/agazeta\/wp-content\/uploads\/2023\/12\/AGENTEMATOU.jpg","width":800,"height":397},{"@type":"BreadcrumbList","@id":"https:\/\/nk7-testes.com.br\/agazeta\/policial-penal-que-matou-vendedor-de-picole-e-condenado-a-12-anos-de-prisao-no-acre\/#breadcrumb","itemListElement":[{"@type":"ListItem","position":1,"name":"In\u00edcio","item":"https:\/\/nk7-testes.com.br\/agazeta\/"},{"@type":"ListItem","position":2,"name":"Policial penal que matou vendedor de picol\u00e9 \u00e9 condenado a 12 anos de pris\u00e3o no Acre"}]},{"@type":"WebSite","@id":"https:\/\/nk7-testes.com.br\/agazeta\/#website","url":"https:\/\/nk7-testes.com.br\/agazeta\/","name":"Agazeta.net","description":"Agazeta.net - Not\u00edcias de Rio Branco\/AC","potentialAction":[{"@type":"SearchAction","target":{"@type":"EntryPoint","urlTemplate":"https:\/\/nk7-testes.com.br\/agazeta\/?s={search_term_string}"},"query-input":{"@type":"PropertyValueSpecification","valueRequired":true,"valueName":"search_term_string"}}],"inLanguage":"pt-BR"},{"@type":"Person","@id":"https:\/\/nk7-testes.com.br\/agazeta\/#\/schema\/person\/ff6b39d54d6973bfc57f4140f659b23f","name":"Agazeta.Net","url":"https:\/\/nk7-testes.com.br\/agazeta\/author\/agazeta\/"}]}},"_links":{"self":[{"href":"https:\/\/nk7-testes.com.br\/agazeta\/wp-json\/wp\/v2\/posts\/122874","targetHints":{"allow":["GET"]}}],"collection":[{"href":"https:\/\/nk7-testes.com.br\/agazeta\/wp-json\/wp\/v2\/posts"}],"about":[{"href":"https:\/\/nk7-testes.com.br\/agazeta\/wp-json\/wp\/v2\/types\/post"}],"author":[{"embeddable":true,"href":"https:\/\/nk7-testes.com.br\/agazeta\/wp-json\/wp\/v2\/users\/4"}],"replies":[{"embeddable":true,"href":"https:\/\/nk7-testes.com.br\/agazeta\/wp-json\/wp\/v2\/comments?post=122874"}],"version-history":[{"count":0,"href":"https:\/\/nk7-testes.com.br\/agazeta\/wp-json\/wp\/v2\/posts\/122874\/revisions"}],"wp:featuredmedia":[{"embeddable":true,"href":"https:\/\/nk7-testes.com.br\/agazeta\/wp-json\/wp\/v2\/media\/122876"}],"wp:attachment":[{"href":"https:\/\/nk7-testes.com.br\/agazeta\/wp-json\/wp\/v2\/media?parent=122874"}],"wp:term":[{"taxonomy":"category","embeddable":true,"href":"https:\/\/nk7-testes.com.br\/agazeta\/wp-json\/wp\/v2\/categories?post=122874"},{"taxonomy":"post_tag","embeddable":true,"href":"https:\/\/nk7-testes.com.br\/agazeta\/wp-json\/wp\/v2\/tags?post=122874"}],"curies":[{"name":"wp","href":"https:\/\/api.w.org\/{rel}","templated":true}]}}