{"id":122725,"date":"2023-11-29T09:34:27","date_gmt":"2023-11-29T14:34:27","guid":{"rendered":"https:\/\/abarevegan.com.br\/?p=122725"},"modified":"2023-11-29T09:34:27","modified_gmt":"2023-11-29T14:34:27","slug":"mesmo-com-intervencao-da-aneel-energia-eletrica-no-acre-deve-subir-mais-de-20-em-dezembro","status":"publish","type":"post","link":"https:\/\/nk7-testes.com.br\/agazeta\/mesmo-com-intervencao-da-aneel-energia-eletrica-no-acre-deve-subir-mais-de-20-em-dezembro\/","title":{"rendered":"Mesmo com interven\u00e7\u00e3o da Aneel, energia el\u00e9trica no Acre deve subir mais de 20% em dezembro"},"content":{"rendered":"<p style=\"text-align: justify;\">A Ag\u00eancia Nacional de Energia El\u00e9trica (Aneel), est\u00e1 analisando um aumento que pode ultrapassar os 22% no Acre, o presidente do conselho estadual de consumidor de energia do Acre, Ivan de Carvalho da Silva,\u00a0 participou de uma audi\u00eancia p\u00fablica em outubro, junto ao Programa de Prote\u00e7\u00e3o e Defesa do Consumidor (Procon), Minist\u00e9rio P\u00fablico do Acre (MPAC), e representantes da ind\u00fastria e com\u00e9rcio, para discutir o valor das novas taxas.<\/p>\n<p style=\"text-align: justify;\">O percentual ainda est\u00e1 sendo discutido, mas a proposta inicial da Aneel \u00e9 fixar em m\u00e9dia 20,86%, para os conectados em baixa tens\u00e3o, chamados consumidores residenciais, e mais de 27% para a alta tens\u00e3o que inclui principalmente a classe industrial, o que pode tamb\u00e9m impacta no aumento de alguns produtos.<\/p>\n<p style=\"text-align: justify;\">Para o t\u00e9cnico de enfermagem Gesildo Santos, que pagava em R$ 570,00 de energia, relata que ap\u00f3s a instala\u00e7\u00e3o de um novo aparelho, o valor da conta alterou para R$1.070,00.<\/p>\n<p style=\"text-align: justify;\">\u201cAumentou s\u00f3 um ar condicionado. S\u00f3 um ar aumentar mais de R$500,00. Ent\u00e3o, acho um abuso porque foi s\u00f3 um ar que aumentou em um m\u00eas. E o meu consumo era de R$570,00. Eu achei um abuso, eu s\u00f3 n\u00e3o questionei porque eu e minha esposa decidimos esperar a pr\u00f3xima conta, est\u00e1 dif\u00edcil para todo mundo e agora n\u00e3o tem mais condi\u00e7\u00e3o\u201d, diz Santos.<\/p>\n<p>O t\u00e9cnico em enfermagem analisa que o aumento de 20% ir\u00e1 impactar na tarifa final da resid\u00eancia. \u201cEu vou acabar pagando R$ 2.000 mil. Isso \u00e9 fora de cogita\u00e7\u00e3o, estamos sendo muito prejudicados. Eu quero que o poder p\u00fablico fa\u00e7a alguma coisa por n\u00f3s\u201d, concluiu o enfermeiro.<\/p>\n<p>Segundo a dona de casa Juliane Guimar\u00e3es, que tem apenas um frigobar como aparelho de maior consumo da resid\u00eancia,\u00a0 est\u00e1 pagando mais de R$300,00 por m\u00eas de energia, com o novo reajuste ser\u00e1 mais dif\u00edcil manter a casa.<\/p>\n<p style=\"text-align: justify;\">\u201cContinua vindo todo m\u00eas os valores de R$ 300,00 ou R$ 400,00. Eu n\u00e3o sei como n\u00f3s vamos viver com esse reajuste, pois ainda tem que pagar alimenta\u00e7\u00e3o e \u00e1gua. Quando tem acordo de energia, eles querem que a gente pague uma entrada, para jogar a parcela dentro do consumo de casa, para uma pessoa que ganha um sal\u00e1rio m\u00ednimo n\u00e3o tem condi\u00e7\u00f5es\u201d, diz Guimar\u00e3es.<\/p>\n<p style=\"text-align: justify;\">Segundo o presidente do Conselho Estadual de Consumidor de Energia do Acre, Ivan de carvalho, o setor el\u00e9trico \u00e9 o que mais concentra atributos dentro da tarifa de energia el\u00e9trica, as revis\u00f5es impactam o consumidor, as an\u00e1lises do investimento da distribuidora que gera energia, quem transmite a energia resultam na tarifa final.<\/p>\n<p style=\"text-align: justify;\">\u201cParticipamos da audi\u00eancia p\u00fablica no dia 5 de outubro, fizemos as nossas atribui\u00e7\u00f5es, somamos com as ideias do Procon, do MPAC, da ind\u00fastria e com\u00e9rcio, existe uma jun\u00e7\u00e3o de institui\u00e7\u00f5es e classes que fizeram a sua parte. A gente vai esperar realmente a nota conclusiva da anel que est\u00e1 prevista at\u00e9 o dia 10\u201d, diz.<\/p>\n<p>Carvalho acredita que este percentual deve cair antes de chegar ao consumidor.<\/p>\n<p><strong><em>Com informa\u00e7\u00f5es do rep\u00f3rter Marilson Maia para TV Gazeta<\/em><\/strong><\/p>\n","protected":false},"excerpt":{"rendered":"<p>A Ag\u00eancia Nacional de Energia El\u00e9trica (Aneel), est\u00e1 analisando um aumento que pode ultrapassar os 22% no Acre, o presidente do conselho estadual de consumidor de energia do Acre, Ivan de Carvalho da Silva,\u00a0 participou de uma audi\u00eancia p\u00fablica em outubro, junto ao Programa de Prote\u00e7\u00e3o e Defesa do Consumidor (Procon), Minist\u00e9rio P\u00fablico do Acre [&hellip;]<\/p>\n","protected":false},"author":4,"featured_media":122730,"comment_status":"open","ping_status":"open","sticky":false,"template":"","format":"standard","meta":{"jnews-multi-image_gallery":[],"jnews_single_post":{"source_name":"","source_url":"","via_name":"","via_url":"","override_template":"0","override":[{"template":"custom","single_blog_custom":"110746","parallax":"1","fullscreen":"1","layout":"right-sidebar","sidebar":"default-sidebar","second_sidebar":"default-sidebar","sticky_sidebar":"1","share_position":"top","share_float_style":"share-monocrhome","show_share_counter":"1","show_view_counter":"1","show_featured":"1","show_post_meta":"1","show_post_author":"1","show_post_author_image":"1","show_post_date":"1","post_date_format":"default","post_date_format_custom":"Y\/m\/d","show_post_category":"1","show_post_reading_time":"0","post_reading_time_wpm":"300","show_zoom_button":"0","zoom_button_out_step":"2","zoom_button_in_step":"3","show_post_tag":"1","show_prev_next_post":"1","show_popup_post":"1","number_popup_post":"1","show_author_box":"0","show_post_related":"1","show_inline_post_related":"0"}],"override_image_size":"0","image_override":[{"single_post_thumbnail_size":"crop-500","single_post_gallery_size":"crop-500"}],"trending_post":"0","trending_post_position":"meta","trending_post_label":"Trending","sponsored_post":"0","sponsored_post_label":"Sponsored by","sponsored_post_name":"","sponsored_post_url":"","sponsored_post_logo_enable":"0","sponsored_post_logo":"","sponsored_post_desc":"","disable_ad":"0"},"jnews_primary_category":{"id":"","hide":""},"jnews_social_meta":[],"jnews_review":[],"enable_review":"","type":"","name":"","summary":"","brand":"","sku":"","good":[],"bad":[],"score_override":"","override_value":"","rating":[],"price":[],"footnotes":""},"categories":[54],"tags":[],"class_list":["post-122725","post","type-post","status-publish","format-standard","has-post-thumbnail","hentry","category-cotidiano"],"yoast_head":"<!-- This site is optimized with the Yoast SEO plugin v26.5 - https:\/\/yoast.com\/wordpress\/plugins\/seo\/ -->\n<title>Mesmo com interven\u00e7\u00e3o da Aneel, energia el\u00e9trica no Acre deve subir mais de 20% em dezembro - Agazeta.net<\/title>\n<meta name=\"robots\" content=\"index, follow, max-snippet:-1, max-image-preview:large, max-video-preview:-1\" \/>\n<link rel=\"canonical\" href=\"https:\/\/nk7-testes.com.br\/agazeta\/mesmo-com-intervencao-da-aneel-energia-eletrica-no-acre-deve-subir-mais-de-20-em-dezembro\/\" \/>\n<meta property=\"og:locale\" content=\"pt_BR\" \/>\n<meta property=\"og:type\" content=\"article\" \/>\n<meta property=\"og:title\" content=\"Mesmo com interven\u00e7\u00e3o da Aneel, energia el\u00e9trica no Acre deve subir mais de 20% em dezembro\" \/>\n<meta property=\"og:description\" content=\"O percentual ainda est\u00e1 sendo discutido, mas a proposta inicial da Aneel \u00e9 fixar em m\u00e9dia 20,86%\" \/>\n<meta property=\"og:url\" content=\"https:\/\/nk7-testes.com.br\/agazeta\/mesmo-com-intervencao-da-aneel-energia-eletrica-no-acre-deve-subir-mais-de-20-em-dezembro\/\" \/>\n<meta property=\"og:site_name\" content=\"Agazeta.net\" \/>\n<meta property=\"article:published_time\" content=\"2023-11-29T14:34:27+00:00\" \/>\n<meta property=\"og:image\" content=\"https:\/\/nk7-testes.com.br\/agazeta\/wp-content\/uploads\/2023\/11\/energia.jpg\" \/>\n\t<meta property=\"og:image:width\" content=\"700\" \/>\n\t<meta property=\"og:image:height\" content=\"403\" \/>\n\t<meta property=\"og:image:type\" content=\"image\/jpeg\" \/>\n<meta name=\"author\" content=\"Agazeta.Net\" \/>\n<meta name=\"twitter:card\" content=\"summary_large_image\" \/>\n<meta name=\"twitter:title\" content=\"Mesmo com interven\u00e7\u00e3o da Aneel, energia el\u00e9trica no Acre deve subir mais de 20% em dezembro\" \/>\n<meta name=\"twitter:description\" content=\"O percentual ainda est\u00e1 sendo discutido, mas a proposta inicial da Aneel \u00e9 fixar em m\u00e9dia 20,86%\" \/>\n<meta name=\"twitter:image\" content=\"https:\/\/nk7-testes.com.br\/agazeta\/wp-content\/uploads\/2023\/11\/energia.jpg\" \/>\n<meta name=\"twitter:label1\" content=\"Escrito por\" \/>\n\t<meta name=\"twitter:data1\" content=\"Agazeta.Net\" \/>\n\t<meta name=\"twitter:label2\" content=\"Est. tempo de leitura\" \/>\n\t<meta name=\"twitter:data2\" content=\"3 minutos\" \/>\n<script type=\"application\/ld+json\" class=\"yoast-schema-graph\">{\"@context\":\"https:\/\/schema.org\",\"@graph\":[{\"@type\":\"WebPage\",\"@id\":\"https:\/\/nk7-testes.com.br\/agazeta\/mesmo-com-intervencao-da-aneel-energia-eletrica-no-acre-deve-subir-mais-de-20-em-dezembro\/\",\"url\":\"https:\/\/nk7-testes.com.br\/agazeta\/mesmo-com-intervencao-da-aneel-energia-eletrica-no-acre-deve-subir-mais-de-20-em-dezembro\/\",\"name\":\"Mesmo com interven\u00e7\u00e3o da Aneel, energia el\u00e9trica no Acre deve subir mais de 20% em dezembro - Agazeta.net\",\"isPartOf\":{\"@id\":\"https:\/\/nk7-testes.com.br\/agazeta\/#website\"},\"primaryImageOfPage\":{\"@id\":\"https:\/\/nk7-testes.com.br\/agazeta\/mesmo-com-intervencao-da-aneel-energia-eletrica-no-acre-deve-subir-mais-de-20-em-dezembro\/#primaryimage\"},\"image\":{\"@id\":\"https:\/\/nk7-testes.com.br\/agazeta\/mesmo-com-intervencao-da-aneel-energia-eletrica-no-acre-deve-subir-mais-de-20-em-dezembro\/#primaryimage\"},\"thumbnailUrl\":\"https:\/\/nk7-testes.com.br\/agazeta\/wp-content\/uploads\/2023\/11\/energia.jpg\",\"datePublished\":\"2023-11-29T14:34:27+00:00\",\"author\":{\"@id\":\"https:\/\/nk7-testes.com.br\/agazeta\/#\/schema\/person\/ff6b39d54d6973bfc57f4140f659b23f\"},\"breadcrumb\":{\"@id\":\"https:\/\/nk7-testes.com.br\/agazeta\/mesmo-com-intervencao-da-aneel-energia-eletrica-no-acre-deve-subir-mais-de-20-em-dezembro\/#breadcrumb\"},\"inLanguage\":\"pt-BR\",\"potentialAction\":[{\"@type\":\"ReadAction\",\"target\":[\"https:\/\/nk7-testes.com.br\/agazeta\/mesmo-com-intervencao-da-aneel-energia-eletrica-no-acre-deve-subir-mais-de-20-em-dezembro\/\"]}]},{\"@type\":\"ImageObject\",\"inLanguage\":\"pt-BR\",\"@id\":\"https:\/\/nk7-testes.com.br\/agazeta\/mesmo-com-intervencao-da-aneel-energia-eletrica-no-acre-deve-subir-mais-de-20-em-dezembro\/#primaryimage\",\"url\":\"https:\/\/nk7-testes.com.br\/agazeta\/wp-content\/uploads\/2023\/11\/energia.jpg\",\"contentUrl\":\"https:\/\/nk7-testes.com.br\/agazeta\/wp-content\/uploads\/2023\/11\/energia.jpg\",\"width\":700,\"height\":403},{\"@type\":\"BreadcrumbList\",\"@id\":\"https:\/\/nk7-testes.com.br\/agazeta\/mesmo-com-intervencao-da-aneel-energia-eletrica-no-acre-deve-subir-mais-de-20-em-dezembro\/#breadcrumb\",\"itemListElement\":[{\"@type\":\"ListItem\",\"position\":1,\"name\":\"In\u00edcio\",\"item\":\"https:\/\/nk7-testes.com.br\/agazeta\/\"},{\"@type\":\"ListItem\",\"position\":2,\"name\":\"Mesmo com interven\u00e7\u00e3o da Aneel, energia el\u00e9trica no Acre deve subir mais de 20% em dezembro\"}]},{\"@type\":\"WebSite\",\"@id\":\"https:\/\/nk7-testes.com.br\/agazeta\/#website\",\"url\":\"https:\/\/nk7-testes.com.br\/agazeta\/\",\"name\":\"Agazeta.net\",\"description\":\"Agazeta.net - Not\u00edcias de Rio Branco\/AC\",\"potentialAction\":[{\"@type\":\"SearchAction\",\"target\":{\"@type\":\"EntryPoint\",\"urlTemplate\":\"https:\/\/nk7-testes.com.br\/agazeta\/?s={search_term_string}\"},\"query-input\":{\"@type\":\"PropertyValueSpecification\",\"valueRequired\":true,\"valueName\":\"search_term_string\"}}],\"inLanguage\":\"pt-BR\"},{\"@type\":\"Person\",\"@id\":\"https:\/\/nk7-testes.com.br\/agazeta\/#\/schema\/person\/ff6b39d54d6973bfc57f4140f659b23f\",\"name\":\"Agazeta.Net\",\"url\":\"https:\/\/nk7-testes.com.br\/agazeta\/author\/agazeta\/\"}]}<\/script>\n<!-- \/ Yoast SEO plugin. -->","yoast_head_json":{"title":"Mesmo com interven\u00e7\u00e3o da Aneel, energia el\u00e9trica no Acre deve subir mais de 20% em dezembro - Agazeta.net","robots":{"index":"index","follow":"follow","max-snippet":"max-snippet:-1","max-image-preview":"max-image-preview:large","max-video-preview":"max-video-preview:-1"},"canonical":"https:\/\/nk7-testes.com.br\/agazeta\/mesmo-com-intervencao-da-aneel-energia-eletrica-no-acre-deve-subir-mais-de-20-em-dezembro\/","og_locale":"pt_BR","og_type":"article","og_title":"Mesmo com interven\u00e7\u00e3o da Aneel, energia el\u00e9trica no Acre deve subir mais de 20% em dezembro","og_description":"O percentual ainda est\u00e1 sendo discutido, mas a proposta inicial da Aneel \u00e9 fixar em m\u00e9dia 20,86%","og_url":"https:\/\/nk7-testes.com.br\/agazeta\/mesmo-com-intervencao-da-aneel-energia-eletrica-no-acre-deve-subir-mais-de-20-em-dezembro\/","og_site_name":"Agazeta.net","article_published_time":"2023-11-29T14:34:27+00:00","og_image":[{"width":700,"height":403,"url":"https:\/\/nk7-testes.com.br\/agazeta\/wp-content\/uploads\/2023\/11\/energia.jpg","type":"image\/jpeg"}],"author":"Agazeta.Net","twitter_card":"summary_large_image","twitter_title":"Mesmo com interven\u00e7\u00e3o da Aneel, energia el\u00e9trica no Acre deve subir mais de 20% em dezembro","twitter_description":"O percentual ainda est\u00e1 sendo discutido, mas a proposta inicial da Aneel \u00e9 fixar em m\u00e9dia 20,86%","twitter_image":"https:\/\/nk7-testes.com.br\/agazeta\/wp-content\/uploads\/2023\/11\/energia.jpg","twitter_misc":{"Escrito por":"Agazeta.Net","Est. tempo de leitura":"3 minutos"},"schema":{"@context":"https:\/\/schema.org","@graph":[{"@type":"WebPage","@id":"https:\/\/nk7-testes.com.br\/agazeta\/mesmo-com-intervencao-da-aneel-energia-eletrica-no-acre-deve-subir-mais-de-20-em-dezembro\/","url":"https:\/\/nk7-testes.com.br\/agazeta\/mesmo-com-intervencao-da-aneel-energia-eletrica-no-acre-deve-subir-mais-de-20-em-dezembro\/","name":"Mesmo com interven\u00e7\u00e3o da Aneel, energia el\u00e9trica no Acre deve subir mais de 20% em dezembro - Agazeta.net","isPartOf":{"@id":"https:\/\/nk7-testes.com.br\/agazeta\/#website"},"primaryImageOfPage":{"@id":"https:\/\/nk7-testes.com.br\/agazeta\/mesmo-com-intervencao-da-aneel-energia-eletrica-no-acre-deve-subir-mais-de-20-em-dezembro\/#primaryimage"},"image":{"@id":"https:\/\/nk7-testes.com.br\/agazeta\/mesmo-com-intervencao-da-aneel-energia-eletrica-no-acre-deve-subir-mais-de-20-em-dezembro\/#primaryimage"},"thumbnailUrl":"https:\/\/nk7-testes.com.br\/agazeta\/wp-content\/uploads\/2023\/11\/energia.jpg","datePublished":"2023-11-29T14:34:27+00:00","author":{"@id":"https:\/\/nk7-testes.com.br\/agazeta\/#\/schema\/person\/ff6b39d54d6973bfc57f4140f659b23f"},"breadcrumb":{"@id":"https:\/\/nk7-testes.com.br\/agazeta\/mesmo-com-intervencao-da-aneel-energia-eletrica-no-acre-deve-subir-mais-de-20-em-dezembro\/#breadcrumb"},"inLanguage":"pt-BR","potentialAction":[{"@type":"ReadAction","target":["https:\/\/nk7-testes.com.br\/agazeta\/mesmo-com-intervencao-da-aneel-energia-eletrica-no-acre-deve-subir-mais-de-20-em-dezembro\/"]}]},{"@type":"ImageObject","inLanguage":"pt-BR","@id":"https:\/\/nk7-testes.com.br\/agazeta\/mesmo-com-intervencao-da-aneel-energia-eletrica-no-acre-deve-subir-mais-de-20-em-dezembro\/#primaryimage","url":"https:\/\/nk7-testes.com.br\/agazeta\/wp-content\/uploads\/2023\/11\/energia.jpg","contentUrl":"https:\/\/nk7-testes.com.br\/agazeta\/wp-content\/uploads\/2023\/11\/energia.jpg","width":700,"height":403},{"@type":"BreadcrumbList","@id":"https:\/\/nk7-testes.com.br\/agazeta\/mesmo-com-intervencao-da-aneel-energia-eletrica-no-acre-deve-subir-mais-de-20-em-dezembro\/#breadcrumb","itemListElement":[{"@type":"ListItem","position":1,"name":"In\u00edcio","item":"https:\/\/nk7-testes.com.br\/agazeta\/"},{"@type":"ListItem","position":2,"name":"Mesmo com interven\u00e7\u00e3o da Aneel, energia el\u00e9trica no Acre deve subir mais de 20% em dezembro"}]},{"@type":"WebSite","@id":"https:\/\/nk7-testes.com.br\/agazeta\/#website","url":"https:\/\/nk7-testes.com.br\/agazeta\/","name":"Agazeta.net","description":"Agazeta.net - Not\u00edcias de Rio Branco\/AC","potentialAction":[{"@type":"SearchAction","target":{"@type":"EntryPoint","urlTemplate":"https:\/\/nk7-testes.com.br\/agazeta\/?s={search_term_string}"},"query-input":{"@type":"PropertyValueSpecification","valueRequired":true,"valueName":"search_term_string"}}],"inLanguage":"pt-BR"},{"@type":"Person","@id":"https:\/\/nk7-testes.com.br\/agazeta\/#\/schema\/person\/ff6b39d54d6973bfc57f4140f659b23f","name":"Agazeta.Net","url":"https:\/\/nk7-testes.com.br\/agazeta\/author\/agazeta\/"}]}},"_links":{"self":[{"href":"https:\/\/nk7-testes.com.br\/agazeta\/wp-json\/wp\/v2\/posts\/122725","targetHints":{"allow":["GET"]}}],"collection":[{"href":"https:\/\/nk7-testes.com.br\/agazeta\/wp-json\/wp\/v2\/posts"}],"about":[{"href":"https:\/\/nk7-testes.com.br\/agazeta\/wp-json\/wp\/v2\/types\/post"}],"author":[{"embeddable":true,"href":"https:\/\/nk7-testes.com.br\/agazeta\/wp-json\/wp\/v2\/users\/4"}],"replies":[{"embeddable":true,"href":"https:\/\/nk7-testes.com.br\/agazeta\/wp-json\/wp\/v2\/comments?post=122725"}],"version-history":[{"count":0,"href":"https:\/\/nk7-testes.com.br\/agazeta\/wp-json\/wp\/v2\/posts\/122725\/revisions"}],"wp:featuredmedia":[{"embeddable":true,"href":"https:\/\/nk7-testes.com.br\/agazeta\/wp-json\/wp\/v2\/media\/122730"}],"wp:attachment":[{"href":"https:\/\/nk7-testes.com.br\/agazeta\/wp-json\/wp\/v2\/media?parent=122725"}],"wp:term":[{"taxonomy":"category","embeddable":true,"href":"https:\/\/nk7-testes.com.br\/agazeta\/wp-json\/wp\/v2\/categories?post=122725"},{"taxonomy":"post_tag","embeddable":true,"href":"https:\/\/nk7-testes.com.br\/agazeta\/wp-json\/wp\/v2\/tags?post=122725"}],"curies":[{"name":"wp","href":"https:\/\/api.w.org\/{rel}","templated":true}]}}