{"id":122686,"date":"2023-11-28T09:41:21","date_gmt":"2023-11-28T14:41:21","guid":{"rendered":"https:\/\/abarevegan.com.br\/?p=122686"},"modified":"2023-11-28T09:58:44","modified_gmt":"2023-11-28T14:58:44","slug":"em-rio-branco-comerciantes-iniciam-abaixo-assinado-para-proibir-pessoas-de-alimentarem-os-pombos","status":"publish","type":"post","link":"https:\/\/nk7-testes.com.br\/agazeta\/em-rio-branco-comerciantes-iniciam-abaixo-assinado-para-proibir-pessoas-de-alimentarem-os-pombos\/","title":{"rendered":"Em Rio Branco, comerciantes iniciam abaixo-assinado para proibir pessoas de alimentarem os pombos"},"content":{"rendered":"<p>Em colabora\u00e7\u00e3o com <strong>Inayme Lobo<\/strong> para o <strong>Agazeta.net<\/strong><\/p>\n<p><!--more--><\/p>\n<p style=\"text-align: justify;\"><span style=\"font-weight: 400;\">Trabalhadores fazem abaixo-assinado para que as pessoas sejam proibidas de alimentar as aves na regi\u00e3o do Bosque. Eles alegam que a amea\u00e7a iminente da doen\u00e7a do pombo tem prejudicado o com\u00e9rcio da regi\u00e3o e pedem que as autoridades tomem provid\u00eancia.<\/span><\/p>\n<p style=\"text-align: justify;\"><span style=\"font-weight: 400;\">O abaixo-assinado conta com mais de 160 assinaturas, e os trabalhadores tomaram essa iniciativa em detrimento de uma mulher idosa que vai diariamente ao local alimentar os pombos. A pr\u00e1tica tem causado desentendimento entre ela e os comerciantes da regi\u00e3o.\u00a0<\/span><\/p>\n<p style=\"text-align: justify;\"><span style=\"font-weight: 400;\">A situa\u00e7\u00e3o passou dos limites para os vendedores locais que recentemente perderam uma colega de trabalho v\u00edtima da Doen\u00e7a do Pombo na regi\u00e3o. Eles aguardam a presen\u00e7a da vigil\u00e2ncia sanit\u00e1ria, e esperam que a prefeitura realize uma limpeza no local do mercado.\u00a0<\/span><\/p>\n<p style=\"text-align: justify;\"><span style=\"font-weight: 400;\">O abaixo-assinado \u00e9 embasado na situa\u00e7\u00e3o passada pela \u00faltima v\u00edtima, Sandra Silveira, vendedora da regi\u00e3o. O documento vai mostrar desde o primeiro per\u00edodo que ela levou pra ser diagnosticada at\u00e9 a transfer\u00eancia dela para o Pronto Socorro (PS), quando foi diagnosticada tardiamente com a criptococose no \u00faltimo dia 14.<\/span><\/p>\n<p style=\"text-align: justify;\"><span style=\"font-weight: 400;\">\u00a0\u201cMediante o risco da sa\u00fade p\u00fablica da popula\u00e7\u00e3o, trabalhadores, moradores e frequentadores dos com\u00e9rcios dessa regi\u00e3o, pedimos \u00e0s autoridades competentes, que algo seja feito em rela\u00e7\u00e3o \u00e0s pessoas que alimentam esses animais, a partir desse ato, que seja proibido a alimenta\u00e7\u00e3o dos pombos\u201d , informa\u00e7\u00f5es constatadas no abaixo-assinado.<\/span><\/p>\n<p style=\"text-align: justify;\"><span style=\"font-weight: 400;\">\u00c9 poss\u00edvel constatar a presen\u00e7a das aves em diversos pontos da regi\u00e3o do bairro do Bosque. Por ser um local muito movimentado, \u00e9 comum encontrar lixeiras abertas, restos de alimentos e at\u00e9 mesmo produtos comercializados a granel e todos esses fatores citados s\u00e3o favor\u00e1veis \u00e0 prolifera\u00e7\u00e3o dos pombos.<\/span><\/p>\n<p style=\"text-align: justify;\"><span style=\"font-weight: 400;\">Segundo o administrador de um mercado p\u00fablico, Edmilson Souza, est\u00e1 sendo realizado um trabalho de conscientiza\u00e7\u00e3o para evitar a alimenta\u00e7\u00e3o dos animais por parte dos frequentadores do local.\u00a0<\/span><\/p>\n<p style=\"text-align: justify;\"><span style=\"font-weight: 400;\">\u201cEstamos informando os permission\u00e1rios, informando os frequentadores e a equipe de limpeza que n\u00e3o permita que as pessoas alimentem os animais, estamos com um trabalho de educa\u00e7\u00e3o, educando e informando a popula\u00e7\u00e3o, que realmente pode ocorrer esse fim tr\u00e1gico\u201d, diz Souza.<\/span><\/p>\n<p style=\"text-align: justify;\"><span style=\"font-weight: 400;\">A transmiss\u00e3o das doen\u00e7as \u00e9 causada pelas fezes secas dos animais que s\u00e3o infectadas por fungos e bact\u00e9rias. Segundo os trabalhadores dos com\u00e9rcios da regi\u00e3o, ap\u00f3s oito dias da morte da atendente, nenhum representante do munic\u00edpio foi at\u00e9 o local, relatam ainda que nenhuma iniciativa foi tomada pelas autoridades.<\/span><\/p>\n<p><strong>Confira o documento na \u00edntegra<\/strong><\/p>\n<p style=\"text-align: justify;\"><span style=\"font-weight: 400;\">Criptococose, conhecida como &#8220;Doen\u00e7a do Pombo&#8221;, que causou a morte da atendente de loja Sandra Silveira Bezerra, de 49 anos, na \u00faltima quarta-feira (15) no Pronto-Socorro de Rio Branco. Sandra ficou internada na unidade de sa\u00fade por uma semana.<\/span><\/p>\n<p style=\"text-align: justify;\"><span style=\"font-weight: 400;\">A v\u00edtima recebeu o diagn\u00f3stico na ter\u00e7a (14). Na certid\u00e3o de \u00f3bito consta que Sandra faleceu de meningite f\u00fangica, cryptococcus, edema cerebral e pneumonia. Ela trabalhou por mais de 12 anos em uma loja de variedades que fica na Rua Cel. Alexandrino, bairro Bosque, na capital acreana, localidade onde h\u00e1 a presen\u00e7a constante de pombos.<\/span><\/p>\n<p style=\"text-align: justify;\"><span style=\"font-weight: 400;\">Em outubro, Sandra foi levada \u00e0 Unidade de Pronto Atendimento (UPA), fez um raio-X e foi detectada uma mancha em seu pulm\u00e3o. Foi ent\u00e3o que a filha mais velha levou Sandra em um pneumologista para exames mais espec\u00edficos.<\/span><\/p>\n<p style=\"text-align: justify;\"><span style=\"font-weight: 400;\">Ela ficou na UPA do Segundo Distrito at\u00e9 dia 8 de novembro, quando foi transferida<\/span><\/p>\n<p style=\"text-align: justify;\"><span style=\"font-weight: 400;\">para o pronto-socorro. Na unidade de sa\u00fade, segundo F\u00e1bia Rodrigues, filha da atendente, fizeram um exame para meningite e a atendente come\u00e7ou a tomar antibi\u00f3ticos<\/span><\/p>\n<p style=\"text-align: justify;\"><span style=\"font-weight: 400;\">&#8220;S\u00f3 pensaram na meningite bacteriana e na viral, n\u00e3o pensaram na f\u00fangica. Foi tomando o antibi\u00f3tico, mas n\u00e3o havia melhora. Foi para as dosagens mais altas dos antibi\u00f3ticos, a dor de cabe\u00e7a s\u00f3 piorava, a infec\u00e7\u00e3o muito forte tamb\u00e9m. Houve uma demora muito grande para se descobrir. Fui atr\u00e1s v\u00e1rias vezes. Ela tamb\u00e9m teve altera\u00e7\u00f5es na vis\u00e3o. O m\u00e9dico explicou que por conta do edema cerebral ocorria essa altera\u00e7\u00e3o na vis\u00e3o, mas que quando desinchasse voltaria ao normal&#8221;, disse.<\/span><\/p>\n<p style=\"text-align: justify;\"><span style=\"font-weight: 400;\">O diagn\u00f3stico certo foi descoberto apenas na \u00faltima ter\u00e7a-feira (14), quando F\u00e1bia pegou o resultado o exame feito em Sandra no laborat\u00f3rio, e apresentou para o m\u00e9dico plantonista. A jovem conta que sempre desconfiou que a m\u00e3e tinha Doen\u00e7a do Pombo devido \u00e0 presen\u00e7a das aves pr\u00f3ximo ao local do trabalho dela Sandra estava internada na observa\u00e7\u00e3o do PS quando descobriram a doen\u00e7a. Para tomar a medica\u00e7\u00e3o, ela precisava ser transferida para uma enfermaria do andar de cima. Essa transfer\u00eancia foi feita no in\u00edcio da noite de ter\u00e7a, mas a atendente passou muito mal e precisou ser entubada.<\/span><\/p>\n<p style=\"text-align: justify;\"><span style=\"font-weight: 400;\">&#8220;O c\u00e9rebro dela estava muito inchado, por isso sentia muita dor de cabe\u00e7a se os exames tivessem sa\u00eddo mais r\u00e1pido, fui no laborat\u00f3rio pegar o resultado. Onde ela trabalhava tinha muito pombo, \u00e1s vezes, ficava l\u00e1 pela frente aguardando entrar. Ela passava a maior parte do tempo l\u00e1. Ainda estou sem ch\u00e3o, agora que consigo falar&#8221;, lamentou.<\/span><\/p>\n<p style=\"text-align: justify;\"><em>Com informa\u00e7\u00f5es da rep\u00f3rter D\u00e9bora Ribeiro<\/em><\/p>\n","protected":false},"excerpt":{"rendered":"<p>Em colabora\u00e7\u00e3o com Inayme Lobo para o Agazeta.net<\/p>\n","protected":false},"author":4,"featured_media":122687,"comment_status":"open","ping_status":"open","sticky":false,"template":"","format":"standard","meta":{"jnews-multi-image_gallery":[],"jnews_single_post":{"source_name":"","source_url":"","via_name":"","via_url":"","override_template":"0","override":[{"template":"custom","single_blog_custom":"110746","parallax":"1","fullscreen":"1","layout":"right-sidebar","sidebar":"default-sidebar","second_sidebar":"default-sidebar","sticky_sidebar":"1","share_position":"top","share_float_style":"share-monocrhome","show_share_counter":"1","show_view_counter":"1","show_featured":"1","show_post_meta":"1","show_post_author":"1","show_post_author_image":"1","show_post_date":"1","post_date_format":"default","post_date_format_custom":"Y\/m\/d","show_post_category":"1","show_post_reading_time":"0","post_reading_time_wpm":"300","show_zoom_button":"0","zoom_button_out_step":"2","zoom_button_in_step":"3","show_post_tag":"1","show_prev_next_post":"1","show_popup_post":"1","number_popup_post":"1","show_author_box":"0","show_post_related":"1","show_inline_post_related":"0"}],"override_image_size":"0","image_override":[{"single_post_thumbnail_size":"crop-500","single_post_gallery_size":"crop-500"}],"trending_post":"0","trending_post_position":"meta","trending_post_label":"Trending","sponsored_post":"0","sponsored_post_label":"Sponsored by","sponsored_post_name":"","sponsored_post_url":"","sponsored_post_logo_enable":"0","sponsored_post_logo":"","sponsored_post_desc":"","disable_ad":"0"},"jnews_primary_category":{"id":"","hide":""},"jnews_social_meta":{"fb_title":"","fb_description":"","fb_image":"","twitter_title":"","twitter_description":"","twitter_image":""},"jnews_review":[],"enable_review":"0","type":"percentage","name":"","summary":"","brand":"","sku":"","good":[{"good_text":""}],"bad":[{"bad_text":""}],"score_override":"0","override_value":"","rating":[{"rating_text":"","rating_number":"10"}],"price":[{"shop":"","price":"","link":"","icon":""}],"footnotes":""},"categories":[54],"tags":[152],"class_list":["post-122686","post","type-post","status-publish","format-standard","has-post-thumbnail","hentry","category-cotidiano","tag-destaque"],"yoast_head":"<!-- This site is optimized with the Yoast SEO plugin v26.5 - https:\/\/yoast.com\/wordpress\/plugins\/seo\/ -->\n<title>Em Rio Branco, comerciantes iniciam abaixo-assinado para proibir pessoas de alimentarem os pombos - Agazeta.net<\/title>\n<meta name=\"robots\" content=\"index, follow, max-snippet:-1, max-image-preview:large, max-video-preview:-1\" \/>\n<link rel=\"canonical\" href=\"https:\/\/nk7-testes.com.br\/agazeta\/em-rio-branco-comerciantes-iniciam-abaixo-assinado-para-proibir-pessoas-de-alimentarem-os-pombos\/\" \/>\n<meta property=\"og:locale\" content=\"pt_BR\" \/>\n<meta property=\"og:type\" content=\"article\" \/>\n<meta property=\"og:title\" content=\"Em Rio Branco, comerciantes iniciam abaixo-assinado para proibir pessoas de alimentarem os pombos\" \/>\n<meta property=\"og:description\" content=\"Em colabora\u00e7\u00e3o com Inayme Lobo para o Agazeta.net\" \/>\n<meta property=\"og:url\" content=\"https:\/\/nk7-testes.com.br\/agazeta\/em-rio-branco-comerciantes-iniciam-abaixo-assinado-para-proibir-pessoas-de-alimentarem-os-pombos\/\" \/>\n<meta property=\"og:site_name\" content=\"Agazeta.net\" \/>\n<meta property=\"article:published_time\" content=\"2023-11-28T14:41:21+00:00\" \/>\n<meta property=\"article:modified_time\" content=\"2023-11-28T14:58:44+00:00\" \/>\n<meta property=\"og:image\" content=\"https:\/\/nk7-testes.com.br\/agazeta\/wp-content\/uploads\/2023\/11\/WhatsApp-Image-2023-11-28-at-09.38.19.jpeg\" \/>\n\t<meta property=\"og:image:width\" content=\"566\" \/>\n\t<meta property=\"og:image:height\" content=\"318\" \/>\n\t<meta property=\"og:image:type\" content=\"image\/jpeg\" \/>\n<meta name=\"author\" content=\"Agazeta.Net\" \/>\n<meta name=\"twitter:card\" content=\"summary_large_image\" \/>\n<meta name=\"twitter:title\" content=\"Em Rio Branco, comerciantes iniciam abaixo-assinado para proibir pessoas de alimentarem os pombos\" \/>\n<meta name=\"twitter:image\" content=\"https:\/\/nk7-testes.com.br\/agazeta\/wp-content\/uploads\/2023\/11\/WhatsApp-Image-2023-11-28-at-09.38.19.jpeg\" \/>\n<meta name=\"twitter:label1\" content=\"Escrito por\" \/>\n\t<meta name=\"twitter:data1\" content=\"Agazeta.Net\" \/>\n\t<meta name=\"twitter:label2\" content=\"Est. tempo de leitura\" \/>\n\t<meta name=\"twitter:data2\" content=\"5 minutos\" \/>\n<script type=\"application\/ld+json\" class=\"yoast-schema-graph\">{\"@context\":\"https:\/\/schema.org\",\"@graph\":[{\"@type\":\"WebPage\",\"@id\":\"https:\/\/nk7-testes.com.br\/agazeta\/em-rio-branco-comerciantes-iniciam-abaixo-assinado-para-proibir-pessoas-de-alimentarem-os-pombos\/\",\"url\":\"https:\/\/nk7-testes.com.br\/agazeta\/em-rio-branco-comerciantes-iniciam-abaixo-assinado-para-proibir-pessoas-de-alimentarem-os-pombos\/\",\"name\":\"Em Rio Branco, comerciantes iniciam abaixo-assinado para proibir pessoas de alimentarem os pombos - Agazeta.net\",\"isPartOf\":{\"@id\":\"https:\/\/nk7-testes.com.br\/agazeta\/#website\"},\"primaryImageOfPage\":{\"@id\":\"https:\/\/nk7-testes.com.br\/agazeta\/em-rio-branco-comerciantes-iniciam-abaixo-assinado-para-proibir-pessoas-de-alimentarem-os-pombos\/#primaryimage\"},\"image\":{\"@id\":\"https:\/\/nk7-testes.com.br\/agazeta\/em-rio-branco-comerciantes-iniciam-abaixo-assinado-para-proibir-pessoas-de-alimentarem-os-pombos\/#primaryimage\"},\"thumbnailUrl\":\"https:\/\/nk7-testes.com.br\/agazeta\/wp-content\/uploads\/2023\/11\/WhatsApp-Image-2023-11-28-at-09.38.19.jpeg\",\"datePublished\":\"2023-11-28T14:41:21+00:00\",\"dateModified\":\"2023-11-28T14:58:44+00:00\",\"author\":{\"@id\":\"https:\/\/nk7-testes.com.br\/agazeta\/#\/schema\/person\/ff6b39d54d6973bfc57f4140f659b23f\"},\"breadcrumb\":{\"@id\":\"https:\/\/nk7-testes.com.br\/agazeta\/em-rio-branco-comerciantes-iniciam-abaixo-assinado-para-proibir-pessoas-de-alimentarem-os-pombos\/#breadcrumb\"},\"inLanguage\":\"pt-BR\",\"potentialAction\":[{\"@type\":\"ReadAction\",\"target\":[\"https:\/\/nk7-testes.com.br\/agazeta\/em-rio-branco-comerciantes-iniciam-abaixo-assinado-para-proibir-pessoas-de-alimentarem-os-pombos\/\"]}]},{\"@type\":\"ImageObject\",\"inLanguage\":\"pt-BR\",\"@id\":\"https:\/\/nk7-testes.com.br\/agazeta\/em-rio-branco-comerciantes-iniciam-abaixo-assinado-para-proibir-pessoas-de-alimentarem-os-pombos\/#primaryimage\",\"url\":\"https:\/\/nk7-testes.com.br\/agazeta\/wp-content\/uploads\/2023\/11\/WhatsApp-Image-2023-11-28-at-09.38.19.jpeg\",\"contentUrl\":\"https:\/\/nk7-testes.com.br\/agazeta\/wp-content\/uploads\/2023\/11\/WhatsApp-Image-2023-11-28-at-09.38.19.jpeg\",\"width\":566,\"height\":318,\"caption\":\"Reprodu\u00e7\u00e3o\"},{\"@type\":\"BreadcrumbList\",\"@id\":\"https:\/\/nk7-testes.com.br\/agazeta\/em-rio-branco-comerciantes-iniciam-abaixo-assinado-para-proibir-pessoas-de-alimentarem-os-pombos\/#breadcrumb\",\"itemListElement\":[{\"@type\":\"ListItem\",\"position\":1,\"name\":\"In\u00edcio\",\"item\":\"https:\/\/nk7-testes.com.br\/agazeta\/\"},{\"@type\":\"ListItem\",\"position\":2,\"name\":\"Em Rio Branco, comerciantes iniciam abaixo-assinado para proibir pessoas de alimentarem os pombos\"}]},{\"@type\":\"WebSite\",\"@id\":\"https:\/\/nk7-testes.com.br\/agazeta\/#website\",\"url\":\"https:\/\/nk7-testes.com.br\/agazeta\/\",\"name\":\"Agazeta.net\",\"description\":\"Agazeta.net - Not\u00edcias de Rio Branco\/AC\",\"potentialAction\":[{\"@type\":\"SearchAction\",\"target\":{\"@type\":\"EntryPoint\",\"urlTemplate\":\"https:\/\/nk7-testes.com.br\/agazeta\/?s={search_term_string}\"},\"query-input\":{\"@type\":\"PropertyValueSpecification\",\"valueRequired\":true,\"valueName\":\"search_term_string\"}}],\"inLanguage\":\"pt-BR\"},{\"@type\":\"Person\",\"@id\":\"https:\/\/nk7-testes.com.br\/agazeta\/#\/schema\/person\/ff6b39d54d6973bfc57f4140f659b23f\",\"name\":\"Agazeta.Net\",\"url\":\"https:\/\/nk7-testes.com.br\/agazeta\/author\/agazeta\/\"}]}<\/script>\n<!-- \/ Yoast SEO plugin. -->","yoast_head_json":{"title":"Em Rio Branco, comerciantes iniciam abaixo-assinado para proibir pessoas de alimentarem os pombos - Agazeta.net","robots":{"index":"index","follow":"follow","max-snippet":"max-snippet:-1","max-image-preview":"max-image-preview:large","max-video-preview":"max-video-preview:-1"},"canonical":"https:\/\/nk7-testes.com.br\/agazeta\/em-rio-branco-comerciantes-iniciam-abaixo-assinado-para-proibir-pessoas-de-alimentarem-os-pombos\/","og_locale":"pt_BR","og_type":"article","og_title":"Em Rio Branco, comerciantes iniciam abaixo-assinado para proibir pessoas de alimentarem os pombos","og_description":"Em colabora\u00e7\u00e3o com Inayme Lobo para o Agazeta.net","og_url":"https:\/\/nk7-testes.com.br\/agazeta\/em-rio-branco-comerciantes-iniciam-abaixo-assinado-para-proibir-pessoas-de-alimentarem-os-pombos\/","og_site_name":"Agazeta.net","article_published_time":"2023-11-28T14:41:21+00:00","article_modified_time":"2023-11-28T14:58:44+00:00","og_image":[{"width":566,"height":318,"url":"https:\/\/nk7-testes.com.br\/agazeta\/wp-content\/uploads\/2023\/11\/WhatsApp-Image-2023-11-28-at-09.38.19.jpeg","type":"image\/jpeg"}],"author":"Agazeta.Net","twitter_card":"summary_large_image","twitter_title":"Em Rio Branco, comerciantes iniciam abaixo-assinado para proibir pessoas de alimentarem os pombos","twitter_image":"https:\/\/nk7-testes.com.br\/agazeta\/wp-content\/uploads\/2023\/11\/WhatsApp-Image-2023-11-28-at-09.38.19.jpeg","twitter_misc":{"Escrito por":"Agazeta.Net","Est. tempo de leitura":"5 minutos"},"schema":{"@context":"https:\/\/schema.org","@graph":[{"@type":"WebPage","@id":"https:\/\/nk7-testes.com.br\/agazeta\/em-rio-branco-comerciantes-iniciam-abaixo-assinado-para-proibir-pessoas-de-alimentarem-os-pombos\/","url":"https:\/\/nk7-testes.com.br\/agazeta\/em-rio-branco-comerciantes-iniciam-abaixo-assinado-para-proibir-pessoas-de-alimentarem-os-pombos\/","name":"Em Rio Branco, comerciantes iniciam abaixo-assinado para proibir pessoas de alimentarem os pombos - Agazeta.net","isPartOf":{"@id":"https:\/\/nk7-testes.com.br\/agazeta\/#website"},"primaryImageOfPage":{"@id":"https:\/\/nk7-testes.com.br\/agazeta\/em-rio-branco-comerciantes-iniciam-abaixo-assinado-para-proibir-pessoas-de-alimentarem-os-pombos\/#primaryimage"},"image":{"@id":"https:\/\/nk7-testes.com.br\/agazeta\/em-rio-branco-comerciantes-iniciam-abaixo-assinado-para-proibir-pessoas-de-alimentarem-os-pombos\/#primaryimage"},"thumbnailUrl":"https:\/\/nk7-testes.com.br\/agazeta\/wp-content\/uploads\/2023\/11\/WhatsApp-Image-2023-11-28-at-09.38.19.jpeg","datePublished":"2023-11-28T14:41:21+00:00","dateModified":"2023-11-28T14:58:44+00:00","author":{"@id":"https:\/\/nk7-testes.com.br\/agazeta\/#\/schema\/person\/ff6b39d54d6973bfc57f4140f659b23f"},"breadcrumb":{"@id":"https:\/\/nk7-testes.com.br\/agazeta\/em-rio-branco-comerciantes-iniciam-abaixo-assinado-para-proibir-pessoas-de-alimentarem-os-pombos\/#breadcrumb"},"inLanguage":"pt-BR","potentialAction":[{"@type":"ReadAction","target":["https:\/\/nk7-testes.com.br\/agazeta\/em-rio-branco-comerciantes-iniciam-abaixo-assinado-para-proibir-pessoas-de-alimentarem-os-pombos\/"]}]},{"@type":"ImageObject","inLanguage":"pt-BR","@id":"https:\/\/nk7-testes.com.br\/agazeta\/em-rio-branco-comerciantes-iniciam-abaixo-assinado-para-proibir-pessoas-de-alimentarem-os-pombos\/#primaryimage","url":"https:\/\/nk7-testes.com.br\/agazeta\/wp-content\/uploads\/2023\/11\/WhatsApp-Image-2023-11-28-at-09.38.19.jpeg","contentUrl":"https:\/\/nk7-testes.com.br\/agazeta\/wp-content\/uploads\/2023\/11\/WhatsApp-Image-2023-11-28-at-09.38.19.jpeg","width":566,"height":318,"caption":"Reprodu\u00e7\u00e3o"},{"@type":"BreadcrumbList","@id":"https:\/\/nk7-testes.com.br\/agazeta\/em-rio-branco-comerciantes-iniciam-abaixo-assinado-para-proibir-pessoas-de-alimentarem-os-pombos\/#breadcrumb","itemListElement":[{"@type":"ListItem","position":1,"name":"In\u00edcio","item":"https:\/\/nk7-testes.com.br\/agazeta\/"},{"@type":"ListItem","position":2,"name":"Em Rio Branco, comerciantes iniciam abaixo-assinado para proibir pessoas de alimentarem os pombos"}]},{"@type":"WebSite","@id":"https:\/\/nk7-testes.com.br\/agazeta\/#website","url":"https:\/\/nk7-testes.com.br\/agazeta\/","name":"Agazeta.net","description":"Agazeta.net - Not\u00edcias de Rio Branco\/AC","potentialAction":[{"@type":"SearchAction","target":{"@type":"EntryPoint","urlTemplate":"https:\/\/nk7-testes.com.br\/agazeta\/?s={search_term_string}"},"query-input":{"@type":"PropertyValueSpecification","valueRequired":true,"valueName":"search_term_string"}}],"inLanguage":"pt-BR"},{"@type":"Person","@id":"https:\/\/nk7-testes.com.br\/agazeta\/#\/schema\/person\/ff6b39d54d6973bfc57f4140f659b23f","name":"Agazeta.Net","url":"https:\/\/nk7-testes.com.br\/agazeta\/author\/agazeta\/"}]}},"_links":{"self":[{"href":"https:\/\/nk7-testes.com.br\/agazeta\/wp-json\/wp\/v2\/posts\/122686","targetHints":{"allow":["GET"]}}],"collection":[{"href":"https:\/\/nk7-testes.com.br\/agazeta\/wp-json\/wp\/v2\/posts"}],"about":[{"href":"https:\/\/nk7-testes.com.br\/agazeta\/wp-json\/wp\/v2\/types\/post"}],"author":[{"embeddable":true,"href":"https:\/\/nk7-testes.com.br\/agazeta\/wp-json\/wp\/v2\/users\/4"}],"replies":[{"embeddable":true,"href":"https:\/\/nk7-testes.com.br\/agazeta\/wp-json\/wp\/v2\/comments?post=122686"}],"version-history":[{"count":0,"href":"https:\/\/nk7-testes.com.br\/agazeta\/wp-json\/wp\/v2\/posts\/122686\/revisions"}],"wp:featuredmedia":[{"embeddable":true,"href":"https:\/\/nk7-testes.com.br\/agazeta\/wp-json\/wp\/v2\/media\/122687"}],"wp:attachment":[{"href":"https:\/\/nk7-testes.com.br\/agazeta\/wp-json\/wp\/v2\/media?parent=122686"}],"wp:term":[{"taxonomy":"category","embeddable":true,"href":"https:\/\/nk7-testes.com.br\/agazeta\/wp-json\/wp\/v2\/categories?post=122686"},{"taxonomy":"post_tag","embeddable":true,"href":"https:\/\/nk7-testes.com.br\/agazeta\/wp-json\/wp\/v2\/tags?post=122686"}],"curies":[{"name":"wp","href":"https:\/\/api.w.org\/{rel}","templated":true}]}}