{"id":122642,"date":"2023-11-27T13:26:47","date_gmt":"2023-11-27T18:26:47","guid":{"rendered":"https:\/\/abarevegan.com.br\/?p=122642"},"modified":"2023-11-27T13:26:47","modified_gmt":"2023-11-27T18:26:47","slug":"nivel-do-rio-acre-nao-registrava-3-metros-desde-junho-de-2023-informa-defesa-civil-de-rio-branco","status":"publish","type":"post","link":"https:\/\/nk7-testes.com.br\/agazeta\/nivel-do-rio-acre-nao-registrava-3-metros-desde-junho-de-2023-informa-defesa-civil-de-rio-branco\/","title":{"rendered":"N\u00edvel do Rio Acre n\u00e3o registrava 3 metros desde junho de 2023, informa Defesa Civil de Rio Branco"},"content":{"rendered":"<p>Por <strong>Inayme Lobo<\/strong> para o <strong>Agazeta.net<\/strong><\/p>\n<p style=\"text-align: justify;\"><span style=\"font-weight: 400;\">O n\u00edvel do Rio Acre aumentou para 3,5m nesta segunda-feira (27), segundo boletim da Defesa Civil de Rio Branco. Esta marca foi registrada pela \u00faltima vez em junho, h\u00e1 cerca de cinco meses atr\u00e1s. Embora tenha aumentado, o n\u00edvel ainda continua preocupante, tendo em vista que em novembro de 2023, o valor era de 5,9m, ou seja, houve um decr\u00e9scimo de 2,85m.\u00a0<\/span><\/p>\n<p style=\"text-align: justify;\"><span style=\"font-weight: 400;\">Segundo o coordenador municipal de Defesa Civil de Rio Branco, Cl\u00e1udio Falc\u00e3o Ten-Cel BM, o Rio Acre ultrapassou a marca dos 3m. Esta marca foi registrada pela \u00faltima vez, em 23 de junho deste ano, al\u00e9m disso, a expectativa \u00e9 que o Rio Acre mantenha o n\u00edvel de 3m<\/span><span style=\"font-weight: 400;\">\u00a0 \u00a0 \u00a0 \u00a0 \u00a0 \u00a0 \u00a0 \u00a0 \u00a0 \u00a0 \u00a0 \u00a0 \u00a0 \u00a0 \u00a0 \u00a0 \u00a0 \u00a0 \u00a0 \u00a0 \u00a0 \u00a0 \u00a0 \u00a0 \u00a0 \u00a0 \u00a0 \u00a0 \u00a0 \u00a0 \u00a0 \u00a0 \u00a0 \u00a0 \u00a0 \u00a0 \u00a0 \u00a0 \u00a0 \u00a0 \u00a0 \u00a0 \u00a0 \u00a0 \u00a0 \u00a0<\/span><\/p>\n<p style=\"text-align: justify;\"><span style=\"font-weight: 400;\"> \u201cA \u00faltima vez que ele esteve com essa marca foi em junho no dia 23, s\u00e3o mais de cinco meses que estava abaixo de 3 metros\u201d, diz coordenador da defesa civil.<\/span><span style=\"font-weight: 400;\">\u00a0 \u00a0 \u00a0 \u00a0 \u00a0 \u00a0 \u00a0<\/span><span style=\"font-weight: 400;\"> \u00a0 \u00a0 \u00a0 \u00a0 \u00a0 \u00a0 \u00a0 \u00a0 \u00a0 \u00a0 \u00a0 \u00a0 \u00a0 \u00a0 \u00a0 \u00a0 \u00a0 \u00a0 \u00a0 \u00a0 \u00a0 \u00a0 \u00a0 \u00a0 \u00a0 \u00a0 \u00a0 \u00a0 \u00a0 \u00a0 \u00a0 \u00a0 \u00a0 \u00a0 \u00a0 \u00a0 \u00a0 \u00a0 \u00a0 \u00a0 \u00a0 \u00a0 \u00a0 \u00a0 \u00a0 \u00a0 \u00a0 \u00a0 <\/span><\/p>\n<p style=\"text-align: justify;\"><span style=\"font-weight: 400;\">Embora o n\u00edvel do rio tenha aumentado nesta manh\u00e3, o cen\u00e1rio atual \u00e9 de seca, isso porque os outros afluentes que des\u00e1guam no Acre continuam em decr\u00e9scimo e posteriormente isso pode voltar a acontecer na capital.\u00a0<\/span><\/p>\n<p style=\"text-align: justify;\"><span style=\"font-weight: 400;\">\u201cEssa seca de 2023 \u00e9 hist\u00f3rica, a pior j\u00e1 passada pelo munic\u00edpio de Rio Branco, n\u00e3o descartamos a possibilidade de ele voltar aos 2 metros, pois somente em Rio Branco est\u00e1 em eleva\u00e7\u00e3o, os outros munic\u00edpios est\u00e3o em decr\u00e9scimo\u201d, diz o Coordenador.<\/span><\/p>\n<p style=\"text-align: justify;\"><span>A situa\u00e7\u00e3o atual \u00e9 resultado da falta de chuva que vem ocorrendo na regi\u00e3o. Em novembro, apenas tr\u00eas dias o rio se manteve acima\u00a0 de dois metros. Hoje est\u00e1 acima dos tr\u00eas.<\/span><\/p>\n<p><em>Estagi\u00e1ria supervisionada por Gisele Almeida\u00a0<\/em><\/p>\n","protected":false},"excerpt":{"rendered":"<p>Por Inayme Lobo para o Agazeta.net O n\u00edvel do Rio Acre aumentou para 3,5m nesta segunda-feira (27), segundo boletim da Defesa Civil de Rio Branco. Esta marca foi registrada pela \u00faltima vez em junho, h\u00e1 cerca de cinco meses atr\u00e1s. Embora tenha aumentado, o n\u00edvel ainda continua preocupante, tendo em vista que em novembro de [&hellip;]<\/p>\n","protected":false},"author":4,"featured_media":122643,"comment_status":"open","ping_status":"open","sticky":false,"template":"","format":"standard","meta":{"jnews-multi-image_gallery":[],"jnews_single_post":{"source_name":"","source_url":"","via_name":"","via_url":"","override_template":"0","override":[{"template":"custom","single_blog_custom":"110746","parallax":"1","fullscreen":"1","layout":"right-sidebar","sidebar":"default-sidebar","second_sidebar":"default-sidebar","sticky_sidebar":"1","share_position":"top","share_float_style":"share-monocrhome","show_share_counter":"1","show_view_counter":"1","show_featured":"1","show_post_meta":"1","show_post_author":"1","show_post_author_image":"1","show_post_date":"1","post_date_format":"default","post_date_format_custom":"Y\/m\/d","show_post_category":"1","show_post_reading_time":"0","post_reading_time_wpm":"300","show_zoom_button":"0","zoom_button_out_step":"2","zoom_button_in_step":"3","show_post_tag":"1","show_prev_next_post":"1","show_popup_post":"1","number_popup_post":"1","show_author_box":"0","show_post_related":"1","show_inline_post_related":"0"}],"override_image_size":"0","image_override":[{"single_post_thumbnail_size":"crop-500","single_post_gallery_size":"crop-500"}],"trending_post":"0","trending_post_position":"meta","trending_post_label":"Trending","sponsored_post":"0","sponsored_post_label":"Sponsored by","sponsored_post_name":"","sponsored_post_url":"","sponsored_post_logo_enable":"0","sponsored_post_logo":"","sponsored_post_desc":"","disable_ad":"0"},"jnews_primary_category":{"id":"","hide":""},"jnews_social_meta":{"fb_title":"","fb_description":"","fb_image":"","twitter_title":"","twitter_description":"","twitter_image":""},"jnews_review":[],"enable_review":"0","type":"percentage","name":"","summary":"","brand":"","sku":"","good":[{"good_text":""}],"bad":[{"bad_text":""}],"score_override":"0","override_value":"","rating":[{"rating_text":"","rating_number":"10"}],"price":[{"shop":"","price":"","link":"","icon":""}],"footnotes":""},"categories":[54],"tags":[152],"class_list":["post-122642","post","type-post","status-publish","format-standard","has-post-thumbnail","hentry","category-cotidiano","tag-destaque"],"yoast_head":"<!-- This site is optimized with the Yoast SEO plugin v26.5 - https:\/\/yoast.com\/wordpress\/plugins\/seo\/ -->\n<title>N\u00edvel do Rio Acre n\u00e3o registrava 3 metros desde junho de 2023, informa Defesa Civil de Rio Branco - Agazeta.net<\/title>\n<meta name=\"robots\" content=\"index, follow, max-snippet:-1, max-image-preview:large, max-video-preview:-1\" \/>\n<link rel=\"canonical\" href=\"https:\/\/nk7-testes.com.br\/agazeta\/nivel-do-rio-acre-nao-registrava-3-metros-desde-junho-de-2023-informa-defesa-civil-de-rio-branco\/\" \/>\n<meta property=\"og:locale\" content=\"pt_BR\" \/>\n<meta property=\"og:type\" content=\"article\" \/>\n<meta property=\"og:title\" content=\"N\u00edvel do Rio Acre n\u00e3o registrava 3 metros desde junho de 2023, informa Defesa Civil de Rio Branco\" \/>\n<meta property=\"og:description\" content=\"Defesa Civil n\u00e3o descarta possibilidade do n\u00edvel do rio voltar a baixar\" \/>\n<meta property=\"og:url\" content=\"https:\/\/nk7-testes.com.br\/agazeta\/nivel-do-rio-acre-nao-registrava-3-metros-desde-junho-de-2023-informa-defesa-civil-de-rio-branco\/\" \/>\n<meta property=\"og:site_name\" content=\"Agazeta.net\" \/>\n<meta property=\"article:published_time\" content=\"2023-11-27T18:26:47+00:00\" \/>\n<meta property=\"og:image\" content=\"https:\/\/nk7-testes.com.br\/agazeta\/wp-content\/uploads\/2023\/11\/WhatsApp-Image-2023-11-27-at-14.56.40.jpeg\" \/>\n\t<meta property=\"og:image:width\" content=\"800\" \/>\n\t<meta property=\"og:image:height\" content=\"400\" \/>\n\t<meta property=\"og:image:type\" content=\"image\/jpeg\" \/>\n<meta name=\"author\" content=\"Agazeta.Net\" \/>\n<meta name=\"twitter:card\" content=\"summary_large_image\" \/>\n<meta name=\"twitter:label1\" content=\"Escrito por\" \/>\n\t<meta name=\"twitter:data1\" content=\"Agazeta.Net\" \/>\n\t<meta name=\"twitter:label2\" content=\"Est. tempo de leitura\" \/>\n\t<meta name=\"twitter:data2\" content=\"1 minuto\" \/>\n<script type=\"application\/ld+json\" class=\"yoast-schema-graph\">{\"@context\":\"https:\/\/schema.org\",\"@graph\":[{\"@type\":\"WebPage\",\"@id\":\"https:\/\/nk7-testes.com.br\/agazeta\/nivel-do-rio-acre-nao-registrava-3-metros-desde-junho-de-2023-informa-defesa-civil-de-rio-branco\/\",\"url\":\"https:\/\/nk7-testes.com.br\/agazeta\/nivel-do-rio-acre-nao-registrava-3-metros-desde-junho-de-2023-informa-defesa-civil-de-rio-branco\/\",\"name\":\"N\u00edvel do Rio Acre n\u00e3o registrava 3 metros desde junho de 2023, informa Defesa Civil de Rio Branco - Agazeta.net\",\"isPartOf\":{\"@id\":\"https:\/\/nk7-testes.com.br\/agazeta\/#website\"},\"primaryImageOfPage\":{\"@id\":\"https:\/\/nk7-testes.com.br\/agazeta\/nivel-do-rio-acre-nao-registrava-3-metros-desde-junho-de-2023-informa-defesa-civil-de-rio-branco\/#primaryimage\"},\"image\":{\"@id\":\"https:\/\/nk7-testes.com.br\/agazeta\/nivel-do-rio-acre-nao-registrava-3-metros-desde-junho-de-2023-informa-defesa-civil-de-rio-branco\/#primaryimage\"},\"thumbnailUrl\":\"https:\/\/nk7-testes.com.br\/agazeta\/wp-content\/uploads\/2023\/11\/WhatsApp-Image-2023-11-27-at-14.56.40.jpeg\",\"datePublished\":\"2023-11-27T18:26:47+00:00\",\"author\":{\"@id\":\"https:\/\/nk7-testes.com.br\/agazeta\/#\/schema\/person\/ff6b39d54d6973bfc57f4140f659b23f\"},\"breadcrumb\":{\"@id\":\"https:\/\/nk7-testes.com.br\/agazeta\/nivel-do-rio-acre-nao-registrava-3-metros-desde-junho-de-2023-informa-defesa-civil-de-rio-branco\/#breadcrumb\"},\"inLanguage\":\"pt-BR\",\"potentialAction\":[{\"@type\":\"ReadAction\",\"target\":[\"https:\/\/nk7-testes.com.br\/agazeta\/nivel-do-rio-acre-nao-registrava-3-metros-desde-junho-de-2023-informa-defesa-civil-de-rio-branco\/\"]}]},{\"@type\":\"ImageObject\",\"inLanguage\":\"pt-BR\",\"@id\":\"https:\/\/nk7-testes.com.br\/agazeta\/nivel-do-rio-acre-nao-registrava-3-metros-desde-junho-de-2023-informa-defesa-civil-de-rio-branco\/#primaryimage\",\"url\":\"https:\/\/nk7-testes.com.br\/agazeta\/wp-content\/uploads\/2023\/11\/WhatsApp-Image-2023-11-27-at-14.56.40.jpeg\",\"contentUrl\":\"https:\/\/nk7-testes.com.br\/agazeta\/wp-content\/uploads\/2023\/11\/WhatsApp-Image-2023-11-27-at-14.56.40.jpeg\",\"width\":800,\"height\":400},{\"@type\":\"BreadcrumbList\",\"@id\":\"https:\/\/nk7-testes.com.br\/agazeta\/nivel-do-rio-acre-nao-registrava-3-metros-desde-junho-de-2023-informa-defesa-civil-de-rio-branco\/#breadcrumb\",\"itemListElement\":[{\"@type\":\"ListItem\",\"position\":1,\"name\":\"In\u00edcio\",\"item\":\"https:\/\/nk7-testes.com.br\/agazeta\/\"},{\"@type\":\"ListItem\",\"position\":2,\"name\":\"N\u00edvel do Rio Acre n\u00e3o registrava 3 metros desde junho de 2023, informa Defesa Civil de Rio Branco\"}]},{\"@type\":\"WebSite\",\"@id\":\"https:\/\/nk7-testes.com.br\/agazeta\/#website\",\"url\":\"https:\/\/nk7-testes.com.br\/agazeta\/\",\"name\":\"Agazeta.net\",\"description\":\"Agazeta.net - Not\u00edcias de Rio Branco\/AC\",\"potentialAction\":[{\"@type\":\"SearchAction\",\"target\":{\"@type\":\"EntryPoint\",\"urlTemplate\":\"https:\/\/nk7-testes.com.br\/agazeta\/?s={search_term_string}\"},\"query-input\":{\"@type\":\"PropertyValueSpecification\",\"valueRequired\":true,\"valueName\":\"search_term_string\"}}],\"inLanguage\":\"pt-BR\"},{\"@type\":\"Person\",\"@id\":\"https:\/\/nk7-testes.com.br\/agazeta\/#\/schema\/person\/ff6b39d54d6973bfc57f4140f659b23f\",\"name\":\"Agazeta.Net\",\"url\":\"https:\/\/nk7-testes.com.br\/agazeta\/author\/agazeta\/\"}]}<\/script>\n<!-- \/ Yoast SEO plugin. -->","yoast_head_json":{"title":"N\u00edvel do Rio Acre n\u00e3o registrava 3 metros desde junho de 2023, informa Defesa Civil de Rio Branco - Agazeta.net","robots":{"index":"index","follow":"follow","max-snippet":"max-snippet:-1","max-image-preview":"max-image-preview:large","max-video-preview":"max-video-preview:-1"},"canonical":"https:\/\/nk7-testes.com.br\/agazeta\/nivel-do-rio-acre-nao-registrava-3-metros-desde-junho-de-2023-informa-defesa-civil-de-rio-branco\/","og_locale":"pt_BR","og_type":"article","og_title":"N\u00edvel do Rio Acre n\u00e3o registrava 3 metros desde junho de 2023, informa Defesa Civil de Rio Branco","og_description":"Defesa Civil n\u00e3o descarta possibilidade do n\u00edvel do rio voltar a baixar","og_url":"https:\/\/nk7-testes.com.br\/agazeta\/nivel-do-rio-acre-nao-registrava-3-metros-desde-junho-de-2023-informa-defesa-civil-de-rio-branco\/","og_site_name":"Agazeta.net","article_published_time":"2023-11-27T18:26:47+00:00","og_image":[{"width":800,"height":400,"url":"https:\/\/nk7-testes.com.br\/agazeta\/wp-content\/uploads\/2023\/11\/WhatsApp-Image-2023-11-27-at-14.56.40.jpeg","type":"image\/jpeg"}],"author":"Agazeta.Net","twitter_card":"summary_large_image","twitter_misc":{"Escrito por":"Agazeta.Net","Est. tempo de leitura":"1 minuto"},"schema":{"@context":"https:\/\/schema.org","@graph":[{"@type":"WebPage","@id":"https:\/\/nk7-testes.com.br\/agazeta\/nivel-do-rio-acre-nao-registrava-3-metros-desde-junho-de-2023-informa-defesa-civil-de-rio-branco\/","url":"https:\/\/nk7-testes.com.br\/agazeta\/nivel-do-rio-acre-nao-registrava-3-metros-desde-junho-de-2023-informa-defesa-civil-de-rio-branco\/","name":"N\u00edvel do Rio Acre n\u00e3o registrava 3 metros desde junho de 2023, informa Defesa Civil de Rio Branco - Agazeta.net","isPartOf":{"@id":"https:\/\/nk7-testes.com.br\/agazeta\/#website"},"primaryImageOfPage":{"@id":"https:\/\/nk7-testes.com.br\/agazeta\/nivel-do-rio-acre-nao-registrava-3-metros-desde-junho-de-2023-informa-defesa-civil-de-rio-branco\/#primaryimage"},"image":{"@id":"https:\/\/nk7-testes.com.br\/agazeta\/nivel-do-rio-acre-nao-registrava-3-metros-desde-junho-de-2023-informa-defesa-civil-de-rio-branco\/#primaryimage"},"thumbnailUrl":"https:\/\/nk7-testes.com.br\/agazeta\/wp-content\/uploads\/2023\/11\/WhatsApp-Image-2023-11-27-at-14.56.40.jpeg","datePublished":"2023-11-27T18:26:47+00:00","author":{"@id":"https:\/\/nk7-testes.com.br\/agazeta\/#\/schema\/person\/ff6b39d54d6973bfc57f4140f659b23f"},"breadcrumb":{"@id":"https:\/\/nk7-testes.com.br\/agazeta\/nivel-do-rio-acre-nao-registrava-3-metros-desde-junho-de-2023-informa-defesa-civil-de-rio-branco\/#breadcrumb"},"inLanguage":"pt-BR","potentialAction":[{"@type":"ReadAction","target":["https:\/\/nk7-testes.com.br\/agazeta\/nivel-do-rio-acre-nao-registrava-3-metros-desde-junho-de-2023-informa-defesa-civil-de-rio-branco\/"]}]},{"@type":"ImageObject","inLanguage":"pt-BR","@id":"https:\/\/nk7-testes.com.br\/agazeta\/nivel-do-rio-acre-nao-registrava-3-metros-desde-junho-de-2023-informa-defesa-civil-de-rio-branco\/#primaryimage","url":"https:\/\/nk7-testes.com.br\/agazeta\/wp-content\/uploads\/2023\/11\/WhatsApp-Image-2023-11-27-at-14.56.40.jpeg","contentUrl":"https:\/\/nk7-testes.com.br\/agazeta\/wp-content\/uploads\/2023\/11\/WhatsApp-Image-2023-11-27-at-14.56.40.jpeg","width":800,"height":400},{"@type":"BreadcrumbList","@id":"https:\/\/nk7-testes.com.br\/agazeta\/nivel-do-rio-acre-nao-registrava-3-metros-desde-junho-de-2023-informa-defesa-civil-de-rio-branco\/#breadcrumb","itemListElement":[{"@type":"ListItem","position":1,"name":"In\u00edcio","item":"https:\/\/nk7-testes.com.br\/agazeta\/"},{"@type":"ListItem","position":2,"name":"N\u00edvel do Rio Acre n\u00e3o registrava 3 metros desde junho de 2023, informa Defesa Civil de Rio Branco"}]},{"@type":"WebSite","@id":"https:\/\/nk7-testes.com.br\/agazeta\/#website","url":"https:\/\/nk7-testes.com.br\/agazeta\/","name":"Agazeta.net","description":"Agazeta.net - Not\u00edcias de Rio Branco\/AC","potentialAction":[{"@type":"SearchAction","target":{"@type":"EntryPoint","urlTemplate":"https:\/\/nk7-testes.com.br\/agazeta\/?s={search_term_string}"},"query-input":{"@type":"PropertyValueSpecification","valueRequired":true,"valueName":"search_term_string"}}],"inLanguage":"pt-BR"},{"@type":"Person","@id":"https:\/\/nk7-testes.com.br\/agazeta\/#\/schema\/person\/ff6b39d54d6973bfc57f4140f659b23f","name":"Agazeta.Net","url":"https:\/\/nk7-testes.com.br\/agazeta\/author\/agazeta\/"}]}},"_links":{"self":[{"href":"https:\/\/nk7-testes.com.br\/agazeta\/wp-json\/wp\/v2\/posts\/122642","targetHints":{"allow":["GET"]}}],"collection":[{"href":"https:\/\/nk7-testes.com.br\/agazeta\/wp-json\/wp\/v2\/posts"}],"about":[{"href":"https:\/\/nk7-testes.com.br\/agazeta\/wp-json\/wp\/v2\/types\/post"}],"author":[{"embeddable":true,"href":"https:\/\/nk7-testes.com.br\/agazeta\/wp-json\/wp\/v2\/users\/4"}],"replies":[{"embeddable":true,"href":"https:\/\/nk7-testes.com.br\/agazeta\/wp-json\/wp\/v2\/comments?post=122642"}],"version-history":[{"count":0,"href":"https:\/\/nk7-testes.com.br\/agazeta\/wp-json\/wp\/v2\/posts\/122642\/revisions"}],"wp:featuredmedia":[{"embeddable":true,"href":"https:\/\/nk7-testes.com.br\/agazeta\/wp-json\/wp\/v2\/media\/122643"}],"wp:attachment":[{"href":"https:\/\/nk7-testes.com.br\/agazeta\/wp-json\/wp\/v2\/media?parent=122642"}],"wp:term":[{"taxonomy":"category","embeddable":true,"href":"https:\/\/nk7-testes.com.br\/agazeta\/wp-json\/wp\/v2\/categories?post=122642"},{"taxonomy":"post_tag","embeddable":true,"href":"https:\/\/nk7-testes.com.br\/agazeta\/wp-json\/wp\/v2\/tags?post=122642"}],"curies":[{"name":"wp","href":"https:\/\/api.w.org\/{rel}","templated":true}]}}