{"id":122551,"date":"2023-11-29T16:39:18","date_gmt":"2023-11-29T21:39:18","guid":{"rendered":"https:\/\/abarevegan.com.br\/?p=122551"},"modified":"2023-11-29T16:39:18","modified_gmt":"2023-11-29T21:39:18","slug":"acre-registrou-mais-de-500-casos-de-estupro-de-vulneravel-em-2022-veja-dados-deste-ano","status":"publish","type":"post","link":"https:\/\/nk7-testes.com.br\/agazeta\/acre-registrou-mais-de-500-casos-de-estupro-de-vulneravel-em-2022-veja-dados-deste-ano\/","title":{"rendered":"Acre registrou mais de 500 casos de estupro de vulner\u00e1vel em 2022; veja dados deste ano"},"content":{"rendered":"<p>Por <strong>Gisele Almeida<\/strong> e <strong>Felipe Souza<\/strong><\/p>\n<p style=\"text-align: justify;\">O Acre registrou em menos de uma semana a condena\u00e7\u00e3o de um homem que n\u00e3o teve o nome identificado pelo crime de estupro de vulner\u00e1vel e a pris\u00e3o de um outro pelo mesmo crime.\u00a0 Os dois s\u00e3o pais e cometeram esse ato com as pr\u00f3prias filhas.\u00a0As meninas possuem entre 12 e 13 anos. Apesar dos crimes serem parecidos, um ocorreu em Rio Branco e o outro no munic\u00edpio de Rodrigues Alves.<\/p>\n<p style=\"text-align: justify;\">De acordo com as informa\u00e7\u00f5es obtidas por meio da Pol\u00edcia Civil do Acre (PC-AC), ap\u00f3s as investiga\u00e7\u00f5es foi poss\u00edvel observar a gravidade dos abusos sofridos pelas v\u00edtimas. &#8220;A Justi\u00e7a, ao analisar as evid\u00eancias apresentadas pelo pol\u00edcia, proferiu uma senten\u00e7a que resultou em uma pena de 34 anos de reclus\u00e3o para o agressor. A condena\u00e7\u00e3o demonstra o comprometimento das autoridades em garantir prote\u00e7\u00e3o das v\u00edtimas e a responsabilidade dos abusadores&#8221;, disse o delegado de Pol\u00edcia Civil, Marc\u00edlio Laurentino.<\/p>\n<p style=\"text-align: justify;\">\u00c9 comum os acreanos verem not\u00edcias como essas nos jornais locais e tamb\u00e9m nacionais, os casos em muitos momentos s\u00e3o t\u00e3o parecidos que podem at\u00e9 confundir quem acompanha. Essa afirma\u00e7\u00e3o \u00e9 comprovada por meio de informa\u00e7\u00f5es disponibilizados pelo delegado de Pol\u00edcia Civil, respons\u00e1vel pela coleta de dados, Nilton Boscaro.<\/p>\n<p style=\"text-align: justify;\">Em 2022, a quantidade de estupros de vulner\u00e1veis no Acre foi de 526 casos. Tendo em vista que o a capital tem a maior quantidade com 225, Cruzeiro do Sul somou 59 e em terceiro lugar veio Sena Madureira com 36 casos.<\/p>\n<figure id=\"attachment_122764\" aria-describedby=\"caption-attachment-122764\" style=\"width: 603px\" class=\"wp-caption aligncenter\"><img decoding=\"async\" class=\"wp-image-122764 \" src=\"https:\/\/nk7-testes.com.br\/wp-content\/uploads\/2023\/11\/WhatsApp-Image-2023-11-29-at-14.36.46.jpeg\" alt=\"\" width=\"603\" height=\"302\" srcset=\"https:\/\/nk7-testes.com.br\/agazeta\/wp-content\/uploads\/2023\/11\/WhatsApp-Image-2023-11-29-at-14.36.46.jpeg 1170w, https:\/\/nk7-testes.com.br\/agazeta\/wp-content\/uploads\/2023\/11\/WhatsApp-Image-2023-11-29-at-14.36.46-300x151.jpeg 300w, https:\/\/nk7-testes.com.br\/agazeta\/wp-content\/uploads\/2023\/11\/WhatsApp-Image-2023-11-29-at-14.36.46-1024x514.jpeg 1024w, https:\/\/nk7-testes.com.br\/agazeta\/wp-content\/uploads\/2023\/11\/WhatsApp-Image-2023-11-29-at-14.36.46-768x385.jpeg 768w, https:\/\/nk7-testes.com.br\/agazeta\/wp-content\/uploads\/2023\/11\/WhatsApp-Image-2023-11-29-at-14.36.46-360x180.jpeg 360w, https:\/\/nk7-testes.com.br\/agazeta\/wp-content\/uploads\/2023\/11\/WhatsApp-Image-2023-11-29-at-14.36.46-750x376.jpeg 750w, https:\/\/nk7-testes.com.br\/agazeta\/wp-content\/uploads\/2023\/11\/WhatsApp-Image-2023-11-29-at-14.36.46-1140x572.jpeg 1140w\" sizes=\"(max-width: 603px) 100vw, 603px\" \/><figcaption id=\"caption-attachment-122764\" class=\"wp-caption-text\">Dados da Pol\u00edcia Civil do Acre (PC\/AC)<\/figcaption><\/figure>\n<p style=\"text-align: justify;\">Entender os dados no Estado n\u00e3o \u00e9 um caminho simples, pois existem diversos contextos que podem influenciam nesse cen\u00e1rio. A professora Dr\u00aa. Madge Porto Cruz \u00e9 l\u00edder do grupo de pesquisa Laborat\u00f3rio de Estudos e Pesquisas Feministas em Sa\u00fade Mental, Cultura e Psican\u00e1lise da Universidade Federal do Acre (LabEFem &#8211; CFCH &#8211; Ufac) e atua nos temas da psicoterapia, supervis\u00e3o cl\u00ednica e institucional, Sistema \u00danico de Sa\u00fade, sa\u00fade mental, sa\u00fade sexual e reprodutiva, viol\u00eancia contra as mulheres, abortamento e feminismos. Ela explica algumas quest\u00f5es que podem levar a esses n\u00fameros altos.<\/p>\n<p style=\"text-align: justify;\">&#8220;Toda vez que tentamos entender um dado, milimetricamente, temos que entender como foi produzido. Uma taxa, frequ\u00eancia ou percentual, est\u00e1 influenciado na forma como foi criado. Sendo assim, precisamos analisar em duas perspectivas: diferenciando do geral e segundo, o pr\u00f3prio registro, nas bases que forem refer\u00eancia (delegacias). O fato \u00e9 que para ter a informa\u00e7\u00e3o \u00e9 preciso do registro, ent\u00e3o podemos pensar que h\u00e1 um maior registro porque h\u00e1 um entendimento maior de quem registra, seja o sistema de seguran\u00e7a ou sa\u00fade, como tamb\u00e9m h\u00e1 uma maior procura a esses servi\u00e7os que fazem os registros&#8221;, explica a pesquisadora.<\/p>\n<figure id=\"attachment_122767\" aria-describedby=\"caption-attachment-122767\" style=\"width: 487px\" class=\"wp-caption aligncenter\"><img decoding=\"async\" class=\"wp-image-122767 \" src=\"https:\/\/nk7-testes.com.br\/wp-content\/uploads\/2023\/11\/WhatsApp-Image-2023-11-29-at-14.48.29.jpeg\" alt=\"\" width=\"487\" height=\"487\" srcset=\"https:\/\/nk7-testes.com.br\/agazeta\/wp-content\/uploads\/2023\/11\/WhatsApp-Image-2023-11-29-at-14.48.29.jpeg 640w, https:\/\/nk7-testes.com.br\/agazeta\/wp-content\/uploads\/2023\/11\/WhatsApp-Image-2023-11-29-at-14.48.29-300x300.jpeg 300w, https:\/\/nk7-testes.com.br\/agazeta\/wp-content\/uploads\/2023\/11\/WhatsApp-Image-2023-11-29-at-14.48.29-150x150.jpeg 150w, https:\/\/nk7-testes.com.br\/agazeta\/wp-content\/uploads\/2023\/11\/WhatsApp-Image-2023-11-29-at-14.48.29-75x75.jpeg 75w, https:\/\/nk7-testes.com.br\/agazeta\/wp-content\/uploads\/2023\/11\/WhatsApp-Image-2023-11-29-at-14.48.29-350x350.jpeg 350w, https:\/\/nk7-testes.com.br\/agazeta\/wp-content\/uploads\/2023\/11\/WhatsApp-Image-2023-11-29-at-14.48.29-400x400.jpeg 400w\" sizes=\"(max-width: 487px) 100vw, 487px\" \/><figcaption id=\"caption-attachment-122767\" class=\"wp-caption-text\">Madge Porto\/Arquivo pessoal<\/figcaption><\/figure>\n<p style=\"text-align: justify;\">Ainda com base nas informa\u00e7\u00f5es concedidas pela professora, as mulheres est\u00e3o identificando mais os problemas, pois \u00e9 necess\u00e1rio identific\u00e1-lo e dar nome a eles. Por isso, precisa ser percebido como uma viol\u00eancia e n\u00e3o algo natural.<\/p>\n<p style=\"text-align: justify;\">&#8220;Pa\u00edses como o nosso, de refer\u00eancia patriarcal, escravistas, sexistas, algumas mulheres vivenciaram e vivenciam estupros e n\u00e3o conseguem perceber isso como viol\u00eancia. Ent\u00e3o, preciso entender isso para que a gente possa fazer uma an\u00e1lise precisa, tentando fazer a leitura correta. A gente precisa dizer, h\u00e1 um maior n\u00famero de estupros de vulner\u00e1vel no Acre? Sim, mas a gente precisa considerar todas essas quest\u00f5es. Se eu acho que \u00e9 importante, ent\u00e3o o que pode levar o Acre a registrar esses n\u00fameros altos de est\u00fapido \u00e9 ter os estupros&#8221;, salienta Porto.<\/p>\n<h3 style=\"text-align: justify;\">Estupro de vulner\u00e1vel<\/h3>\n<p style=\"text-align: justify;\">A delegada titular da Delegacia de Atendimento \u00e0 Crian\u00e7a e ao Adolescente V\u00edtima (Decav), Carla Fab\u00edola, explica que n\u00e3o \u00e9 necess\u00e1rio que ocorra o ato sexual para que seja caracterizado o estupro de vulner\u00e1vel, isso porque o crime consiste em acontecer uma conjun\u00e7\u00e3o carnal ou outro ato libidinoso com menor de 14 anos.<\/p>\n<p style=\"text-align: justify;\">\u201cEstupro de vulner\u00e1vel est\u00e1 tipificado no artigo 217-A do C\u00f3digo Penal, e consiste em ter conjun\u00e7\u00e3o carnal ou outro ato libidinoso com menor de 14 anos. Ou seja, n\u00e3o \u00e9 necess\u00e1rio que ocorra o ato sexual para que seja caracterizado o estupro. \u00c9 importante salientar que mesmo que haja o consentimento da v\u00edtima ou at\u00e9 um relacionamento amoroso com o autor do fato, tamb\u00e9m ir\u00e1 configurar estupro de vulner\u00e1vel\u201d, detalha Fab\u00edola.<\/p>\n<figure id=\"attachment_122765\" aria-describedby=\"caption-attachment-122765\" style=\"width: 503px\" class=\"wp-caption aligncenter\"><img decoding=\"async\" class=\"wp-image-122765 size-full\" src=\"https:\/\/nk7-testes.com.br\/wp-content\/uploads\/2023\/11\/WhatsApp-Image-2023-11-29-at-12.09.48.jpeg\" alt=\"\" width=\"503\" height=\"375\" srcset=\"https:\/\/nk7-testes.com.br\/agazeta\/wp-content\/uploads\/2023\/11\/WhatsApp-Image-2023-11-29-at-12.09.48.jpeg 503w, https:\/\/nk7-testes.com.br\/agazeta\/wp-content\/uploads\/2023\/11\/WhatsApp-Image-2023-11-29-at-12.09.48-300x224.jpeg 300w\" sizes=\"(max-width: 503px) 100vw, 503px\" \/><figcaption id=\"caption-attachment-122765\" class=\"wp-caption-text\">Delegada Carla Fab\u00edola\/Imagem: Luan Rodrigo<\/figcaption><\/figure>\n<p style=\"text-align: justify;\">A delegada explica que no Acre, assim como em todo o Brasil, ainda h\u00e1 a normaliza\u00e7\u00e3o de comportamentos machistas, que incitam crimes sexuais e agress\u00f5es contra as mulheres. Al\u00e9m disso, ela destaca a culpabiliza\u00e7\u00e3o da v\u00edtima, pela roupa, pelo comportamento e at\u00e9 pela sua vida amorosa.<\/p>\n<p style=\"text-align: justify;\"><strong>\u201c<\/strong>N\u00e3o apenas no Acre, mas em todo o Brasil, h\u00e1 a normaliza\u00e7\u00e3o de comportamentos machistas, que incitam crimes sexuais e v\u00e1rias outras agress\u00f5es contra as mulheres. Ainda h\u00e1 a culpabiliza\u00e7\u00e3o da v\u00edtima, tentando justificar o crime cometido por conta da roupa que elas usam, pelo comportamento delas e at\u00e9 pela vida amorosa\u201d, informa a titular da Decav.<\/p>\n<p style=\"text-align: justify;\">O comparativo anual por m\u00eas dos casos de estupro de vulner\u00e1vel no Acre, disponibilizado pela Pol\u00edcia Civil, mostra a diferen\u00e7a entre 2022 e 2023. Em mar\u00e7o do ano passado, m\u00eas com o maior registro de casos, por exemplo, foram constatadas 50 ocorr\u00eancias. J\u00e1 este ano, o mesmo m\u00eas registrou &#8220;apenas&#8221; 37.<\/p>\n<figure id=\"attachment_122766\" aria-describedby=\"caption-attachment-122766\" style=\"width: 614px\" class=\"wp-caption aligncenter\"><img decoding=\"async\" class=\"wp-image-122766 \" src=\"https:\/\/nk7-testes.com.br\/wp-content\/uploads\/2023\/11\/WhatsApp-Image-2023-11-29-at-14.39.14.jpeg\" alt=\"\" width=\"614\" height=\"243\" srcset=\"https:\/\/nk7-testes.com.br\/agazeta\/wp-content\/uploads\/2023\/11\/WhatsApp-Image-2023-11-29-at-14.39.14.jpeg 1170w, https:\/\/nk7-testes.com.br\/agazeta\/wp-content\/uploads\/2023\/11\/WhatsApp-Image-2023-11-29-at-14.39.14-300x119.jpeg 300w, https:\/\/nk7-testes.com.br\/agazeta\/wp-content\/uploads\/2023\/11\/WhatsApp-Image-2023-11-29-at-14.39.14-1024x405.jpeg 1024w, https:\/\/nk7-testes.com.br\/agazeta\/wp-content\/uploads\/2023\/11\/WhatsApp-Image-2023-11-29-at-14.39.14-768x304.jpeg 768w, https:\/\/nk7-testes.com.br\/agazeta\/wp-content\/uploads\/2023\/11\/WhatsApp-Image-2023-11-29-at-14.39.14-750x297.jpeg 750w, https:\/\/nk7-testes.com.br\/agazeta\/wp-content\/uploads\/2023\/11\/WhatsApp-Image-2023-11-29-at-14.39.14-1140x451.jpeg 1140w\" sizes=\"(max-width: 614px) 100vw, 614px\" \/><figcaption id=\"caption-attachment-122766\" class=\"wp-caption-text\">Dados da Pol\u00edcia Civil do Acre (PC\/AC)<\/figcaption><\/figure>\n<p style=\"text-align: justify;\">Na delegacia especializada em atender crian\u00e7as e adolescentes v\u00edtimas existe uma s\u00e9rie de procedimentos que s\u00e3o seguidos, ap\u00f3s um menor em situa\u00e7\u00e3o de vulnerabilidade procurar denunciar um abuso. Carla Fab\u00edola explica que, a princ\u00edpio, a v\u00edtima menor deve estar acompanhada de um respons\u00e1vel e, ent\u00e3o, um boletim de ocorr\u00eancia \u00e9 registrado.<\/p>\n<p style=\"text-align: justify;\">\u201cAo chegar \u00e0 delegacia, o menor, que deve vir acompanhada de um respons\u00e1vel, registrar\u00e1 o boletim de ocorr\u00eancia. Esse B.O. \u00e9 feito de forma sucinta, para evitar que a v\u00edtima detalhe v\u00e1rias vezes os fatos ocorridos. Ap\u00f3s registrar o boletim, o respons\u00e1vel ser\u00e1 ouvido atrav\u00e9s de depoimento. Em seguida, a v\u00edtima tamb\u00e9m \u00e9 ouvida, mas em depoimento especial, por psic\u00f3logas da delegacia, onde h\u00e1 uma oitiva totalmente diferenciada e humanizada, para que a crian\u00e7a ou o adolescente n\u00e3o se revitimize, nem se constranja ao reviver os fatos\u201d, esclarece.<\/p>\n<p style=\"text-align: justify;\">Segundo a delegada, depois da oitiva, a v\u00edtima \u00e9 encaminhada para realizar o exame de corpo de delito no Instituto M\u00e9dico Legal (IML) para fazer os exames adequados para embasar a investiga\u00e7\u00e3o. Em seguida, \u00e9 feito a oitiva de testemunhas e, s\u00f3 ent\u00e3o, o suspeito \u00e9 interrogado.<\/p>\n<h3 style=\"text-align: justify;\">Perfis<\/h3>\n<p style=\"text-align: justify;\">De maneira clara, Madge Porto afirma que o perfil da v\u00edtima \u00e9 ser mulher. Segundo ela, a ideia de mulheres serem estupradas por estarem na rua ou com roupa curta, \u00e9 uma fal\u00e1cia. Porto destaca que mulheres mais velhas tamb\u00e9m s\u00e3o estupradas.<\/p>\n<p style=\"text-align: justify;\">\u201cO perfil da v\u00edtima: ser mulher. A ideia de mulheres serem estupradas por estarem na rua ou com roupa curta, ser irrespons\u00e1veis, isso \u00e9 uma fal\u00e1cia. Mulheres velhas tamb\u00e9m s\u00e3o estupradas. A roupa, idade e cor n\u00e3o protege e nem intensifica. O que d\u00e1 esse \u201cdireito\u201d, ou achar que \u00e9 um direito ao homem, \u00e9 o patriarcado\u201d, esclarece Porto.<\/p>\n<p style=\"text-align: justify;\">A pesquisadora lembra que as mulheres s\u00e3o, em sua maioria, violentadas com mais frequ\u00eancia dentro do ambiente familiar, mais precisamente em casa. Por isso, a maior parte s\u00e3o meninas e adolescentes. Os autores s\u00e3o pessoas pr\u00f3ximas: pai, padrasto, tio, av\u00f4, professor, t\u00e9cnico. Porto afirma que \u00e9 uma situa\u00e7\u00e3o em que a mulher est\u00e1 vulner\u00e1vel, quando ela deveria estar segura.<\/p>\n<p style=\"text-align: justify;\">\u201cNem todo homem \u00e9 estuprador, mas sempre \u00e9 um homem. O perfil de uma masculinidade t\u00f3xica, que \u00e9 aprender a ser homem, uma socializa\u00e7\u00e3o do masculino apoiada na viol\u00eancia, que n\u00e3o chora e resolve as coisas na porrada sem poder expressar sentimentos. Todas as refer\u00eancias culturais fazem com que os homens estejam nesse lugar, por isso as mulheres t\u00eam muito medo. N\u00e3o existe um perfil espec\u00edfico, o que existe \u00e9 um sistema patriarcal\u201d, diz a pesquisadora.<\/p>\n<p style=\"text-align: justify;\">A delegada Carla Fab\u00edola tamb\u00e9m tem uma vis\u00e3o similar quanto ao perfil dos autores. Segundo ela, os que cometem tais crimes b\u00e1rbaros geralmente s\u00e3o parentes e pessoas pr\u00f3ximas \u00e0 v\u00edtima, como pais, padrastos, tios e vizinhos. Ou seja, pessoas do ciclo familiar, no qual as v\u00edtimas deveriam estar protegidas.<\/p>\n<h3 style=\"text-align: justify;\">A\u00e7\u00f5es de combate<\/h3>\n<p style=\"text-align: justify;\">A Secretaria de Estado da Mulher (Semulher) realiza um trabalho que envolve profissionais da Educa\u00e7\u00e3o, Seguran\u00e7a P\u00fablica, Sa\u00fade, Justi\u00e7a e Sociedade Civil, dos 22 munic\u00edpios, para a orienta\u00e7\u00e3o de a\u00e7\u00f5es conjuntas e de forma sigilosa, com o intuito de encaminhar den\u00fancias de suspeitos de viol\u00eancia sexual, principalmente nas escolas e em unidades de sa\u00fade investiga\u00e7\u00e3o policial.<\/p>\n<figure id=\"attachment_122773\" aria-describedby=\"caption-attachment-122773\" style=\"width: 531px\" class=\"wp-caption aligncenter\"><img decoding=\"async\" class=\"wp-image-122773 \" src=\"https:\/\/nk7-testes.com.br\/wp-content\/uploads\/2023\/11\/WhatsApp-Image-2023-11-20-at-08.24.31.jpeg\" alt=\"\" width=\"531\" height=\"405\" srcset=\"https:\/\/nk7-testes.com.br\/agazeta\/wp-content\/uploads\/2023\/11\/WhatsApp-Image-2023-11-20-at-08.24.31.jpeg 1200w, https:\/\/nk7-testes.com.br\/agazeta\/wp-content\/uploads\/2023\/11\/WhatsApp-Image-2023-11-20-at-08.24.31-300x229.jpeg 300w, https:\/\/nk7-testes.com.br\/agazeta\/wp-content\/uploads\/2023\/11\/WhatsApp-Image-2023-11-20-at-08.24.31-1024x781.jpeg 1024w, https:\/\/nk7-testes.com.br\/agazeta\/wp-content\/uploads\/2023\/11\/WhatsApp-Image-2023-11-20-at-08.24.31-768x586.jpeg 768w, https:\/\/nk7-testes.com.br\/agazeta\/wp-content\/uploads\/2023\/11\/WhatsApp-Image-2023-11-20-at-08.24.31-750x572.jpeg 750w, https:\/\/nk7-testes.com.br\/agazeta\/wp-content\/uploads\/2023\/11\/WhatsApp-Image-2023-11-20-at-08.24.31-1140x869.jpeg 1140w\" sizes=\"(max-width: 531px) 100vw, 531px\" \/><figcaption id=\"caption-attachment-122773\" class=\"wp-caption-text\">Imagem: Semulher<\/figcaption><\/figure>\n<p style=\"text-align: justify;\">De acordo com a secret\u00e1ria da Mulher, M\u00e1rdhia El-Shawwa, a pasta tamb\u00e9m realiza o debate sobre a cultura do estupro, combatidas atrav\u00e9s da legisla\u00e7\u00e3o vigente nas leis da importuna\u00e7\u00e3o sexual e ass\u00e9dio sexual. Al\u00e9m de atuar na identifica\u00e7\u00e3o de crimes sexuais no sistema de sa\u00fade e alertar profissionais.<\/p>\n<p style=\"text-align: justify;\">\u201cTrabalhamos tamb\u00e9m a identifica\u00e7\u00e3o de crimes sexuais no sistema de sa\u00fade, alertando profissionais nos casos de adolescentes gr\u00e1vidas menores de 14 anos, considerada uma prova material do estupro de vulner\u00e1vel que muitas vezes ocorre com consentimento da pr\u00f3pria fam\u00edlia\u201d, salienta El-Shawwa.<\/p>\n<p style=\"text-align: justify;\">Atualmente, o governo do Acre realiza o projeto \u201821 Dias de Ativismo pelo Fim da Viol\u00eancia contra as Mulheres\u2019. A secret\u00e1ria conta que a\u00e7\u00f5es como essas evidenciam o problema e incentivam a popula\u00e7\u00e3o a denunciar, algo que aumenta as notifica\u00e7\u00f5es nas Delegacias.<\/p>\n<p style=\"text-align: justify;\">\u201cNo Acre, as mulheres est\u00e3o denunciando essas viol\u00eancias. Os casos de estupro de vulner\u00e1vel tamb\u00e9m est\u00e3o vindo \u00e0 tona, para serem notificados e investigados. Campanhas como os \u201821 Dias de Ativismo pelo Fim da Viol\u00eancia Contra as Mulheres\u2019 e do 18 de maio, Dia Nacional de Combate a Viol\u00eancia Sexual contra Crian\u00e7as e Adolescente\u2019, evidenciam o problema e incentivam a popula\u00e7\u00e3o a denunciar, aumentando as notifica\u00e7\u00f5es nas Delegacias.<\/p>\n<figure id=\"attachment_122772\" aria-describedby=\"caption-attachment-122772\" style=\"width: 560px\" class=\"wp-caption aligncenter\"><img decoding=\"async\" class=\"wp-image-122772 \" src=\"https:\/\/nk7-testes.com.br\/wp-content\/uploads\/2023\/11\/WhatsApp-Image-2023-11-20-at-10.50.02.jpeg\" alt=\"\" width=\"560\" height=\"373\" srcset=\"https:\/\/nk7-testes.com.br\/agazeta\/wp-content\/uploads\/2023\/11\/WhatsApp-Image-2023-11-20-at-10.50.02.jpeg 1600w, https:\/\/nk7-testes.com.br\/agazeta\/wp-content\/uploads\/2023\/11\/WhatsApp-Image-2023-11-20-at-10.50.02-300x200.jpeg 300w, https:\/\/nk7-testes.com.br\/agazeta\/wp-content\/uploads\/2023\/11\/WhatsApp-Image-2023-11-20-at-10.50.02-1024x683.jpeg 1024w, https:\/\/nk7-testes.com.br\/agazeta\/wp-content\/uploads\/2023\/11\/WhatsApp-Image-2023-11-20-at-10.50.02-768x512.jpeg 768w, https:\/\/nk7-testes.com.br\/agazeta\/wp-content\/uploads\/2023\/11\/WhatsApp-Image-2023-11-20-at-10.50.02-1536x1024.jpeg 1536w, https:\/\/nk7-testes.com.br\/agazeta\/wp-content\/uploads\/2023\/11\/WhatsApp-Image-2023-11-20-at-10.50.02-750x500.jpeg 750w, https:\/\/nk7-testes.com.br\/agazeta\/wp-content\/uploads\/2023\/11\/WhatsApp-Image-2023-11-20-at-10.50.02-1140x760.jpeg 1140w\" sizes=\"(max-width: 560px) 100vw, 560px\" \/><figcaption id=\"caption-attachment-122772\" class=\"wp-caption-text\">Imagem: Semulher<\/figcaption><\/figure>\n<h3>Queda<\/h3>\n<p style=\"text-align: justify;\">Apesar de ano passado ter registrado um n\u00famero total de 526 casos, em dados cedidos ao site Agazeta.net pela PC\/AC, at\u00e9 outubro de 2023 foram registradas 391 ocorr\u00eancias de estrupo de vulner\u00e1vel no Acre, uma queda de, at\u00e9 ent\u00e3o, 34,5%. Mesmo com a falta dos meses de novembro e dezembro nos dados, o decl\u00ednio representa um avan\u00e7o no combate \u00e0 viol\u00eancia no Estado.<\/p>\n<figure id=\"attachment_122775\" aria-describedby=\"caption-attachment-122775\" style=\"width: 524px\" class=\"wp-caption aligncenter\"><img decoding=\"async\" class=\"wp-image-122775 \" src=\"https:\/\/nk7-testes.com.br\/wp-content\/uploads\/2023\/11\/WhatsApp-Image-2023-11-29-at-14.39.15.jpeg\" alt=\"\" width=\"524\" height=\"294\" srcset=\"https:\/\/nk7-testes.com.br\/agazeta\/wp-content\/uploads\/2023\/11\/WhatsApp-Image-2023-11-29-at-14.39.15.jpeg 1170w, https:\/\/nk7-testes.com.br\/agazeta\/wp-content\/uploads\/2023\/11\/WhatsApp-Image-2023-11-29-at-14.39.15-300x168.jpeg 300w, https:\/\/nk7-testes.com.br\/agazeta\/wp-content\/uploads\/2023\/11\/WhatsApp-Image-2023-11-29-at-14.39.15-1024x574.jpeg 1024w, https:\/\/nk7-testes.com.br\/agazeta\/wp-content\/uploads\/2023\/11\/WhatsApp-Image-2023-11-29-at-14.39.15-768x431.jpeg 768w, https:\/\/nk7-testes.com.br\/agazeta\/wp-content\/uploads\/2023\/11\/WhatsApp-Image-2023-11-29-at-14.39.15-750x421.jpeg 750w, https:\/\/nk7-testes.com.br\/agazeta\/wp-content\/uploads\/2023\/11\/WhatsApp-Image-2023-11-29-at-14.39.15-1140x639.jpeg 1140w\" sizes=\"(max-width: 524px) 100vw, 524px\" \/><figcaption id=\"caption-attachment-122775\" class=\"wp-caption-text\">Dados da Pol\u00edcia Civil do Acre (PC\/AC)<\/figcaption><\/figure>\n<h3 style=\"text-align: justify;\">Canais de ajuda<\/h3>\n<p style=\"text-align: justify;\">As mulheres v\u00edtimas de viol\u00eancia sexual podem buscar ajuda na Semulher, que possui uma equipe multidisciplinar, com psic\u00f3loga, advogada e assistente social para atender as v\u00edtimas de forma sigilosa, buscando fortalec\u00ea-las e dando-as os encaminhamentos para outros servi\u00e7os que se fizerem necess\u00e1rios. <strong>Confira os canais:<\/strong><\/p>\n<p style=\"text-align: justify;\">Celular do plant\u00e3o da Semulher \u2013 (68) 99605-0657;<\/p>\n<p style=\"text-align: justify;\">Central de Atendimento \u00e0 Mulher \u2013 180;<\/p>\n<p style=\"text-align: justify;\">Pol\u00edcia Militar \u2013 190;<\/p>\n<p style=\"text-align: justify;\">Procurar as Delegacias Especializadas de Atendimento \u00e0 Mulher e Delegacias Gerais de Pol\u00edcia.<\/p>\n","protected":false},"excerpt":{"rendered":"<p>Por Gisele Almeida e Felipe Souza O Acre registrou em menos de uma semana a condena\u00e7\u00e3o de um homem que n\u00e3o teve o nome identificado pelo crime de estupro de vulner\u00e1vel e a pris\u00e3o de um outro pelo mesmo crime.\u00a0 Os dois s\u00e3o pais e cometeram esse ato com as pr\u00f3prias filhas.\u00a0As meninas possuem entre [&hellip;]<\/p>\n","protected":false},"author":4,"featured_media":122783,"comment_status":"open","ping_status":"open","sticky":false,"template":"","format":"standard","meta":{"jnews-multi-image_gallery":[],"jnews_single_post":{"source_name":"","source_url":"","via_name":"","via_url":"","override_template":"0","override":[{"template":"custom","single_blog_custom":"110746","parallax":"1","fullscreen":"1","layout":"right-sidebar","sidebar":"default-sidebar","second_sidebar":"default-sidebar","sticky_sidebar":"1","share_position":"top","share_float_style":"share-monocrhome","show_share_counter":"1","show_view_counter":"1","show_featured":"1","show_post_meta":"1","show_post_author":"1","show_post_author_image":"1","show_post_date":"1","post_date_format":"default","post_date_format_custom":"Y\/m\/d","show_post_category":"1","show_post_reading_time":"0","post_reading_time_wpm":"300","show_zoom_button":"0","zoom_button_out_step":"2","zoom_button_in_step":"3","show_post_tag":"1","show_prev_next_post":"1","show_popup_post":"1","number_popup_post":"1","show_author_box":"0","show_post_related":"1","show_inline_post_related":"0"}],"override_image_size":"0","image_override":[{"single_post_thumbnail_size":"crop-500","single_post_gallery_size":"crop-500"}],"trending_post":"0","trending_post_position":"meta","trending_post_label":"Trending","sponsored_post":"0","sponsored_post_label":"Sponsored by","sponsored_post_name":"","sponsored_post_url":"","sponsored_post_logo_enable":"0","sponsored_post_logo":"","sponsored_post_desc":"","disable_ad":"0"},"jnews_primary_category":{"id":"","hide":""},"jnews_social_meta":{"fb_title":"","fb_description":"","fb_image":"","twitter_title":"","twitter_description":"","twitter_image":""},"jnews_review":[],"enable_review":"0","type":"percentage","name":"","summary":"","brand":"","sku":"","good":[{"good_text":""}],"bad":[{"bad_text":""}],"score_override":"0","override_value":"","rating":[{"rating_text":"","rating_number":"10"}],"price":[{"shop":"","price":"","link":"","icon":""}],"footnotes":""},"categories":[54],"tags":[152],"class_list":["post-122551","post","type-post","status-publish","format-standard","has-post-thumbnail","hentry","category-cotidiano","tag-destaque"],"yoast_head":"<!-- This site is optimized with the Yoast SEO plugin v26.5 - https:\/\/yoast.com\/wordpress\/plugins\/seo\/ -->\n<title>Acre registrou mais de 500 casos de estupro de vulner\u00e1vel em 2022; veja dados deste ano - Agazeta.net<\/title>\n<meta name=\"robots\" content=\"index, follow, max-snippet:-1, max-image-preview:large, max-video-preview:-1\" \/>\n<link rel=\"canonical\" href=\"https:\/\/nk7-testes.com.br\/agazeta\/acre-registrou-mais-de-500-casos-de-estupro-de-vulneravel-em-2022-veja-dados-deste-ano\/\" \/>\n<meta property=\"og:locale\" content=\"pt_BR\" \/>\n<meta property=\"og:type\" content=\"article\" \/>\n<meta property=\"og:title\" content=\"Acre registrou mais de 500 casos de estupro de vulner\u00e1vel em 2022; veja dados deste ano\" \/>\n<meta property=\"og:description\" content=\"Em 2023, queda de 34,5% em casos deste crime \u00e9 apontada pela Pol\u00edcia Civil\" \/>\n<meta property=\"og:url\" content=\"https:\/\/nk7-testes.com.br\/agazeta\/acre-registrou-mais-de-500-casos-de-estupro-de-vulneravel-em-2022-veja-dados-deste-ano\/\" \/>\n<meta property=\"og:site_name\" content=\"Agazeta.net\" \/>\n<meta property=\"article:published_time\" content=\"2023-11-29T21:39:18+00:00\" \/>\n<meta property=\"og:image\" content=\"https:\/\/nk7-testes.com.br\/agazeta\/wp-content\/uploads\/2023\/11\/WhatsApp-Image-2023-11-29-at-15.54.44.jpeg\" \/>\n\t<meta property=\"og:image:width\" content=\"800\" \/>\n\t<meta property=\"og:image:height\" content=\"399\" \/>\n\t<meta property=\"og:image:type\" content=\"image\/jpeg\" \/>\n<meta name=\"author\" content=\"Agazeta.Net\" \/>\n<meta name=\"twitter:card\" content=\"summary_large_image\" \/>\n<meta name=\"twitter:label1\" content=\"Escrito por\" \/>\n\t<meta name=\"twitter:data1\" content=\"Agazeta.Net\" \/>\n\t<meta name=\"twitter:label2\" content=\"Est. tempo de leitura\" \/>\n\t<meta name=\"twitter:data2\" content=\"10 minutos\" \/>\n<script type=\"application\/ld+json\" class=\"yoast-schema-graph\">{\"@context\":\"https:\/\/schema.org\",\"@graph\":[{\"@type\":\"WebPage\",\"@id\":\"https:\/\/nk7-testes.com.br\/agazeta\/acre-registrou-mais-de-500-casos-de-estupro-de-vulneravel-em-2022-veja-dados-deste-ano\/\",\"url\":\"https:\/\/nk7-testes.com.br\/agazeta\/acre-registrou-mais-de-500-casos-de-estupro-de-vulneravel-em-2022-veja-dados-deste-ano\/\",\"name\":\"Acre registrou mais de 500 casos de estupro de vulner\u00e1vel em 2022; veja dados deste ano - Agazeta.net\",\"isPartOf\":{\"@id\":\"https:\/\/nk7-testes.com.br\/agazeta\/#website\"},\"primaryImageOfPage\":{\"@id\":\"https:\/\/nk7-testes.com.br\/agazeta\/acre-registrou-mais-de-500-casos-de-estupro-de-vulneravel-em-2022-veja-dados-deste-ano\/#primaryimage\"},\"image\":{\"@id\":\"https:\/\/nk7-testes.com.br\/agazeta\/acre-registrou-mais-de-500-casos-de-estupro-de-vulneravel-em-2022-veja-dados-deste-ano\/#primaryimage\"},\"thumbnailUrl\":\"https:\/\/nk7-testes.com.br\/agazeta\/wp-content\/uploads\/2023\/11\/WhatsApp-Image-2023-11-29-at-15.54.44.jpeg\",\"datePublished\":\"2023-11-29T21:39:18+00:00\",\"author\":{\"@id\":\"https:\/\/nk7-testes.com.br\/agazeta\/#\/schema\/person\/ff6b39d54d6973bfc57f4140f659b23f\"},\"breadcrumb\":{\"@id\":\"https:\/\/nk7-testes.com.br\/agazeta\/acre-registrou-mais-de-500-casos-de-estupro-de-vulneravel-em-2022-veja-dados-deste-ano\/#breadcrumb\"},\"inLanguage\":\"pt-BR\",\"potentialAction\":[{\"@type\":\"ReadAction\",\"target\":[\"https:\/\/nk7-testes.com.br\/agazeta\/acre-registrou-mais-de-500-casos-de-estupro-de-vulneravel-em-2022-veja-dados-deste-ano\/\"]}]},{\"@type\":\"ImageObject\",\"inLanguage\":\"pt-BR\",\"@id\":\"https:\/\/nk7-testes.com.br\/agazeta\/acre-registrou-mais-de-500-casos-de-estupro-de-vulneravel-em-2022-veja-dados-deste-ano\/#primaryimage\",\"url\":\"https:\/\/nk7-testes.com.br\/agazeta\/wp-content\/uploads\/2023\/11\/WhatsApp-Image-2023-11-29-at-15.54.44.jpeg\",\"contentUrl\":\"https:\/\/nk7-testes.com.br\/agazeta\/wp-content\/uploads\/2023\/11\/WhatsApp-Image-2023-11-29-at-15.54.44.jpeg\",\"width\":800,\"height\":399,\"caption\":\"Imagem: Getty Images\"},{\"@type\":\"BreadcrumbList\",\"@id\":\"https:\/\/nk7-testes.com.br\/agazeta\/acre-registrou-mais-de-500-casos-de-estupro-de-vulneravel-em-2022-veja-dados-deste-ano\/#breadcrumb\",\"itemListElement\":[{\"@type\":\"ListItem\",\"position\":1,\"name\":\"In\u00edcio\",\"item\":\"https:\/\/nk7-testes.com.br\/agazeta\/\"},{\"@type\":\"ListItem\",\"position\":2,\"name\":\"Acre registrou mais de 500 casos de estupro de vulner\u00e1vel em 2022; veja dados deste ano\"}]},{\"@type\":\"WebSite\",\"@id\":\"https:\/\/nk7-testes.com.br\/agazeta\/#website\",\"url\":\"https:\/\/nk7-testes.com.br\/agazeta\/\",\"name\":\"Agazeta.net\",\"description\":\"Agazeta.net - Not\u00edcias de Rio Branco\/AC\",\"potentialAction\":[{\"@type\":\"SearchAction\",\"target\":{\"@type\":\"EntryPoint\",\"urlTemplate\":\"https:\/\/nk7-testes.com.br\/agazeta\/?s={search_term_string}\"},\"query-input\":{\"@type\":\"PropertyValueSpecification\",\"valueRequired\":true,\"valueName\":\"search_term_string\"}}],\"inLanguage\":\"pt-BR\"},{\"@type\":\"Person\",\"@id\":\"https:\/\/nk7-testes.com.br\/agazeta\/#\/schema\/person\/ff6b39d54d6973bfc57f4140f659b23f\",\"name\":\"Agazeta.Net\",\"url\":\"https:\/\/nk7-testes.com.br\/agazeta\/author\/agazeta\/\"}]}<\/script>\n<!-- \/ Yoast SEO plugin. -->","yoast_head_json":{"title":"Acre registrou mais de 500 casos de estupro de vulner\u00e1vel em 2022; veja dados deste ano - Agazeta.net","robots":{"index":"index","follow":"follow","max-snippet":"max-snippet:-1","max-image-preview":"max-image-preview:large","max-video-preview":"max-video-preview:-1"},"canonical":"https:\/\/nk7-testes.com.br\/agazeta\/acre-registrou-mais-de-500-casos-de-estupro-de-vulneravel-em-2022-veja-dados-deste-ano\/","og_locale":"pt_BR","og_type":"article","og_title":"Acre registrou mais de 500 casos de estupro de vulner\u00e1vel em 2022; veja dados deste ano","og_description":"Em 2023, queda de 34,5% em casos deste crime \u00e9 apontada pela Pol\u00edcia Civil","og_url":"https:\/\/nk7-testes.com.br\/agazeta\/acre-registrou-mais-de-500-casos-de-estupro-de-vulneravel-em-2022-veja-dados-deste-ano\/","og_site_name":"Agazeta.net","article_published_time":"2023-11-29T21:39:18+00:00","og_image":[{"width":800,"height":399,"url":"https:\/\/nk7-testes.com.br\/agazeta\/wp-content\/uploads\/2023\/11\/WhatsApp-Image-2023-11-29-at-15.54.44.jpeg","type":"image\/jpeg"}],"author":"Agazeta.Net","twitter_card":"summary_large_image","twitter_misc":{"Escrito por":"Agazeta.Net","Est. tempo de leitura":"10 minutos"},"schema":{"@context":"https:\/\/schema.org","@graph":[{"@type":"WebPage","@id":"https:\/\/nk7-testes.com.br\/agazeta\/acre-registrou-mais-de-500-casos-de-estupro-de-vulneravel-em-2022-veja-dados-deste-ano\/","url":"https:\/\/nk7-testes.com.br\/agazeta\/acre-registrou-mais-de-500-casos-de-estupro-de-vulneravel-em-2022-veja-dados-deste-ano\/","name":"Acre registrou mais de 500 casos de estupro de vulner\u00e1vel em 2022; veja dados deste ano - Agazeta.net","isPartOf":{"@id":"https:\/\/nk7-testes.com.br\/agazeta\/#website"},"primaryImageOfPage":{"@id":"https:\/\/nk7-testes.com.br\/agazeta\/acre-registrou-mais-de-500-casos-de-estupro-de-vulneravel-em-2022-veja-dados-deste-ano\/#primaryimage"},"image":{"@id":"https:\/\/nk7-testes.com.br\/agazeta\/acre-registrou-mais-de-500-casos-de-estupro-de-vulneravel-em-2022-veja-dados-deste-ano\/#primaryimage"},"thumbnailUrl":"https:\/\/nk7-testes.com.br\/agazeta\/wp-content\/uploads\/2023\/11\/WhatsApp-Image-2023-11-29-at-15.54.44.jpeg","datePublished":"2023-11-29T21:39:18+00:00","author":{"@id":"https:\/\/nk7-testes.com.br\/agazeta\/#\/schema\/person\/ff6b39d54d6973bfc57f4140f659b23f"},"breadcrumb":{"@id":"https:\/\/nk7-testes.com.br\/agazeta\/acre-registrou-mais-de-500-casos-de-estupro-de-vulneravel-em-2022-veja-dados-deste-ano\/#breadcrumb"},"inLanguage":"pt-BR","potentialAction":[{"@type":"ReadAction","target":["https:\/\/nk7-testes.com.br\/agazeta\/acre-registrou-mais-de-500-casos-de-estupro-de-vulneravel-em-2022-veja-dados-deste-ano\/"]}]},{"@type":"ImageObject","inLanguage":"pt-BR","@id":"https:\/\/nk7-testes.com.br\/agazeta\/acre-registrou-mais-de-500-casos-de-estupro-de-vulneravel-em-2022-veja-dados-deste-ano\/#primaryimage","url":"https:\/\/nk7-testes.com.br\/agazeta\/wp-content\/uploads\/2023\/11\/WhatsApp-Image-2023-11-29-at-15.54.44.jpeg","contentUrl":"https:\/\/nk7-testes.com.br\/agazeta\/wp-content\/uploads\/2023\/11\/WhatsApp-Image-2023-11-29-at-15.54.44.jpeg","width":800,"height":399,"caption":"Imagem: Getty Images"},{"@type":"BreadcrumbList","@id":"https:\/\/nk7-testes.com.br\/agazeta\/acre-registrou-mais-de-500-casos-de-estupro-de-vulneravel-em-2022-veja-dados-deste-ano\/#breadcrumb","itemListElement":[{"@type":"ListItem","position":1,"name":"In\u00edcio","item":"https:\/\/nk7-testes.com.br\/agazeta\/"},{"@type":"ListItem","position":2,"name":"Acre registrou mais de 500 casos de estupro de vulner\u00e1vel em 2022; veja dados deste ano"}]},{"@type":"WebSite","@id":"https:\/\/nk7-testes.com.br\/agazeta\/#website","url":"https:\/\/nk7-testes.com.br\/agazeta\/","name":"Agazeta.net","description":"Agazeta.net - Not\u00edcias de Rio Branco\/AC","potentialAction":[{"@type":"SearchAction","target":{"@type":"EntryPoint","urlTemplate":"https:\/\/nk7-testes.com.br\/agazeta\/?s={search_term_string}"},"query-input":{"@type":"PropertyValueSpecification","valueRequired":true,"valueName":"search_term_string"}}],"inLanguage":"pt-BR"},{"@type":"Person","@id":"https:\/\/nk7-testes.com.br\/agazeta\/#\/schema\/person\/ff6b39d54d6973bfc57f4140f659b23f","name":"Agazeta.Net","url":"https:\/\/nk7-testes.com.br\/agazeta\/author\/agazeta\/"}]}},"_links":{"self":[{"href":"https:\/\/nk7-testes.com.br\/agazeta\/wp-json\/wp\/v2\/posts\/122551","targetHints":{"allow":["GET"]}}],"collection":[{"href":"https:\/\/nk7-testes.com.br\/agazeta\/wp-json\/wp\/v2\/posts"}],"about":[{"href":"https:\/\/nk7-testes.com.br\/agazeta\/wp-json\/wp\/v2\/types\/post"}],"author":[{"embeddable":true,"href":"https:\/\/nk7-testes.com.br\/agazeta\/wp-json\/wp\/v2\/users\/4"}],"replies":[{"embeddable":true,"href":"https:\/\/nk7-testes.com.br\/agazeta\/wp-json\/wp\/v2\/comments?post=122551"}],"version-history":[{"count":0,"href":"https:\/\/nk7-testes.com.br\/agazeta\/wp-json\/wp\/v2\/posts\/122551\/revisions"}],"wp:featuredmedia":[{"embeddable":true,"href":"https:\/\/nk7-testes.com.br\/agazeta\/wp-json\/wp\/v2\/media\/122783"}],"wp:attachment":[{"href":"https:\/\/nk7-testes.com.br\/agazeta\/wp-json\/wp\/v2\/media?parent=122551"}],"wp:term":[{"taxonomy":"category","embeddable":true,"href":"https:\/\/nk7-testes.com.br\/agazeta\/wp-json\/wp\/v2\/categories?post=122551"},{"taxonomy":"post_tag","embeddable":true,"href":"https:\/\/nk7-testes.com.br\/agazeta\/wp-json\/wp\/v2\/tags?post=122551"}],"curies":[{"name":"wp","href":"https:\/\/api.w.org\/{rel}","templated":true}]}}