{"id":122506,"date":"2023-11-23T17:16:19","date_gmt":"2023-11-23T22:16:19","guid":{"rendered":"https:\/\/abarevegan.com.br\/?p=122506"},"modified":"2023-11-23T17:20:53","modified_gmt":"2023-11-23T22:20:53","slug":"com-diarias-que-ultrapassam-r-15-mil-vereadores-de-rio-branco-viajam-para-capacitacao-em-fortaleza","status":"publish","type":"post","link":"https:\/\/nk7-testes.com.br\/agazeta\/com-diarias-que-ultrapassam-r-15-mil-vereadores-de-rio-branco-viajam-para-capacitacao-em-fortaleza\/","title":{"rendered":"Com di\u00e1rias que ultrapassam R$ 15 mil, vereadores de Rio Branco viajam para capacita\u00e7\u00e3o em Fortaleza"},"content":{"rendered":"<p>Por <strong>Jo\u00e3o Cardoso<\/strong> para o <strong>Agazeta.net<\/strong><\/p>\n<p style=\"text-align: justify;\">Nesta quarta-feira (23), a C\u00e2mara Municipal de Rio Branco anunciou, por meio do Di\u00e1rio Oficial do Estado (DOE), a viagem de dois vereadores para uma capacita\u00e7\u00e3o em Fortaleza, no Cear\u00e1, no per\u00edodo de 27 de novembro a 02 de dezembro. O valor gasto com di\u00e1rias ultrapassa R$ 15 mil<\/p>\n<p style=\"text-align: justify;\">Autorizado pelo presidente da C\u00e2mara, Raimundo Nen\u00e9m (PSB), a viagem \u00e0 capital do estado do Cear\u00e1 tem como objetivo de qualificar os vereadores Jos\u00e9 Brito (MDB) e Lene Petec\u00e3o (PSD) no curso de planejamento municipal,<\/p>\n<p style=\"text-align: justify;\">Na viagem, est\u00e3o inclusas 16 di\u00e1rias e meia, totalizando mais de R$15 mil para custeio da programa\u00e7\u00e3o dos parlamentares, tendo em vista que apenas um dia de estadia custa R$ 959,00. Os parlamentares ser\u00e3o acompanhados por seus assessores.<\/p>\n<p>Estagi\u00e1rio supervisionado por Gisele Almeida<\/p>\n","protected":false},"excerpt":{"rendered":"<p>Por Jo\u00e3o Cardoso para o Agazeta.net Nesta quarta-feira (23), a C\u00e2mara Municipal de Rio Branco anunciou, por meio do Di\u00e1rio Oficial do Estado (DOE), a viagem de dois vereadores para uma capacita\u00e7\u00e3o em Fortaleza, no Cear\u00e1, no per\u00edodo de 27 de novembro a 02 de dezembro. O valor gasto com di\u00e1rias ultrapassa R$ 15 mil [&hellip;]<\/p>\n","protected":false},"author":4,"featured_media":122507,"comment_status":"open","ping_status":"open","sticky":false,"template":"","format":"standard","meta":{"jnews-multi-image_gallery":[],"jnews_single_post":{"source_name":"","source_url":"","via_name":"","via_url":"","override_template":"0","override":[{"template":"custom","single_blog_custom":"110746","parallax":"1","fullscreen":"1","layout":"right-sidebar","sidebar":"default-sidebar","second_sidebar":"default-sidebar","sticky_sidebar":"1","share_position":"top","share_float_style":"share-monocrhome","show_share_counter":"1","show_view_counter":"1","show_featured":"1","show_post_meta":"1","show_post_author":"1","show_post_author_image":"1","show_post_date":"1","post_date_format":"default","post_date_format_custom":"Y\/m\/d","show_post_category":"1","show_post_reading_time":"0","post_reading_time_wpm":"300","show_zoom_button":"0","zoom_button_out_step":"2","zoom_button_in_step":"3","show_post_tag":"1","show_prev_next_post":"1","show_popup_post":"1","number_popup_post":"1","show_author_box":"0","show_post_related":"1","show_inline_post_related":"0"}],"override_image_size":"0","image_override":[{"single_post_thumbnail_size":"crop-500","single_post_gallery_size":"crop-500"}],"trending_post":"0","trending_post_position":"meta","trending_post_label":"Trending","sponsored_post":"0","sponsored_post_label":"Sponsored by","sponsored_post_name":"","sponsored_post_url":"","sponsored_post_logo_enable":"0","sponsored_post_logo":"","sponsored_post_desc":"","disable_ad":"0"},"jnews_primary_category":{"id":"","hide":""},"jnews_social_meta":[],"jnews_review":[],"enable_review":"","type":"","name":"","summary":"","brand":"","sku":"","good":[],"bad":[],"score_override":"","override_value":"","rating":[],"price":[],"footnotes":""},"categories":[54],"tags":[],"class_list":["post-122506","post","type-post","status-publish","format-standard","has-post-thumbnail","hentry","category-cotidiano"],"yoast_head":"<!-- This site is optimized with the Yoast SEO plugin v26.5 - https:\/\/yoast.com\/wordpress\/plugins\/seo\/ -->\n<title>Com di\u00e1rias que ultrapassam R$ 15 mil, vereadores de Rio Branco viajam para capacita\u00e7\u00e3o em Fortaleza - Agazeta.net<\/title>\n<meta name=\"robots\" content=\"index, follow, max-snippet:-1, max-image-preview:large, max-video-preview:-1\" \/>\n<link rel=\"canonical\" href=\"https:\/\/nk7-testes.com.br\/agazeta\/com-diarias-que-ultrapassam-r-15-mil-vereadores-de-rio-branco-viajam-para-capacitacao-em-fortaleza\/\" \/>\n<meta property=\"og:locale\" content=\"pt_BR\" \/>\n<meta property=\"og:type\" content=\"article\" \/>\n<meta property=\"og:title\" content=\"Com di\u00e1rias que ultrapassam R$ 15 mil, vereadores de Rio Branco viajam para capacita\u00e7\u00e3o em Fortaleza\" \/>\n<meta property=\"og:description\" content=\"Os parlamentares participar\u00e3o de um curso sobre planejamento municipal\" \/>\n<meta property=\"og:url\" content=\"https:\/\/nk7-testes.com.br\/agazeta\/com-diarias-que-ultrapassam-r-15-mil-vereadores-de-rio-branco-viajam-para-capacitacao-em-fortaleza\/\" \/>\n<meta property=\"og:site_name\" content=\"Agazeta.net\" \/>\n<meta property=\"article:published_time\" content=\"2023-11-23T22:16:19+00:00\" \/>\n<meta property=\"article:modified_time\" content=\"2023-11-23T22:20:53+00:00\" \/>\n<meta property=\"og:image\" content=\"https:\/\/nk7-testes.com.br\/agazeta\/wp-content\/uploads\/2023\/11\/WhatsApp-Image-2023-11-23-at-19.14.43.jpeg\" \/>\n\t<meta property=\"og:image:width\" content=\"800\" \/>\n\t<meta property=\"og:image:height\" content=\"400\" \/>\n\t<meta property=\"og:image:type\" content=\"image\/jpeg\" \/>\n<meta name=\"author\" content=\"Agazeta.Net\" \/>\n<meta name=\"twitter:card\" content=\"summary_large_image\" \/>\n<meta name=\"twitter:title\" content=\"Com di\u00e1rias que ultrapassam R$ 15 mil, vereadores de Rio Branco viajam para capacita\u00e7\u00e3o em Fortaleza\" \/>\n<meta name=\"twitter:description\" content=\"Os parlamentares participar\u00e3o de um curso sobre planejamento municipal\" \/>\n<meta name=\"twitter:image\" content=\"https:\/\/nk7-testes.com.br\/agazeta\/wp-content\/uploads\/2023\/11\/WhatsApp-Image-2023-11-23-at-19.14.43.jpeg\" \/>\n<meta name=\"twitter:label1\" content=\"Escrito por\" \/>\n\t<meta name=\"twitter:data1\" content=\"Agazeta.Net\" \/>\n\t<meta name=\"twitter:label2\" content=\"Est. tempo de leitura\" \/>\n\t<meta name=\"twitter:data2\" content=\"1 minuto\" \/>\n<script type=\"application\/ld+json\" class=\"yoast-schema-graph\">{\"@context\":\"https:\/\/schema.org\",\"@graph\":[{\"@type\":\"WebPage\",\"@id\":\"https:\/\/nk7-testes.com.br\/agazeta\/com-diarias-que-ultrapassam-r-15-mil-vereadores-de-rio-branco-viajam-para-capacitacao-em-fortaleza\/\",\"url\":\"https:\/\/nk7-testes.com.br\/agazeta\/com-diarias-que-ultrapassam-r-15-mil-vereadores-de-rio-branco-viajam-para-capacitacao-em-fortaleza\/\",\"name\":\"Com di\u00e1rias que ultrapassam R$ 15 mil, vereadores de Rio Branco viajam para capacita\u00e7\u00e3o em Fortaleza - Agazeta.net\",\"isPartOf\":{\"@id\":\"https:\/\/nk7-testes.com.br\/agazeta\/#website\"},\"primaryImageOfPage\":{\"@id\":\"https:\/\/nk7-testes.com.br\/agazeta\/com-diarias-que-ultrapassam-r-15-mil-vereadores-de-rio-branco-viajam-para-capacitacao-em-fortaleza\/#primaryimage\"},\"image\":{\"@id\":\"https:\/\/nk7-testes.com.br\/agazeta\/com-diarias-que-ultrapassam-r-15-mil-vereadores-de-rio-branco-viajam-para-capacitacao-em-fortaleza\/#primaryimage\"},\"thumbnailUrl\":\"https:\/\/nk7-testes.com.br\/agazeta\/wp-content\/uploads\/2023\/11\/WhatsApp-Image-2023-11-23-at-19.14.43.jpeg\",\"datePublished\":\"2023-11-23T22:16:19+00:00\",\"dateModified\":\"2023-11-23T22:20:53+00:00\",\"author\":{\"@id\":\"https:\/\/nk7-testes.com.br\/agazeta\/#\/schema\/person\/ff6b39d54d6973bfc57f4140f659b23f\"},\"breadcrumb\":{\"@id\":\"https:\/\/nk7-testes.com.br\/agazeta\/com-diarias-que-ultrapassam-r-15-mil-vereadores-de-rio-branco-viajam-para-capacitacao-em-fortaleza\/#breadcrumb\"},\"inLanguage\":\"pt-BR\",\"potentialAction\":[{\"@type\":\"ReadAction\",\"target\":[\"https:\/\/nk7-testes.com.br\/agazeta\/com-diarias-que-ultrapassam-r-15-mil-vereadores-de-rio-branco-viajam-para-capacitacao-em-fortaleza\/\"]}]},{\"@type\":\"ImageObject\",\"inLanguage\":\"pt-BR\",\"@id\":\"https:\/\/nk7-testes.com.br\/agazeta\/com-diarias-que-ultrapassam-r-15-mil-vereadores-de-rio-branco-viajam-para-capacitacao-em-fortaleza\/#primaryimage\",\"url\":\"https:\/\/nk7-testes.com.br\/agazeta\/wp-content\/uploads\/2023\/11\/WhatsApp-Image-2023-11-23-at-19.14.43.jpeg\",\"contentUrl\":\"https:\/\/nk7-testes.com.br\/agazeta\/wp-content\/uploads\/2023\/11\/WhatsApp-Image-2023-11-23-at-19.14.43.jpeg\",\"width\":800,\"height\":400},{\"@type\":\"BreadcrumbList\",\"@id\":\"https:\/\/nk7-testes.com.br\/agazeta\/com-diarias-que-ultrapassam-r-15-mil-vereadores-de-rio-branco-viajam-para-capacitacao-em-fortaleza\/#breadcrumb\",\"itemListElement\":[{\"@type\":\"ListItem\",\"position\":1,\"name\":\"In\u00edcio\",\"item\":\"https:\/\/nk7-testes.com.br\/agazeta\/\"},{\"@type\":\"ListItem\",\"position\":2,\"name\":\"Com di\u00e1rias que ultrapassam R$ 15 mil, vereadores de Rio Branco viajam para capacita\u00e7\u00e3o em Fortaleza\"}]},{\"@type\":\"WebSite\",\"@id\":\"https:\/\/nk7-testes.com.br\/agazeta\/#website\",\"url\":\"https:\/\/nk7-testes.com.br\/agazeta\/\",\"name\":\"Agazeta.net\",\"description\":\"Agazeta.net - Not\u00edcias de Rio Branco\/AC\",\"potentialAction\":[{\"@type\":\"SearchAction\",\"target\":{\"@type\":\"EntryPoint\",\"urlTemplate\":\"https:\/\/nk7-testes.com.br\/agazeta\/?s={search_term_string}\"},\"query-input\":{\"@type\":\"PropertyValueSpecification\",\"valueRequired\":true,\"valueName\":\"search_term_string\"}}],\"inLanguage\":\"pt-BR\"},{\"@type\":\"Person\",\"@id\":\"https:\/\/nk7-testes.com.br\/agazeta\/#\/schema\/person\/ff6b39d54d6973bfc57f4140f659b23f\",\"name\":\"Agazeta.Net\",\"url\":\"https:\/\/nk7-testes.com.br\/agazeta\/author\/agazeta\/\"}]}<\/script>\n<!-- \/ Yoast SEO plugin. -->","yoast_head_json":{"title":"Com di\u00e1rias que ultrapassam R$ 15 mil, vereadores de Rio Branco viajam para capacita\u00e7\u00e3o em Fortaleza - Agazeta.net","robots":{"index":"index","follow":"follow","max-snippet":"max-snippet:-1","max-image-preview":"max-image-preview:large","max-video-preview":"max-video-preview:-1"},"canonical":"https:\/\/nk7-testes.com.br\/agazeta\/com-diarias-que-ultrapassam-r-15-mil-vereadores-de-rio-branco-viajam-para-capacitacao-em-fortaleza\/","og_locale":"pt_BR","og_type":"article","og_title":"Com di\u00e1rias que ultrapassam R$ 15 mil, vereadores de Rio Branco viajam para capacita\u00e7\u00e3o em Fortaleza","og_description":"Os parlamentares participar\u00e3o de um curso sobre planejamento municipal","og_url":"https:\/\/nk7-testes.com.br\/agazeta\/com-diarias-que-ultrapassam-r-15-mil-vereadores-de-rio-branco-viajam-para-capacitacao-em-fortaleza\/","og_site_name":"Agazeta.net","article_published_time":"2023-11-23T22:16:19+00:00","article_modified_time":"2023-11-23T22:20:53+00:00","og_image":[{"width":800,"height":400,"url":"https:\/\/nk7-testes.com.br\/agazeta\/wp-content\/uploads\/2023\/11\/WhatsApp-Image-2023-11-23-at-19.14.43.jpeg","type":"image\/jpeg"}],"author":"Agazeta.Net","twitter_card":"summary_large_image","twitter_title":"Com di\u00e1rias que ultrapassam R$ 15 mil, vereadores de Rio Branco viajam para capacita\u00e7\u00e3o em Fortaleza","twitter_description":"Os parlamentares participar\u00e3o de um curso sobre planejamento municipal","twitter_image":"https:\/\/nk7-testes.com.br\/agazeta\/wp-content\/uploads\/2023\/11\/WhatsApp-Image-2023-11-23-at-19.14.43.jpeg","twitter_misc":{"Escrito por":"Agazeta.Net","Est. tempo de leitura":"1 minuto"},"schema":{"@context":"https:\/\/schema.org","@graph":[{"@type":"WebPage","@id":"https:\/\/nk7-testes.com.br\/agazeta\/com-diarias-que-ultrapassam-r-15-mil-vereadores-de-rio-branco-viajam-para-capacitacao-em-fortaleza\/","url":"https:\/\/nk7-testes.com.br\/agazeta\/com-diarias-que-ultrapassam-r-15-mil-vereadores-de-rio-branco-viajam-para-capacitacao-em-fortaleza\/","name":"Com di\u00e1rias que ultrapassam R$ 15 mil, vereadores de Rio Branco viajam para capacita\u00e7\u00e3o em Fortaleza - Agazeta.net","isPartOf":{"@id":"https:\/\/nk7-testes.com.br\/agazeta\/#website"},"primaryImageOfPage":{"@id":"https:\/\/nk7-testes.com.br\/agazeta\/com-diarias-que-ultrapassam-r-15-mil-vereadores-de-rio-branco-viajam-para-capacitacao-em-fortaleza\/#primaryimage"},"image":{"@id":"https:\/\/nk7-testes.com.br\/agazeta\/com-diarias-que-ultrapassam-r-15-mil-vereadores-de-rio-branco-viajam-para-capacitacao-em-fortaleza\/#primaryimage"},"thumbnailUrl":"https:\/\/nk7-testes.com.br\/agazeta\/wp-content\/uploads\/2023\/11\/WhatsApp-Image-2023-11-23-at-19.14.43.jpeg","datePublished":"2023-11-23T22:16:19+00:00","dateModified":"2023-11-23T22:20:53+00:00","author":{"@id":"https:\/\/nk7-testes.com.br\/agazeta\/#\/schema\/person\/ff6b39d54d6973bfc57f4140f659b23f"},"breadcrumb":{"@id":"https:\/\/nk7-testes.com.br\/agazeta\/com-diarias-que-ultrapassam-r-15-mil-vereadores-de-rio-branco-viajam-para-capacitacao-em-fortaleza\/#breadcrumb"},"inLanguage":"pt-BR","potentialAction":[{"@type":"ReadAction","target":["https:\/\/nk7-testes.com.br\/agazeta\/com-diarias-que-ultrapassam-r-15-mil-vereadores-de-rio-branco-viajam-para-capacitacao-em-fortaleza\/"]}]},{"@type":"ImageObject","inLanguage":"pt-BR","@id":"https:\/\/nk7-testes.com.br\/agazeta\/com-diarias-que-ultrapassam-r-15-mil-vereadores-de-rio-branco-viajam-para-capacitacao-em-fortaleza\/#primaryimage","url":"https:\/\/nk7-testes.com.br\/agazeta\/wp-content\/uploads\/2023\/11\/WhatsApp-Image-2023-11-23-at-19.14.43.jpeg","contentUrl":"https:\/\/nk7-testes.com.br\/agazeta\/wp-content\/uploads\/2023\/11\/WhatsApp-Image-2023-11-23-at-19.14.43.jpeg","width":800,"height":400},{"@type":"BreadcrumbList","@id":"https:\/\/nk7-testes.com.br\/agazeta\/com-diarias-que-ultrapassam-r-15-mil-vereadores-de-rio-branco-viajam-para-capacitacao-em-fortaleza\/#breadcrumb","itemListElement":[{"@type":"ListItem","position":1,"name":"In\u00edcio","item":"https:\/\/nk7-testes.com.br\/agazeta\/"},{"@type":"ListItem","position":2,"name":"Com di\u00e1rias que ultrapassam R$ 15 mil, vereadores de Rio Branco viajam para capacita\u00e7\u00e3o em Fortaleza"}]},{"@type":"WebSite","@id":"https:\/\/nk7-testes.com.br\/agazeta\/#website","url":"https:\/\/nk7-testes.com.br\/agazeta\/","name":"Agazeta.net","description":"Agazeta.net - Not\u00edcias de Rio Branco\/AC","potentialAction":[{"@type":"SearchAction","target":{"@type":"EntryPoint","urlTemplate":"https:\/\/nk7-testes.com.br\/agazeta\/?s={search_term_string}"},"query-input":{"@type":"PropertyValueSpecification","valueRequired":true,"valueName":"search_term_string"}}],"inLanguage":"pt-BR"},{"@type":"Person","@id":"https:\/\/nk7-testes.com.br\/agazeta\/#\/schema\/person\/ff6b39d54d6973bfc57f4140f659b23f","name":"Agazeta.Net","url":"https:\/\/nk7-testes.com.br\/agazeta\/author\/agazeta\/"}]}},"_links":{"self":[{"href":"https:\/\/nk7-testes.com.br\/agazeta\/wp-json\/wp\/v2\/posts\/122506","targetHints":{"allow":["GET"]}}],"collection":[{"href":"https:\/\/nk7-testes.com.br\/agazeta\/wp-json\/wp\/v2\/posts"}],"about":[{"href":"https:\/\/nk7-testes.com.br\/agazeta\/wp-json\/wp\/v2\/types\/post"}],"author":[{"embeddable":true,"href":"https:\/\/nk7-testes.com.br\/agazeta\/wp-json\/wp\/v2\/users\/4"}],"replies":[{"embeddable":true,"href":"https:\/\/nk7-testes.com.br\/agazeta\/wp-json\/wp\/v2\/comments?post=122506"}],"version-history":[{"count":0,"href":"https:\/\/nk7-testes.com.br\/agazeta\/wp-json\/wp\/v2\/posts\/122506\/revisions"}],"wp:featuredmedia":[{"embeddable":true,"href":"https:\/\/nk7-testes.com.br\/agazeta\/wp-json\/wp\/v2\/media\/122507"}],"wp:attachment":[{"href":"https:\/\/nk7-testes.com.br\/agazeta\/wp-json\/wp\/v2\/media?parent=122506"}],"wp:term":[{"taxonomy":"category","embeddable":true,"href":"https:\/\/nk7-testes.com.br\/agazeta\/wp-json\/wp\/v2\/categories?post=122506"},{"taxonomy":"post_tag","embeddable":true,"href":"https:\/\/nk7-testes.com.br\/agazeta\/wp-json\/wp\/v2\/tags?post=122506"}],"curies":[{"name":"wp","href":"https:\/\/api.w.org\/{rel}","templated":true}]}}