{"id":122493,"date":"2023-11-23T16:04:37","date_gmt":"2023-11-23T21:04:37","guid":{"rendered":"https:\/\/abarevegan.com.br\/?p=122493"},"modified":"2023-11-23T16:06:38","modified_gmt":"2023-11-23T21:06:38","slug":"idoso-de-75-anos-e-encontrado-morto-dentro-da-propria-casa-em-rio-branco","status":"publish","type":"post","link":"https:\/\/nk7-testes.com.br\/agazeta\/idoso-de-75-anos-e-encontrado-morto-dentro-da-propria-casa-em-rio-branco\/","title":{"rendered":"Idoso de 75 anos \u00e9 encontrado morto dentro da pr\u00f3pria casa em Rio Branco"},"content":{"rendered":"<p>Mat\u00e9ria feita em v\u00eddeo pelo rep\u00f3rter <strong>Marilson Maia<\/strong> para a<strong> TV gazeta<\/strong><\/p>\n<p style=\"text-align: justify;\">Nesta quarta-feira (23), o corpo de um idoso de 75 anos, identificado como Humberto Montenegro, foi encontrado dentro da pr\u00f3pria resid\u00eancia, na rua Manoel Ces\u00e1rio, bairro capoeira, em Rio Branco. \u00c9 prov\u00e1vel que a morte tenha sido de causas naturais.<\/p>\n<p style=\"text-align: justify;\">Ap\u00f3s a morte ter sido descoberta por pessoas pr\u00f3ximas ao idoso, a Pol\u00edcia Civil do Acre (PCAC) foi acionada para a inspe\u00e7\u00e3o do local e tomou as devidas provid\u00eancias. A equipe respons\u00e1vel pela vistoria alegou que recebeu a ocorr\u00eancia atrav\u00e9s do Centro de Opera\u00e7\u00f5es Policiais Militares (Copom) e, ao chegar no local, o Servi\u00e7o de Atendimento M\u00f3vel de Urg\u00eancia (Samu) j\u00e1 havia atestado o \u00f3bito.<\/p>\n<p style=\"text-align: justify;\">O corpo de Montenegro foi encaminhado ao Instituto M\u00e9dico Legal (IML) para sanar as d\u00favidas do caso da morte. Segundo a institui\u00e7\u00e3o, n\u00e3o h\u00e1 ind\u00edcios de que seja um crime. Familiares da v\u00edtima alegam que ele consumia bebidas alco\u00f3licas e outras drogas com frequ\u00eancia.<\/p>\n<p><em>Estagi\u00e1rio supervisionado por Gisele Almeida<\/em><\/p>\n","protected":false},"excerpt":{"rendered":"<p>Mat\u00e9ria feita em v\u00eddeo pelo rep\u00f3rter Marilson Maia para a TV gazeta Nesta quarta-feira (23), o corpo de um idoso de 75 anos, identificado como Humberto Montenegro, foi encontrado dentro da pr\u00f3pria resid\u00eancia, na rua Manoel Ces\u00e1rio, bairro capoeira, em Rio Branco. \u00c9 prov\u00e1vel que a morte tenha sido de causas naturais. Ap\u00f3s a morte [&hellip;]<\/p>\n","protected":false},"author":4,"featured_media":122495,"comment_status":"open","ping_status":"open","sticky":false,"template":"","format":"standard","meta":{"jnews-multi-image_gallery":[],"jnews_single_post":{"source_name":"","source_url":"","via_name":"","via_url":"","override_template":"0","override":[{"template":"custom","single_blog_custom":"110746","parallax":"1","fullscreen":"1","layout":"right-sidebar","sidebar":"default-sidebar","second_sidebar":"default-sidebar","sticky_sidebar":"1","share_position":"top","share_float_style":"share-monocrhome","show_share_counter":"1","show_view_counter":"1","show_featured":"1","show_post_meta":"1","show_post_author":"1","show_post_author_image":"1","show_post_date":"1","post_date_format":"default","post_date_format_custom":"Y\/m\/d","show_post_category":"1","show_post_reading_time":"0","post_reading_time_wpm":"300","show_zoom_button":"0","zoom_button_out_step":"2","zoom_button_in_step":"3","show_post_tag":"1","show_prev_next_post":"1","show_popup_post":"1","number_popup_post":"1","show_author_box":"0","show_post_related":"1","show_inline_post_related":"0"}],"override_image_size":"0","image_override":[{"single_post_thumbnail_size":"crop-500","single_post_gallery_size":"crop-500"}],"trending_post":"0","trending_post_position":"meta","trending_post_label":"Trending","sponsored_post":"0","sponsored_post_label":"Sponsored by","sponsored_post_name":"","sponsored_post_url":"","sponsored_post_logo_enable":"0","sponsored_post_logo":"","sponsored_post_desc":"","disable_ad":"0"},"jnews_primary_category":{"id":"","hide":""},"jnews_social_meta":[],"jnews_review":[],"enable_review":"","type":"","name":"","summary":"","brand":"","sku":"","good":[],"bad":[],"score_override":"","override_value":"","rating":[],"price":[],"footnotes":""},"categories":[54],"tags":[],"class_list":["post-122493","post","type-post","status-publish","format-standard","has-post-thumbnail","hentry","category-cotidiano"],"yoast_head":"<!-- This site is optimized with the Yoast SEO plugin v26.5 - https:\/\/yoast.com\/wordpress\/plugins\/seo\/ -->\n<title>Idoso de 75 anos \u00e9 encontrado morto dentro da pr\u00f3pria casa em Rio Branco - Agazeta.net<\/title>\n<meta name=\"robots\" content=\"index, follow, max-snippet:-1, max-image-preview:large, max-video-preview:-1\" \/>\n<link rel=\"canonical\" href=\"https:\/\/nk7-testes.com.br\/agazeta\/idoso-de-75-anos-e-encontrado-morto-dentro-da-propria-casa-em-rio-branco\/\" \/>\n<meta property=\"og:locale\" content=\"pt_BR\" \/>\n<meta property=\"og:type\" content=\"article\" \/>\n<meta property=\"og:title\" content=\"Idoso de 75 anos \u00e9 encontrado morto dentro da pr\u00f3pria casa em Rio Branco\" \/>\n<meta property=\"og:description\" content=\"Segundo o Instituto M\u00e9dico Legal (IML), n\u00e3o h\u00e1 ind\u00edcios de que seja um crime\" \/>\n<meta property=\"og:url\" content=\"https:\/\/nk7-testes.com.br\/agazeta\/idoso-de-75-anos-e-encontrado-morto-dentro-da-propria-casa-em-rio-branco\/\" \/>\n<meta property=\"og:site_name\" content=\"Agazeta.net\" \/>\n<meta property=\"article:published_time\" content=\"2023-11-23T21:04:37+00:00\" \/>\n<meta property=\"article:modified_time\" content=\"2023-11-23T21:06:38+00:00\" \/>\n<meta property=\"og:image\" content=\"https:\/\/nk7-testes.com.br\/agazeta\/wp-content\/uploads\/2023\/11\/21.jpg\" \/>\n\t<meta property=\"og:image:width\" content=\"800\" \/>\n\t<meta property=\"og:image:height\" content=\"378\" \/>\n\t<meta property=\"og:image:type\" content=\"image\/jpeg\" \/>\n<meta name=\"author\" content=\"Agazeta.Net\" \/>\n<meta name=\"twitter:card\" content=\"summary_large_image\" \/>\n<meta name=\"twitter:title\" content=\"Idoso de 75 anos \u00e9 encontrado morto dentro da pr\u00f3pria casa em Rio Branco\" \/>\n<meta name=\"twitter:description\" content=\"Segundo o Instituto M\u00e9dico Legal (IML), n\u00e3o h\u00e1 ind\u00edcios de que seja um crime\" \/>\n<meta name=\"twitter:image\" content=\"https:\/\/nk7-testes.com.br\/agazeta\/wp-content\/uploads\/2023\/11\/21.jpg\" \/>\n<meta name=\"twitter:label1\" content=\"Escrito por\" \/>\n\t<meta name=\"twitter:data1\" content=\"Agazeta.Net\" \/>\n\t<meta name=\"twitter:label2\" content=\"Est. tempo de leitura\" \/>\n\t<meta name=\"twitter:data2\" content=\"1 minuto\" \/>\n<script type=\"application\/ld+json\" class=\"yoast-schema-graph\">{\"@context\":\"https:\/\/schema.org\",\"@graph\":[{\"@type\":\"WebPage\",\"@id\":\"https:\/\/nk7-testes.com.br\/agazeta\/idoso-de-75-anos-e-encontrado-morto-dentro-da-propria-casa-em-rio-branco\/\",\"url\":\"https:\/\/nk7-testes.com.br\/agazeta\/idoso-de-75-anos-e-encontrado-morto-dentro-da-propria-casa-em-rio-branco\/\",\"name\":\"Idoso de 75 anos \u00e9 encontrado morto dentro da pr\u00f3pria casa em Rio Branco - Agazeta.net\",\"isPartOf\":{\"@id\":\"https:\/\/nk7-testes.com.br\/agazeta\/#website\"},\"primaryImageOfPage\":{\"@id\":\"https:\/\/nk7-testes.com.br\/agazeta\/idoso-de-75-anos-e-encontrado-morto-dentro-da-propria-casa-em-rio-branco\/#primaryimage\"},\"image\":{\"@id\":\"https:\/\/nk7-testes.com.br\/agazeta\/idoso-de-75-anos-e-encontrado-morto-dentro-da-propria-casa-em-rio-branco\/#primaryimage\"},\"thumbnailUrl\":\"https:\/\/nk7-testes.com.br\/agazeta\/wp-content\/uploads\/2023\/11\/21.jpg\",\"datePublished\":\"2023-11-23T21:04:37+00:00\",\"dateModified\":\"2023-11-23T21:06:38+00:00\",\"author\":{\"@id\":\"https:\/\/nk7-testes.com.br\/agazeta\/#\/schema\/person\/ff6b39d54d6973bfc57f4140f659b23f\"},\"breadcrumb\":{\"@id\":\"https:\/\/nk7-testes.com.br\/agazeta\/idoso-de-75-anos-e-encontrado-morto-dentro-da-propria-casa-em-rio-branco\/#breadcrumb\"},\"inLanguage\":\"pt-BR\",\"potentialAction\":[{\"@type\":\"ReadAction\",\"target\":[\"https:\/\/nk7-testes.com.br\/agazeta\/idoso-de-75-anos-e-encontrado-morto-dentro-da-propria-casa-em-rio-branco\/\"]}]},{\"@type\":\"ImageObject\",\"inLanguage\":\"pt-BR\",\"@id\":\"https:\/\/nk7-testes.com.br\/agazeta\/idoso-de-75-anos-e-encontrado-morto-dentro-da-propria-casa-em-rio-branco\/#primaryimage\",\"url\":\"https:\/\/nk7-testes.com.br\/agazeta\/wp-content\/uploads\/2023\/11\/21.jpg\",\"contentUrl\":\"https:\/\/nk7-testes.com.br\/agazeta\/wp-content\/uploads\/2023\/11\/21.jpg\",\"width\":800,\"height\":378},{\"@type\":\"BreadcrumbList\",\"@id\":\"https:\/\/nk7-testes.com.br\/agazeta\/idoso-de-75-anos-e-encontrado-morto-dentro-da-propria-casa-em-rio-branco\/#breadcrumb\",\"itemListElement\":[{\"@type\":\"ListItem\",\"position\":1,\"name\":\"In\u00edcio\",\"item\":\"https:\/\/nk7-testes.com.br\/agazeta\/\"},{\"@type\":\"ListItem\",\"position\":2,\"name\":\"Idoso de 75 anos \u00e9 encontrado morto dentro da pr\u00f3pria casa em Rio Branco\"}]},{\"@type\":\"WebSite\",\"@id\":\"https:\/\/nk7-testes.com.br\/agazeta\/#website\",\"url\":\"https:\/\/nk7-testes.com.br\/agazeta\/\",\"name\":\"Agazeta.net\",\"description\":\"Agazeta.net - Not\u00edcias de Rio Branco\/AC\",\"potentialAction\":[{\"@type\":\"SearchAction\",\"target\":{\"@type\":\"EntryPoint\",\"urlTemplate\":\"https:\/\/nk7-testes.com.br\/agazeta\/?s={search_term_string}\"},\"query-input\":{\"@type\":\"PropertyValueSpecification\",\"valueRequired\":true,\"valueName\":\"search_term_string\"}}],\"inLanguage\":\"pt-BR\"},{\"@type\":\"Person\",\"@id\":\"https:\/\/nk7-testes.com.br\/agazeta\/#\/schema\/person\/ff6b39d54d6973bfc57f4140f659b23f\",\"name\":\"Agazeta.Net\",\"url\":\"https:\/\/nk7-testes.com.br\/agazeta\/author\/agazeta\/\"}]}<\/script>\n<!-- \/ Yoast SEO plugin. -->","yoast_head_json":{"title":"Idoso de 75 anos \u00e9 encontrado morto dentro da pr\u00f3pria casa em Rio Branco - Agazeta.net","robots":{"index":"index","follow":"follow","max-snippet":"max-snippet:-1","max-image-preview":"max-image-preview:large","max-video-preview":"max-video-preview:-1"},"canonical":"https:\/\/nk7-testes.com.br\/agazeta\/idoso-de-75-anos-e-encontrado-morto-dentro-da-propria-casa-em-rio-branco\/","og_locale":"pt_BR","og_type":"article","og_title":"Idoso de 75 anos \u00e9 encontrado morto dentro da pr\u00f3pria casa em Rio Branco","og_description":"Segundo o Instituto M\u00e9dico Legal (IML), n\u00e3o h\u00e1 ind\u00edcios de que seja um crime","og_url":"https:\/\/nk7-testes.com.br\/agazeta\/idoso-de-75-anos-e-encontrado-morto-dentro-da-propria-casa-em-rio-branco\/","og_site_name":"Agazeta.net","article_published_time":"2023-11-23T21:04:37+00:00","article_modified_time":"2023-11-23T21:06:38+00:00","og_image":[{"width":800,"height":378,"url":"https:\/\/nk7-testes.com.br\/agazeta\/wp-content\/uploads\/2023\/11\/21.jpg","type":"image\/jpeg"}],"author":"Agazeta.Net","twitter_card":"summary_large_image","twitter_title":"Idoso de 75 anos \u00e9 encontrado morto dentro da pr\u00f3pria casa em Rio Branco","twitter_description":"Segundo o Instituto M\u00e9dico Legal (IML), n\u00e3o h\u00e1 ind\u00edcios de que seja um crime","twitter_image":"https:\/\/nk7-testes.com.br\/agazeta\/wp-content\/uploads\/2023\/11\/21.jpg","twitter_misc":{"Escrito por":"Agazeta.Net","Est. tempo de leitura":"1 minuto"},"schema":{"@context":"https:\/\/schema.org","@graph":[{"@type":"WebPage","@id":"https:\/\/nk7-testes.com.br\/agazeta\/idoso-de-75-anos-e-encontrado-morto-dentro-da-propria-casa-em-rio-branco\/","url":"https:\/\/nk7-testes.com.br\/agazeta\/idoso-de-75-anos-e-encontrado-morto-dentro-da-propria-casa-em-rio-branco\/","name":"Idoso de 75 anos \u00e9 encontrado morto dentro da pr\u00f3pria casa em Rio Branco - Agazeta.net","isPartOf":{"@id":"https:\/\/nk7-testes.com.br\/agazeta\/#website"},"primaryImageOfPage":{"@id":"https:\/\/nk7-testes.com.br\/agazeta\/idoso-de-75-anos-e-encontrado-morto-dentro-da-propria-casa-em-rio-branco\/#primaryimage"},"image":{"@id":"https:\/\/nk7-testes.com.br\/agazeta\/idoso-de-75-anos-e-encontrado-morto-dentro-da-propria-casa-em-rio-branco\/#primaryimage"},"thumbnailUrl":"https:\/\/nk7-testes.com.br\/agazeta\/wp-content\/uploads\/2023\/11\/21.jpg","datePublished":"2023-11-23T21:04:37+00:00","dateModified":"2023-11-23T21:06:38+00:00","author":{"@id":"https:\/\/nk7-testes.com.br\/agazeta\/#\/schema\/person\/ff6b39d54d6973bfc57f4140f659b23f"},"breadcrumb":{"@id":"https:\/\/nk7-testes.com.br\/agazeta\/idoso-de-75-anos-e-encontrado-morto-dentro-da-propria-casa-em-rio-branco\/#breadcrumb"},"inLanguage":"pt-BR","potentialAction":[{"@type":"ReadAction","target":["https:\/\/nk7-testes.com.br\/agazeta\/idoso-de-75-anos-e-encontrado-morto-dentro-da-propria-casa-em-rio-branco\/"]}]},{"@type":"ImageObject","inLanguage":"pt-BR","@id":"https:\/\/nk7-testes.com.br\/agazeta\/idoso-de-75-anos-e-encontrado-morto-dentro-da-propria-casa-em-rio-branco\/#primaryimage","url":"https:\/\/nk7-testes.com.br\/agazeta\/wp-content\/uploads\/2023\/11\/21.jpg","contentUrl":"https:\/\/nk7-testes.com.br\/agazeta\/wp-content\/uploads\/2023\/11\/21.jpg","width":800,"height":378},{"@type":"BreadcrumbList","@id":"https:\/\/nk7-testes.com.br\/agazeta\/idoso-de-75-anos-e-encontrado-morto-dentro-da-propria-casa-em-rio-branco\/#breadcrumb","itemListElement":[{"@type":"ListItem","position":1,"name":"In\u00edcio","item":"https:\/\/nk7-testes.com.br\/agazeta\/"},{"@type":"ListItem","position":2,"name":"Idoso de 75 anos \u00e9 encontrado morto dentro da pr\u00f3pria casa em Rio Branco"}]},{"@type":"WebSite","@id":"https:\/\/nk7-testes.com.br\/agazeta\/#website","url":"https:\/\/nk7-testes.com.br\/agazeta\/","name":"Agazeta.net","description":"Agazeta.net - Not\u00edcias de Rio Branco\/AC","potentialAction":[{"@type":"SearchAction","target":{"@type":"EntryPoint","urlTemplate":"https:\/\/nk7-testes.com.br\/agazeta\/?s={search_term_string}"},"query-input":{"@type":"PropertyValueSpecification","valueRequired":true,"valueName":"search_term_string"}}],"inLanguage":"pt-BR"},{"@type":"Person","@id":"https:\/\/nk7-testes.com.br\/agazeta\/#\/schema\/person\/ff6b39d54d6973bfc57f4140f659b23f","name":"Agazeta.Net","url":"https:\/\/nk7-testes.com.br\/agazeta\/author\/agazeta\/"}]}},"_links":{"self":[{"href":"https:\/\/nk7-testes.com.br\/agazeta\/wp-json\/wp\/v2\/posts\/122493","targetHints":{"allow":["GET"]}}],"collection":[{"href":"https:\/\/nk7-testes.com.br\/agazeta\/wp-json\/wp\/v2\/posts"}],"about":[{"href":"https:\/\/nk7-testes.com.br\/agazeta\/wp-json\/wp\/v2\/types\/post"}],"author":[{"embeddable":true,"href":"https:\/\/nk7-testes.com.br\/agazeta\/wp-json\/wp\/v2\/users\/4"}],"replies":[{"embeddable":true,"href":"https:\/\/nk7-testes.com.br\/agazeta\/wp-json\/wp\/v2\/comments?post=122493"}],"version-history":[{"count":0,"href":"https:\/\/nk7-testes.com.br\/agazeta\/wp-json\/wp\/v2\/posts\/122493\/revisions"}],"wp:featuredmedia":[{"embeddable":true,"href":"https:\/\/nk7-testes.com.br\/agazeta\/wp-json\/wp\/v2\/media\/122495"}],"wp:attachment":[{"href":"https:\/\/nk7-testes.com.br\/agazeta\/wp-json\/wp\/v2\/media?parent=122493"}],"wp:term":[{"taxonomy":"category","embeddable":true,"href":"https:\/\/nk7-testes.com.br\/agazeta\/wp-json\/wp\/v2\/categories?post=122493"},{"taxonomy":"post_tag","embeddable":true,"href":"https:\/\/nk7-testes.com.br\/agazeta\/wp-json\/wp\/v2\/tags?post=122493"}],"curies":[{"name":"wp","href":"https:\/\/api.w.org\/{rel}","templated":true}]}}