{"id":122343,"date":"2023-11-21T15:12:00","date_gmt":"2023-11-21T20:12:00","guid":{"rendered":"https:\/\/abarevegan.com.br\/?p=122343"},"modified":"2023-11-21T15:12:00","modified_gmt":"2023-11-21T20:12:00","slug":"apos-morte-por-doenca-do-pombo-em-rio-branco-vereadores-debatem-sobre-a-doenca","status":"publish","type":"post","link":"https:\/\/nk7-testes.com.br\/agazeta\/apos-morte-por-doenca-do-pombo-em-rio-branco-vereadores-debatem-sobre-a-doenca\/","title":{"rendered":"Ap\u00f3s morte por doen\u00e7a do pombo em Rio Branco, vereadores debatem sobre a doen\u00e7a"},"content":{"rendered":"<p>&nbsp;<\/p>\n<p style=\"text-align: justify;\">Ap\u00f3s a morte de uma funcion\u00e1ria do estabelecimento Casa Matos, em decorr\u00eancia da criptococose, mais conhecida como doen\u00e7a do pombo, a C\u00e2mara de Vereadores de Rio Branco decidiu se reunir na manh\u00e3 desta ter\u00e7a-feira (21), para debater poss\u00edveis solu\u00e7\u00f5es para o problema.<\/p>\n<p style=\"text-align: justify;\">Na Tribuna Popular, projeto que visa atender demandas da popula\u00e7\u00e3o, a vereadora Lene Petec\u00e3o (PSD) sugeriu um Projeto de Lei (PL) para proibir que os pombos sejam alimentados pela popula\u00e7\u00e3o.<\/p>\n<p style=\"text-align: justify;\">\u201cApresentamos v\u00e1rias proposituras, reativei todos esses assuntos. Houve um \u00f3bito e isso \u00e9 muito grave, a popula\u00e7\u00e3o deve tomar consci\u00eancia de que o pombo traz o mal. Desde 2022 estamos apresentando v\u00e1rios encaminhamentos para vigil\u00e2ncia sanit\u00e1ria, esse animal deve viver em seu habitat.\u201d diz vereadora Lene Petec\u00e3o (PSD)<\/p>\n<p style=\"text-align: justify;\">Vale lembrar que a esp\u00e9cie n\u00e3o \u00e9 do Brasil, e sim de origem europ\u00e9ia, introduzida no pa\u00eds a partir do s\u00e9culo 16 para servir como animal dom\u00e9stico. A f\u00e1cil reprodu\u00e7\u00e3o dessas aves, facilitou para que sua quantidade aumentasse significativamente.<\/p>\n<p style=\"text-align: justify;\">O empres\u00e1rio Ney Matos, que \u00e9 diagnosticado com a doen\u00e7a, esteve presente na Tribuna da C\u00e2mara. Ele ressalta que \u00e9 importante a preven\u00e7\u00e3o, e que haja um combate \u00e0 doen\u00e7a.<\/p>\n<p style=\"text-align: justify;\">A infectologista Cirley Lobato, que frequentemente fala sobre a import\u00e2ncia do combate \u00e0 alimenta\u00e7\u00e3o dos pombos, frisou as consequ\u00eancias que podem ser geradas com o problema. Segunda a m\u00e9dica, a principal medida que podemos tomar \u00e9 a preven\u00e7\u00e3o aos h\u00e1bitos que podem levar ao crescimento de casos da doen\u00e7a.<\/p>\n<p><strong><em>Mat\u00e9ria feita em v\u00eddeo pela rep\u00f3rter D\u00e9bora Ribeiro para a TV Gazeta<\/em><\/strong><\/p>\n","protected":false},"excerpt":{"rendered":"<p>&nbsp; Ap\u00f3s a morte de uma funcion\u00e1ria do estabelecimento Casa Matos, em decorr\u00eancia da criptococose, mais conhecida como doen\u00e7a do pombo, a C\u00e2mara de Vereadores de Rio Branco decidiu se reunir na manh\u00e3 desta ter\u00e7a-feira (21), para debater poss\u00edveis solu\u00e7\u00f5es para o problema. Na Tribuna Popular, projeto que visa atender demandas da popula\u00e7\u00e3o, a vereadora [&hellip;]<\/p>\n","protected":false},"author":4,"featured_media":122345,"comment_status":"open","ping_status":"open","sticky":false,"template":"","format":"standard","meta":{"jnews-multi-image_gallery":[],"jnews_single_post":{"source_name":"","source_url":"","via_name":"","via_url":"","override_template":"0","override":[{"template":"custom","single_blog_custom":"110746","parallax":"1","fullscreen":"1","layout":"right-sidebar","sidebar":"default-sidebar","second_sidebar":"default-sidebar","sticky_sidebar":"1","share_position":"top","share_float_style":"share-monocrhome","show_share_counter":"1","show_view_counter":"1","show_featured":"1","show_post_meta":"1","show_post_author":"1","show_post_author_image":"1","show_post_date":"1","post_date_format":"default","post_date_format_custom":"Y\/m\/d","show_post_category":"1","show_post_reading_time":"0","post_reading_time_wpm":"300","show_zoom_button":"0","zoom_button_out_step":"2","zoom_button_in_step":"3","show_post_tag":"1","show_prev_next_post":"1","show_popup_post":"1","number_popup_post":"1","show_author_box":"0","show_post_related":"1","show_inline_post_related":"0"}],"override_image_size":"0","image_override":[{"single_post_thumbnail_size":"crop-500","single_post_gallery_size":"crop-500"}],"trending_post":"0","trending_post_position":"meta","trending_post_label":"Trending","sponsored_post":"0","sponsored_post_label":"Sponsored by","sponsored_post_name":"","sponsored_post_url":"","sponsored_post_logo_enable":"0","sponsored_post_logo":"","sponsored_post_desc":"","disable_ad":"0"},"jnews_primary_category":{"id":"","hide":""},"jnews_social_meta":{"fb_title":"","fb_description":"","fb_image":"","twitter_title":"","twitter_description":"","twitter_image":""},"jnews_review":[],"enable_review":"0","type":"percentage","name":"","summary":"","brand":"","sku":"","good":[{"good_text":""}],"bad":[{"bad_text":""}],"score_override":"0","override_value":"","rating":[{"rating_text":"","rating_number":"10"}],"price":[{"shop":"","price":"","link":"","icon":""}],"footnotes":""},"categories":[54],"tags":[],"class_list":["post-122343","post","type-post","status-publish","format-standard","has-post-thumbnail","hentry","category-cotidiano"],"yoast_head":"<!-- This site is optimized with the Yoast SEO plugin v26.5 - https:\/\/yoast.com\/wordpress\/plugins\/seo\/ -->\n<title>Ap\u00f3s morte por doen\u00e7a do pombo em Rio Branco, vereadores debatem sobre a doen\u00e7a - Agazeta.net<\/title>\n<meta name=\"robots\" content=\"index, follow, max-snippet:-1, max-image-preview:large, max-video-preview:-1\" \/>\n<link rel=\"canonical\" href=\"https:\/\/nk7-testes.com.br\/agazeta\/apos-morte-por-doenca-do-pombo-em-rio-branco-vereadores-debatem-sobre-a-doenca\/\" \/>\n<meta property=\"og:locale\" content=\"pt_BR\" \/>\n<meta property=\"og:type\" content=\"article\" \/>\n<meta property=\"og:title\" content=\"Ap\u00f3s morte por doen\u00e7a do pombo em Rio Branco, vereadores debatem sobre a doen\u00e7a\" \/>\n<meta property=\"og:description\" content=\"Sandra Silveira, tinha 49 anos quando faleceu em decorr\u00eancia da doen\u00e7a do pombo\" \/>\n<meta property=\"og:url\" content=\"https:\/\/nk7-testes.com.br\/agazeta\/apos-morte-por-doenca-do-pombo-em-rio-branco-vereadores-debatem-sobre-a-doenca\/\" \/>\n<meta property=\"og:site_name\" content=\"Agazeta.net\" \/>\n<meta property=\"article:published_time\" content=\"2023-11-21T20:12:00+00:00\" \/>\n<meta property=\"og:image\" content=\"https:\/\/nk7-testes.com.br\/agazeta\/wp-content\/uploads\/2023\/11\/Camara-de-vereadores-de-rio-branco-1132x670-1.png\" \/>\n\t<meta property=\"og:image:width\" content=\"800\" \/>\n\t<meta property=\"og:image:height\" content=\"400\" \/>\n\t<meta property=\"og:image:type\" content=\"image\/png\" \/>\n<meta name=\"author\" content=\"Agazeta.Net\" \/>\n<meta name=\"twitter:card\" content=\"summary_large_image\" \/>\n<meta name=\"twitter:title\" content=\"Ap\u00f3s morte por doen\u00e7a do pombo em Rio Branco, vereadores debatem sobre a doen\u00e7a\" \/>\n<meta name=\"twitter:description\" content=\"Sandra Silveira, tinha 49 anos quando faleceu em decorr\u00eancia da doen\u00e7a do pombo\" \/>\n<meta name=\"twitter:image\" content=\"https:\/\/nk7-testes.com.br\/agazeta\/wp-content\/uploads\/2023\/11\/Camara-de-vereadores-de-rio-branco-1132x670-1.png\" \/>\n<meta name=\"twitter:label1\" content=\"Escrito por\" \/>\n\t<meta name=\"twitter:data1\" content=\"Agazeta.Net\" \/>\n\t<meta name=\"twitter:label2\" content=\"Est. tempo de leitura\" \/>\n\t<meta name=\"twitter:data2\" content=\"1 minuto\" \/>\n<script type=\"application\/ld+json\" class=\"yoast-schema-graph\">{\"@context\":\"https:\/\/schema.org\",\"@graph\":[{\"@type\":\"WebPage\",\"@id\":\"https:\/\/nk7-testes.com.br\/agazeta\/apos-morte-por-doenca-do-pombo-em-rio-branco-vereadores-debatem-sobre-a-doenca\/\",\"url\":\"https:\/\/nk7-testes.com.br\/agazeta\/apos-morte-por-doenca-do-pombo-em-rio-branco-vereadores-debatem-sobre-a-doenca\/\",\"name\":\"Ap\u00f3s morte por doen\u00e7a do pombo em Rio Branco, vereadores debatem sobre a doen\u00e7a - Agazeta.net\",\"isPartOf\":{\"@id\":\"https:\/\/nk7-testes.com.br\/agazeta\/#website\"},\"primaryImageOfPage\":{\"@id\":\"https:\/\/nk7-testes.com.br\/agazeta\/apos-morte-por-doenca-do-pombo-em-rio-branco-vereadores-debatem-sobre-a-doenca\/#primaryimage\"},\"image\":{\"@id\":\"https:\/\/nk7-testes.com.br\/agazeta\/apos-morte-por-doenca-do-pombo-em-rio-branco-vereadores-debatem-sobre-a-doenca\/#primaryimage\"},\"thumbnailUrl\":\"https:\/\/nk7-testes.com.br\/agazeta\/wp-content\/uploads\/2023\/11\/Camara-de-vereadores-de-rio-branco-1132x670-1.png\",\"datePublished\":\"2023-11-21T20:12:00+00:00\",\"author\":{\"@id\":\"https:\/\/nk7-testes.com.br\/agazeta\/#\/schema\/person\/ff6b39d54d6973bfc57f4140f659b23f\"},\"breadcrumb\":{\"@id\":\"https:\/\/nk7-testes.com.br\/agazeta\/apos-morte-por-doenca-do-pombo-em-rio-branco-vereadores-debatem-sobre-a-doenca\/#breadcrumb\"},\"inLanguage\":\"pt-BR\",\"potentialAction\":[{\"@type\":\"ReadAction\",\"target\":[\"https:\/\/nk7-testes.com.br\/agazeta\/apos-morte-por-doenca-do-pombo-em-rio-branco-vereadores-debatem-sobre-a-doenca\/\"]}]},{\"@type\":\"ImageObject\",\"inLanguage\":\"pt-BR\",\"@id\":\"https:\/\/nk7-testes.com.br\/agazeta\/apos-morte-por-doenca-do-pombo-em-rio-branco-vereadores-debatem-sobre-a-doenca\/#primaryimage\",\"url\":\"https:\/\/nk7-testes.com.br\/agazeta\/wp-content\/uploads\/2023\/11\/Camara-de-vereadores-de-rio-branco-1132x670-1.png\",\"contentUrl\":\"https:\/\/nk7-testes.com.br\/agazeta\/wp-content\/uploads\/2023\/11\/Camara-de-vereadores-de-rio-branco-1132x670-1.png\",\"width\":800,\"height\":400},{\"@type\":\"BreadcrumbList\",\"@id\":\"https:\/\/nk7-testes.com.br\/agazeta\/apos-morte-por-doenca-do-pombo-em-rio-branco-vereadores-debatem-sobre-a-doenca\/#breadcrumb\",\"itemListElement\":[{\"@type\":\"ListItem\",\"position\":1,\"name\":\"In\u00edcio\",\"item\":\"https:\/\/nk7-testes.com.br\/agazeta\/\"},{\"@type\":\"ListItem\",\"position\":2,\"name\":\"Ap\u00f3s morte por doen\u00e7a do pombo em Rio Branco, vereadores debatem sobre a doen\u00e7a\"}]},{\"@type\":\"WebSite\",\"@id\":\"https:\/\/nk7-testes.com.br\/agazeta\/#website\",\"url\":\"https:\/\/nk7-testes.com.br\/agazeta\/\",\"name\":\"Agazeta.net\",\"description\":\"Agazeta.net - Not\u00edcias de Rio Branco\/AC\",\"potentialAction\":[{\"@type\":\"SearchAction\",\"target\":{\"@type\":\"EntryPoint\",\"urlTemplate\":\"https:\/\/nk7-testes.com.br\/agazeta\/?s={search_term_string}\"},\"query-input\":{\"@type\":\"PropertyValueSpecification\",\"valueRequired\":true,\"valueName\":\"search_term_string\"}}],\"inLanguage\":\"pt-BR\"},{\"@type\":\"Person\",\"@id\":\"https:\/\/nk7-testes.com.br\/agazeta\/#\/schema\/person\/ff6b39d54d6973bfc57f4140f659b23f\",\"name\":\"Agazeta.Net\",\"url\":\"https:\/\/nk7-testes.com.br\/agazeta\/author\/agazeta\/\"}]}<\/script>\n<!-- \/ Yoast SEO plugin. -->","yoast_head_json":{"title":"Ap\u00f3s morte por doen\u00e7a do pombo em Rio Branco, vereadores debatem sobre a doen\u00e7a - Agazeta.net","robots":{"index":"index","follow":"follow","max-snippet":"max-snippet:-1","max-image-preview":"max-image-preview:large","max-video-preview":"max-video-preview:-1"},"canonical":"https:\/\/nk7-testes.com.br\/agazeta\/apos-morte-por-doenca-do-pombo-em-rio-branco-vereadores-debatem-sobre-a-doenca\/","og_locale":"pt_BR","og_type":"article","og_title":"Ap\u00f3s morte por doen\u00e7a do pombo em Rio Branco, vereadores debatem sobre a doen\u00e7a","og_description":"Sandra Silveira, tinha 49 anos quando faleceu em decorr\u00eancia da doen\u00e7a do pombo","og_url":"https:\/\/nk7-testes.com.br\/agazeta\/apos-morte-por-doenca-do-pombo-em-rio-branco-vereadores-debatem-sobre-a-doenca\/","og_site_name":"Agazeta.net","article_published_time":"2023-11-21T20:12:00+00:00","og_image":[{"width":800,"height":400,"url":"https:\/\/nk7-testes.com.br\/agazeta\/wp-content\/uploads\/2023\/11\/Camara-de-vereadores-de-rio-branco-1132x670-1.png","type":"image\/png"}],"author":"Agazeta.Net","twitter_card":"summary_large_image","twitter_title":"Ap\u00f3s morte por doen\u00e7a do pombo em Rio Branco, vereadores debatem sobre a doen\u00e7a","twitter_description":"Sandra Silveira, tinha 49 anos quando faleceu em decorr\u00eancia da doen\u00e7a do pombo","twitter_image":"https:\/\/nk7-testes.com.br\/agazeta\/wp-content\/uploads\/2023\/11\/Camara-de-vereadores-de-rio-branco-1132x670-1.png","twitter_misc":{"Escrito por":"Agazeta.Net","Est. tempo de leitura":"1 minuto"},"schema":{"@context":"https:\/\/schema.org","@graph":[{"@type":"WebPage","@id":"https:\/\/nk7-testes.com.br\/agazeta\/apos-morte-por-doenca-do-pombo-em-rio-branco-vereadores-debatem-sobre-a-doenca\/","url":"https:\/\/nk7-testes.com.br\/agazeta\/apos-morte-por-doenca-do-pombo-em-rio-branco-vereadores-debatem-sobre-a-doenca\/","name":"Ap\u00f3s morte por doen\u00e7a do pombo em Rio Branco, vereadores debatem sobre a doen\u00e7a - Agazeta.net","isPartOf":{"@id":"https:\/\/nk7-testes.com.br\/agazeta\/#website"},"primaryImageOfPage":{"@id":"https:\/\/nk7-testes.com.br\/agazeta\/apos-morte-por-doenca-do-pombo-em-rio-branco-vereadores-debatem-sobre-a-doenca\/#primaryimage"},"image":{"@id":"https:\/\/nk7-testes.com.br\/agazeta\/apos-morte-por-doenca-do-pombo-em-rio-branco-vereadores-debatem-sobre-a-doenca\/#primaryimage"},"thumbnailUrl":"https:\/\/nk7-testes.com.br\/agazeta\/wp-content\/uploads\/2023\/11\/Camara-de-vereadores-de-rio-branco-1132x670-1.png","datePublished":"2023-11-21T20:12:00+00:00","author":{"@id":"https:\/\/nk7-testes.com.br\/agazeta\/#\/schema\/person\/ff6b39d54d6973bfc57f4140f659b23f"},"breadcrumb":{"@id":"https:\/\/nk7-testes.com.br\/agazeta\/apos-morte-por-doenca-do-pombo-em-rio-branco-vereadores-debatem-sobre-a-doenca\/#breadcrumb"},"inLanguage":"pt-BR","potentialAction":[{"@type":"ReadAction","target":["https:\/\/nk7-testes.com.br\/agazeta\/apos-morte-por-doenca-do-pombo-em-rio-branco-vereadores-debatem-sobre-a-doenca\/"]}]},{"@type":"ImageObject","inLanguage":"pt-BR","@id":"https:\/\/nk7-testes.com.br\/agazeta\/apos-morte-por-doenca-do-pombo-em-rio-branco-vereadores-debatem-sobre-a-doenca\/#primaryimage","url":"https:\/\/nk7-testes.com.br\/agazeta\/wp-content\/uploads\/2023\/11\/Camara-de-vereadores-de-rio-branco-1132x670-1.png","contentUrl":"https:\/\/nk7-testes.com.br\/agazeta\/wp-content\/uploads\/2023\/11\/Camara-de-vereadores-de-rio-branco-1132x670-1.png","width":800,"height":400},{"@type":"BreadcrumbList","@id":"https:\/\/nk7-testes.com.br\/agazeta\/apos-morte-por-doenca-do-pombo-em-rio-branco-vereadores-debatem-sobre-a-doenca\/#breadcrumb","itemListElement":[{"@type":"ListItem","position":1,"name":"In\u00edcio","item":"https:\/\/nk7-testes.com.br\/agazeta\/"},{"@type":"ListItem","position":2,"name":"Ap\u00f3s morte por doen\u00e7a do pombo em Rio Branco, vereadores debatem sobre a doen\u00e7a"}]},{"@type":"WebSite","@id":"https:\/\/nk7-testes.com.br\/agazeta\/#website","url":"https:\/\/nk7-testes.com.br\/agazeta\/","name":"Agazeta.net","description":"Agazeta.net - Not\u00edcias de Rio Branco\/AC","potentialAction":[{"@type":"SearchAction","target":{"@type":"EntryPoint","urlTemplate":"https:\/\/nk7-testes.com.br\/agazeta\/?s={search_term_string}"},"query-input":{"@type":"PropertyValueSpecification","valueRequired":true,"valueName":"search_term_string"}}],"inLanguage":"pt-BR"},{"@type":"Person","@id":"https:\/\/nk7-testes.com.br\/agazeta\/#\/schema\/person\/ff6b39d54d6973bfc57f4140f659b23f","name":"Agazeta.Net","url":"https:\/\/nk7-testes.com.br\/agazeta\/author\/agazeta\/"}]}},"_links":{"self":[{"href":"https:\/\/nk7-testes.com.br\/agazeta\/wp-json\/wp\/v2\/posts\/122343","targetHints":{"allow":["GET"]}}],"collection":[{"href":"https:\/\/nk7-testes.com.br\/agazeta\/wp-json\/wp\/v2\/posts"}],"about":[{"href":"https:\/\/nk7-testes.com.br\/agazeta\/wp-json\/wp\/v2\/types\/post"}],"author":[{"embeddable":true,"href":"https:\/\/nk7-testes.com.br\/agazeta\/wp-json\/wp\/v2\/users\/4"}],"replies":[{"embeddable":true,"href":"https:\/\/nk7-testes.com.br\/agazeta\/wp-json\/wp\/v2\/comments?post=122343"}],"version-history":[{"count":0,"href":"https:\/\/nk7-testes.com.br\/agazeta\/wp-json\/wp\/v2\/posts\/122343\/revisions"}],"wp:featuredmedia":[{"embeddable":true,"href":"https:\/\/nk7-testes.com.br\/agazeta\/wp-json\/wp\/v2\/media\/122345"}],"wp:attachment":[{"href":"https:\/\/nk7-testes.com.br\/agazeta\/wp-json\/wp\/v2\/media?parent=122343"}],"wp:term":[{"taxonomy":"category","embeddable":true,"href":"https:\/\/nk7-testes.com.br\/agazeta\/wp-json\/wp\/v2\/categories?post=122343"},{"taxonomy":"post_tag","embeddable":true,"href":"https:\/\/nk7-testes.com.br\/agazeta\/wp-json\/wp\/v2\/tags?post=122343"}],"curies":[{"name":"wp","href":"https:\/\/api.w.org\/{rel}","templated":true}]}}