{"id":122337,"date":"2023-11-21T13:40:11","date_gmt":"2023-11-21T18:40:11","guid":{"rendered":"https:\/\/abarevegan.com.br\/?p=122337"},"modified":"2023-11-21T13:40:11","modified_gmt":"2023-11-21T18:40:11","slug":"direito-do-consumidor-confira-orientacoes-do-procon-do-acre-durante-periodo-da-black-friday","status":"publish","type":"post","link":"https:\/\/nk7-testes.com.br\/agazeta\/direito-do-consumidor-confira-orientacoes-do-procon-do-acre-durante-periodo-da-black-friday\/","title":{"rendered":"Direito do Consumidor: confira orienta\u00e7\u00f5es do Procon do Acre durante per\u00edodo da &#8220;Black Friday&#8221;"},"content":{"rendered":"<p>Por <strong>Inayme Lobo<\/strong> para o site <strong>Agazeta.net<\/strong><\/p>\n<p style=\"text-align: justify;\">Em entrevista dada ao site Agazeta.net na \u00faltima sexta-feira (17), a diretora administrativa e financeira do Procon do Acre, Camila Lima, fala sobre a &#8220;Black Friday&#8221; 2023 e aborda o direito dos consumidores durante esse dia de promo\u00e7\u00f5es. Al\u00e9m disso, ela orienta as pessoas em rela\u00e7\u00e3o aos golpes e fraudes que podem ocorrer neste per\u00edodo.<\/p>\n<p style=\"text-align: justify;\">O m\u00eas de novembro \u00e9 muito esperado no Brasil desde que os comerciantes aderiram \u00e0 Black Friday. Por\u00e9m, devido as falsas promo\u00e7\u00f5es, a a\u00e7\u00e3o n\u00e3o conquistou completamente a confian\u00e7a dos brasileiros, algo que fez o formato n\u00e3o ser levado a s\u00e9rio em muitos locais. As pessoas at\u00e9 chamam a data de &#8220;Black Fraude&#8221;.<\/p>\n<p style=\"text-align: justify;\">Durante a entrevista com a diretora do Procon, foi pontuado golpes que s\u00e3o utilizados no per\u00edodo promocional, assim como as medidas que devem ser tomadas para preven\u00e7\u00e3o. Segundo ela, em todo o m\u00eas de novembro a equipe do Procon fica direcionada para evitar que os consumidores sejam v\u00edtimas de valores fraudulentos.<\/p>\n<p style=\"text-align: justify;\">Explica, tamb\u00e9m, que \u00e9 importante estar atento aos mecanismos de seguran\u00e7a, como a imagem de um cadeado que est\u00e1 localizado na \u00e1rea do endere\u00e7o do site; ele indica que a p\u00e1gina \u00e9 mais segura e preserva com mais efici\u00eancia o sigilo dos dados transmitidos. Buscar as recomenda\u00e7\u00f5es dos sites de compra e o hist\u00f3rico de reclama\u00e7\u00f5es de outros clientes tamb\u00e9m s\u00e3o pe\u00e7as importantes.<\/p>\n<p style=\"text-align: justify;\">\u201cA princ\u00edpio, de lavada, temos a promo\u00e7\u00e3o falsa, o fornecedor aumenta o produto para, no dia da promo\u00e7\u00e3o, voltar ao valor real, como se fosse uma promo\u00e7\u00e3o. Ainda temos os falsos sites de venda e links utilizados para roubar os dados dos clientes. CPF \u00e9 algo pessoal, n\u00e3o deve ser dado em qualquer lugar\u201d, afirma Camila Lima.<\/p>\n<p style=\"text-align: justify;\">Em seguida, explicou que as den\u00fancias podem ser feitas pelo canal 151, para ser encaminhado a equipe de fiscaliza\u00e7\u00e3o para que as penalidades adequadas sejam aplicadas. A equipe estar\u00e1 fiscalizando os locais de venda durante o per\u00edodo de promo\u00e7\u00e3o.<\/p>\n<p>Assista \u00e0 entrevista completa:<\/p>\n\t\t\t<div \n\t\t\tclass=\"yotu-playlist yotuwp yotu-limit-min yotu-limit-max   yotu-thumb-169  yotu-template-grid\" \n\t\t\tdata-page=\"1\"\n\t\t\tid=\"yotuwp-69f4e16e56f38\"\n\t\t\tdata-yotu=\"69f4e16e8951f\"\n\t\t\tdata-total=\"1\"\n\t\t\tdata-settings=\"eyJ0eXBlIjoidmlkZW9zIiwiaWQiOiJWdnpZNlp1QXAwSSIsInBhZ2luYXRpb24iOiJvbiIsInBhZ2l0eXBlIjoicGFnZXIiLCJjb2x1bW4iOiIzIiwicGVyX3BhZ2UiOiIxMiIsInRlbXBsYXRlIjoiZ3JpZCIsInRpdGxlIjoib24iLCJkZXNjcmlwdGlvbiI6Im9uIiwidGh1bWJyYXRpbyI6IjE2OSIsIm1ldGEiOiJvZmYiLCJtZXRhX2RhdGEiOiJvZmYiLCJtZXRhX3Bvc2l0aW9uIjoib2ZmIiwiZGF0ZV9mb3JtYXQiOiJvZmYiLCJtZXRhX2FsaWduIjoib2ZmIiwic3Vic2NyaWJlIjoib2ZmIiwiZHVyYXRpb24iOiJvZmYiLCJtZXRhX2ljb24iOiJvZmYiLCJuZXh0dGV4dCI6IiIsInByZXZ0ZXh0IjoiIiwibG9hZG1vcmV0ZXh0IjoiIiwicGxheWVyIjp7Im1vZGUiOiJsYXJnZSIsIndpZHRoIjoiNjAwIiwic2Nyb2xsaW5nIjoiMTAwIiwiYXV0b3BsYXkiOjAsImNvbnRyb2xzIjoxLCJtb2Rlc3RicmFuZGluZyI6MSwibG9vcCI6MCwiYXV0b25leHQiOjAsInNob3dpbmZvIjoxLCJyZWwiOjEsInBsYXlpbmciOjAsInBsYXlpbmdfZGVzY3JpcHRpb24iOjAsInRodW1ibmFpbHMiOjAsImNjX2xvYWRfcG9saWN5IjoiMSIsImNjX2xhbmdfcHJlZiI6IjEiLCJobCI6IiIsIml2X2xvYWRfcG9saWN5IjoiMSJ9LCJsYXN0X3RhYiI6ImFwaSIsInVzZV9hc19tb2RhbCI6Im9mZiIsIm1vZGFsX2lkIjoib2ZmIiwibGFzdF91cGRhdGUiOiIxNzI4ODU0NTEyIiwic3R5bGluZyI6eyJwYWdlcl9sYXlvdXQiOiJkZWZhdWx0IiwiYnV0dG9uIjoiMSIsImJ1dHRvbl9jb2xvciI6IiIsImJ1dHRvbl9iZ19jb2xvciI6IiIsImJ1dHRvbl9jb2xvcl9ob3ZlciI6IiIsImJ1dHRvbl9iZ19jb2xvcl9ob3ZlciI6IiIsInZpZGVvX3N0eWxlIjoiIiwicGxheWljb25fY29sb3IiOiIiLCJob3Zlcl9pY29uIjoiIiwiZ2FsbGVyeV9iZyI6IiJ9LCJlZmZlY3RzIjp7InZpZGVvX2JveCI6IiIsImZsaXBfZWZmZWN0IjoiIn0sImdhbGxlcnlfaWQiOiI2OWY0ZTE2ZTU2ZjM4In0=\"\n\t\t\tdata-player=\"large\"\n\t\t\tdata-showdesc=\"on\" >\n\t\t\t\t<div>\n\t\t\t\t\t\t\t\t\t\t<div class=\"yotu-wrapper-player\" style=\"width:600px\">\n\t\t\t\t\t\t\t\t\t\t\t\t<div class=\"yotu-player\">\n\t\t\t\t\t\t\t<div class=\"yotu-video-placeholder\" id=\"yotu-player-69f4e16e8951f\"><\/div>\n\t\t\t\t\t\t<\/div>\n\t\t\t\t\t\t<div class=\"yotu-playing-status\"><\/div>\n\t\t\t\t\t\t\t\t\t\t\t<\/div>\n\n\t\t\t\t\t<div class=\"yotu-pagination yotu-hide yotu-pager_layout-default yotu-pagination-top\">\n<a href=\"#\" class=\"yotu-pagination-prev yotu-button-prs yotu-button-prs-1\" data-page=\"prev\">Prev<\/a>\n<span class=\"yotu-pagination-current\">1<\/span> <span>of<\/span> <span class=\"yotu-pagination-total\">1<\/span>\n<a href=\"#\" class=\"yotu-pagination-next yotu-button-prs yotu-button-prs-1\" data-page=\"next\">Next<\/a>\n<\/div>\n<div class=\"yotu-videos yotu-mode-grid yotu-column-3 yotu-player-mode-large\">\n\t<ul>\n\t\t\t\t\t<li class=\" yotu-first yotu-last\">\n\t\t\t\t\t\t\t\t<a href=\"#VvzY6ZuAp0I\" class=\"yotu-video\" data-videoid=\"VvzY6ZuAp0I\" data-title=\"Black Friday 2023: veja dicas do Procon Acre de como n\u00e3o cair em golpes\" title=\"Black Friday 2023: veja dicas do Procon Acre de como n\u00e3o cair em golpes\">\n\t\t\t\t\t<div class=\"yotu-video-thumb-wrp\">\n\t\t\t\t\t\t<div>\n\t\t\t\t\t\t\t\t\t\t\t\t\t\t<img decoding=\"async\" class=\"yotu-video-thumb\" src=\"https:\/\/i.ytimg.com\/vi\/VvzY6ZuAp0I\/sddefault.jpg\" alt=\"Black Friday 2023: veja dicas do Procon Acre de como n\u00e3o cair em golpes\">\t\n\t\t\t\t\t\t\t\t\t\t\t\t\t<\/div>\n\t\t\t\t\t<\/div>\n\t\t\t\t\t\t\t\t\t\t\t<h3 class=\"yotu-video-title\">Black Friday 2023: veja dicas do Procon Acre de como n\u00e3o cair em golpes<\/h3>\n\t\t\t\t\t\t\t\t\t\t\t\t\t\t\t\t\t\t\t\t\t<div class=\"yotu-video-description\"><\/div>\n\t\t\t\t\t\t\t\t\t<\/a>\n\t\t\t\t\t\t\t<\/li>\n\t\t\t\t\n\t\t\t\t<\/ul>\n<\/div><div class=\"yotu-pagination yotu-hide yotu-pager_layout-default yotu-pagination-bottom\">\n<a href=\"#\" class=\"yotu-pagination-prev yotu-button-prs yotu-button-prs-1\" data-page=\"prev\">Prev<\/a>\n<span class=\"yotu-pagination-current\">1<\/span> <span>of<\/span> <span class=\"yotu-pagination-total\">1<\/span>\n<a href=\"#\" class=\"yotu-pagination-next yotu-button-prs yotu-button-prs-1\" data-page=\"next\">Next<\/a>\n<\/div>\n\t\t\t\t<\/div>\n\t\t\t<\/div>\n\t\t\t\n<p><em>Estagi\u00e1ria supervisionada por Gisele Almeida<\/em><\/p>\n","protected":false},"excerpt":{"rendered":"<p>Por Inayme Lobo para o site Agazeta.net Em entrevista dada ao site Agazeta.net na \u00faltima sexta-feira (17), a diretora administrativa e financeira do Procon do Acre, Camila Lima, fala sobre a &#8220;Black Friday&#8221; 2023 e aborda o direito dos consumidores durante esse dia de promo\u00e7\u00f5es. Al\u00e9m disso, ela orienta as pessoas em rela\u00e7\u00e3o aos golpes [&hellip;]<\/p>\n","protected":false},"author":4,"featured_media":122338,"comment_status":"open","ping_status":"open","sticky":false,"template":"","format":"standard","meta":{"jnews-multi-image_gallery":[],"jnews_single_post":{"source_name":"","source_url":"","via_name":"","via_url":"","override_template":"0","override":[{"template":"custom","single_blog_custom":"110746","parallax":"1","fullscreen":"1","layout":"right-sidebar","sidebar":"default-sidebar","second_sidebar":"default-sidebar","sticky_sidebar":"1","share_position":"top","share_float_style":"share-monocrhome","show_share_counter":"1","show_view_counter":"1","show_featured":"1","show_post_meta":"1","show_post_author":"1","show_post_author_image":"1","show_post_date":"1","post_date_format":"default","post_date_format_custom":"Y\/m\/d","show_post_category":"1","show_post_reading_time":"0","post_reading_time_wpm":"300","show_zoom_button":"0","zoom_button_out_step":"2","zoom_button_in_step":"3","show_post_tag":"1","show_prev_next_post":"1","show_popup_post":"1","number_popup_post":"1","show_author_box":"0","show_post_related":"1","show_inline_post_related":"0"}],"override_image_size":"0","image_override":[{"single_post_thumbnail_size":"crop-500","single_post_gallery_size":"crop-500"}],"trending_post":"0","trending_post_position":"meta","trending_post_label":"Trending","sponsored_post":"0","sponsored_post_label":"Sponsored by","sponsored_post_name":"","sponsored_post_url":"","sponsored_post_logo_enable":"0","sponsored_post_logo":"","sponsored_post_desc":"","disable_ad":"0"},"jnews_primary_category":{"id":"","hide":""},"jnews_social_meta":{"fb_title":"","fb_description":"","fb_image":"","twitter_title":"","twitter_description":"","twitter_image":""},"jnews_review":[],"enable_review":"0","type":"percentage","name":"","summary":"","brand":"","sku":"","good":[{"good_text":""}],"bad":[{"bad_text":""}],"score_override":"0","override_value":"","rating":[{"rating_text":"","rating_number":"10"}],"price":[{"shop":"","price":"","link":"","icon":""}],"footnotes":""},"categories":[54],"tags":[],"class_list":["post-122337","post","type-post","status-publish","format-standard","has-post-thumbnail","hentry","category-cotidiano"],"yoast_head":"<!-- This site is optimized with the Yoast SEO plugin v26.5 - https:\/\/yoast.com\/wordpress\/plugins\/seo\/ -->\n<title>Direito do Consumidor: confira orienta\u00e7\u00f5es do Procon do Acre durante per\u00edodo da &quot;Black Friday&quot; - Agazeta.net<\/title>\n<meta name=\"robots\" content=\"index, follow, max-snippet:-1, max-image-preview:large, max-video-preview:-1\" \/>\n<link rel=\"canonical\" href=\"https:\/\/nk7-testes.com.br\/agazeta\/direito-do-consumidor-confira-orientacoes-do-procon-do-acre-durante-periodo-da-black-friday\/\" \/>\n<meta property=\"og:locale\" content=\"pt_BR\" \/>\n<meta property=\"og:type\" content=\"article\" \/>\n<meta property=\"og:title\" content=\"Direito do Consumidor: confira orienta\u00e7\u00f5es do Procon do Acre durante per\u00edodo da &quot;Black Friday&quot;\" \/>\n<meta property=\"og:description\" content=\"Durante a entrevista com a diretora do Procon, foi pontuado golpes que s\u00e3o utilizados no per\u00edodo promocional\" \/>\n<meta property=\"og:url\" content=\"https:\/\/nk7-testes.com.br\/agazeta\/direito-do-consumidor-confira-orientacoes-do-procon-do-acre-durante-periodo-da-black-friday\/\" \/>\n<meta property=\"og:site_name\" content=\"Agazeta.net\" \/>\n<meta property=\"article:published_time\" content=\"2023-11-21T18:40:11+00:00\" \/>\n<meta property=\"og:image\" content=\"https:\/\/nk7-testes.com.br\/agazeta\/wp-content\/uploads\/2023\/11\/WhatsApp-Image-2023-05-08-at-11.14.57-1024x683-1.jpeg\" \/>\n\t<meta property=\"og:image:width\" content=\"800\" \/>\n\t<meta property=\"og:image:height\" content=\"402\" \/>\n\t<meta property=\"og:image:type\" content=\"image\/jpeg\" \/>\n<meta name=\"author\" content=\"Agazeta.Net\" \/>\n<meta name=\"twitter:card\" content=\"summary_large_image\" \/>\n<meta name=\"twitter:title\" content=\"Direito do Consumidor: confira orienta\u00e7\u00f5es do Procon do Acre durante per\u00edodo da &quot;Black Friday&quot;\" \/>\n<meta name=\"twitter:description\" content=\"Durante a entrevista com a diretora do Procon, foi pontuado golpes que s\u00e3o utilizados no per\u00edodo promocional\" \/>\n<meta name=\"twitter:image\" content=\"https:\/\/nk7-testes.com.br\/agazeta\/wp-content\/uploads\/2023\/11\/WhatsApp-Image-2023-05-08-at-11.14.57-1024x683-1.jpeg\" \/>\n<meta name=\"twitter:label1\" content=\"Escrito por\" \/>\n\t<meta name=\"twitter:data1\" content=\"Agazeta.Net\" \/>\n\t<meta name=\"twitter:label2\" content=\"Est. tempo de leitura\" \/>\n\t<meta name=\"twitter:data2\" content=\"2 minutos\" \/>\n<script type=\"application\/ld+json\" class=\"yoast-schema-graph\">{\"@context\":\"https:\/\/schema.org\",\"@graph\":[{\"@type\":\"WebPage\",\"@id\":\"https:\/\/nk7-testes.com.br\/agazeta\/direito-do-consumidor-confira-orientacoes-do-procon-do-acre-durante-periodo-da-black-friday\/\",\"url\":\"https:\/\/nk7-testes.com.br\/agazeta\/direito-do-consumidor-confira-orientacoes-do-procon-do-acre-durante-periodo-da-black-friday\/\",\"name\":\"Direito do Consumidor: confira orienta\u00e7\u00f5es do Procon do Acre durante per\u00edodo da \\\"Black Friday\\\" - Agazeta.net\",\"isPartOf\":{\"@id\":\"https:\/\/nk7-testes.com.br\/agazeta\/#website\"},\"primaryImageOfPage\":{\"@id\":\"https:\/\/nk7-testes.com.br\/agazeta\/direito-do-consumidor-confira-orientacoes-do-procon-do-acre-durante-periodo-da-black-friday\/#primaryimage\"},\"image\":{\"@id\":\"https:\/\/nk7-testes.com.br\/agazeta\/direito-do-consumidor-confira-orientacoes-do-procon-do-acre-durante-periodo-da-black-friday\/#primaryimage\"},\"thumbnailUrl\":\"https:\/\/nk7-testes.com.br\/agazeta\/wp-content\/uploads\/2023\/11\/WhatsApp-Image-2023-05-08-at-11.14.57-1024x683-1.jpeg\",\"datePublished\":\"2023-11-21T18:40:11+00:00\",\"author\":{\"@id\":\"https:\/\/nk7-testes.com.br\/agazeta\/#\/schema\/person\/ff6b39d54d6973bfc57f4140f659b23f\"},\"breadcrumb\":{\"@id\":\"https:\/\/nk7-testes.com.br\/agazeta\/direito-do-consumidor-confira-orientacoes-do-procon-do-acre-durante-periodo-da-black-friday\/#breadcrumb\"},\"inLanguage\":\"pt-BR\",\"potentialAction\":[{\"@type\":\"ReadAction\",\"target\":[\"https:\/\/nk7-testes.com.br\/agazeta\/direito-do-consumidor-confira-orientacoes-do-procon-do-acre-durante-periodo-da-black-friday\/\"]}]},{\"@type\":\"ImageObject\",\"inLanguage\":\"pt-BR\",\"@id\":\"https:\/\/nk7-testes.com.br\/agazeta\/direito-do-consumidor-confira-orientacoes-do-procon-do-acre-durante-periodo-da-black-friday\/#primaryimage\",\"url\":\"https:\/\/nk7-testes.com.br\/agazeta\/wp-content\/uploads\/2023\/11\/WhatsApp-Image-2023-05-08-at-11.14.57-1024x683-1.jpeg\",\"contentUrl\":\"https:\/\/nk7-testes.com.br\/agazeta\/wp-content\/uploads\/2023\/11\/WhatsApp-Image-2023-05-08-at-11.14.57-1024x683-1.jpeg\",\"width\":800,\"height\":402,\"caption\":\"Foto: Let\u00edcia Machado\/ Procon\"},{\"@type\":\"BreadcrumbList\",\"@id\":\"https:\/\/nk7-testes.com.br\/agazeta\/direito-do-consumidor-confira-orientacoes-do-procon-do-acre-durante-periodo-da-black-friday\/#breadcrumb\",\"itemListElement\":[{\"@type\":\"ListItem\",\"position\":1,\"name\":\"In\u00edcio\",\"item\":\"https:\/\/nk7-testes.com.br\/agazeta\/\"},{\"@type\":\"ListItem\",\"position\":2,\"name\":\"Direito do Consumidor: confira orienta\u00e7\u00f5es do Procon do Acre durante per\u00edodo da &#8220;Black Friday&#8221;\"}]},{\"@type\":\"WebSite\",\"@id\":\"https:\/\/nk7-testes.com.br\/agazeta\/#website\",\"url\":\"https:\/\/nk7-testes.com.br\/agazeta\/\",\"name\":\"Agazeta.net\",\"description\":\"Agazeta.net - Not\u00edcias de Rio Branco\/AC\",\"potentialAction\":[{\"@type\":\"SearchAction\",\"target\":{\"@type\":\"EntryPoint\",\"urlTemplate\":\"https:\/\/nk7-testes.com.br\/agazeta\/?s={search_term_string}\"},\"query-input\":{\"@type\":\"PropertyValueSpecification\",\"valueRequired\":true,\"valueName\":\"search_term_string\"}}],\"inLanguage\":\"pt-BR\"},{\"@type\":\"Person\",\"@id\":\"https:\/\/nk7-testes.com.br\/agazeta\/#\/schema\/person\/ff6b39d54d6973bfc57f4140f659b23f\",\"name\":\"Agazeta.Net\",\"url\":\"https:\/\/nk7-testes.com.br\/agazeta\/author\/agazeta\/\"}]}<\/script>\n<!-- \/ Yoast SEO plugin. -->","yoast_head_json":{"title":"Direito do Consumidor: confira orienta\u00e7\u00f5es do Procon do Acre durante per\u00edodo da \"Black Friday\" - Agazeta.net","robots":{"index":"index","follow":"follow","max-snippet":"max-snippet:-1","max-image-preview":"max-image-preview:large","max-video-preview":"max-video-preview:-1"},"canonical":"https:\/\/nk7-testes.com.br\/agazeta\/direito-do-consumidor-confira-orientacoes-do-procon-do-acre-durante-periodo-da-black-friday\/","og_locale":"pt_BR","og_type":"article","og_title":"Direito do Consumidor: confira orienta\u00e7\u00f5es do Procon do Acre durante per\u00edodo da \"Black Friday\"","og_description":"Durante a entrevista com a diretora do Procon, foi pontuado golpes que s\u00e3o utilizados no per\u00edodo promocional","og_url":"https:\/\/nk7-testes.com.br\/agazeta\/direito-do-consumidor-confira-orientacoes-do-procon-do-acre-durante-periodo-da-black-friday\/","og_site_name":"Agazeta.net","article_published_time":"2023-11-21T18:40:11+00:00","og_image":[{"width":800,"height":402,"url":"https:\/\/nk7-testes.com.br\/agazeta\/wp-content\/uploads\/2023\/11\/WhatsApp-Image-2023-05-08-at-11.14.57-1024x683-1.jpeg","type":"image\/jpeg"}],"author":"Agazeta.Net","twitter_card":"summary_large_image","twitter_title":"Direito do Consumidor: confira orienta\u00e7\u00f5es do Procon do Acre durante per\u00edodo da \"Black Friday\"","twitter_description":"Durante a entrevista com a diretora do Procon, foi pontuado golpes que s\u00e3o utilizados no per\u00edodo promocional","twitter_image":"https:\/\/nk7-testes.com.br\/agazeta\/wp-content\/uploads\/2023\/11\/WhatsApp-Image-2023-05-08-at-11.14.57-1024x683-1.jpeg","twitter_misc":{"Escrito por":"Agazeta.Net","Est. tempo de leitura":"2 minutos"},"schema":{"@context":"https:\/\/schema.org","@graph":[{"@type":"WebPage","@id":"https:\/\/nk7-testes.com.br\/agazeta\/direito-do-consumidor-confira-orientacoes-do-procon-do-acre-durante-periodo-da-black-friday\/","url":"https:\/\/nk7-testes.com.br\/agazeta\/direito-do-consumidor-confira-orientacoes-do-procon-do-acre-durante-periodo-da-black-friday\/","name":"Direito do Consumidor: confira orienta\u00e7\u00f5es do Procon do Acre durante per\u00edodo da \"Black Friday\" - Agazeta.net","isPartOf":{"@id":"https:\/\/nk7-testes.com.br\/agazeta\/#website"},"primaryImageOfPage":{"@id":"https:\/\/nk7-testes.com.br\/agazeta\/direito-do-consumidor-confira-orientacoes-do-procon-do-acre-durante-periodo-da-black-friday\/#primaryimage"},"image":{"@id":"https:\/\/nk7-testes.com.br\/agazeta\/direito-do-consumidor-confira-orientacoes-do-procon-do-acre-durante-periodo-da-black-friday\/#primaryimage"},"thumbnailUrl":"https:\/\/nk7-testes.com.br\/agazeta\/wp-content\/uploads\/2023\/11\/WhatsApp-Image-2023-05-08-at-11.14.57-1024x683-1.jpeg","datePublished":"2023-11-21T18:40:11+00:00","author":{"@id":"https:\/\/nk7-testes.com.br\/agazeta\/#\/schema\/person\/ff6b39d54d6973bfc57f4140f659b23f"},"breadcrumb":{"@id":"https:\/\/nk7-testes.com.br\/agazeta\/direito-do-consumidor-confira-orientacoes-do-procon-do-acre-durante-periodo-da-black-friday\/#breadcrumb"},"inLanguage":"pt-BR","potentialAction":[{"@type":"ReadAction","target":["https:\/\/nk7-testes.com.br\/agazeta\/direito-do-consumidor-confira-orientacoes-do-procon-do-acre-durante-periodo-da-black-friday\/"]}]},{"@type":"ImageObject","inLanguage":"pt-BR","@id":"https:\/\/nk7-testes.com.br\/agazeta\/direito-do-consumidor-confira-orientacoes-do-procon-do-acre-durante-periodo-da-black-friday\/#primaryimage","url":"https:\/\/nk7-testes.com.br\/agazeta\/wp-content\/uploads\/2023\/11\/WhatsApp-Image-2023-05-08-at-11.14.57-1024x683-1.jpeg","contentUrl":"https:\/\/nk7-testes.com.br\/agazeta\/wp-content\/uploads\/2023\/11\/WhatsApp-Image-2023-05-08-at-11.14.57-1024x683-1.jpeg","width":800,"height":402,"caption":"Foto: Let\u00edcia Machado\/ Procon"},{"@type":"BreadcrumbList","@id":"https:\/\/nk7-testes.com.br\/agazeta\/direito-do-consumidor-confira-orientacoes-do-procon-do-acre-durante-periodo-da-black-friday\/#breadcrumb","itemListElement":[{"@type":"ListItem","position":1,"name":"In\u00edcio","item":"https:\/\/nk7-testes.com.br\/agazeta\/"},{"@type":"ListItem","position":2,"name":"Direito do Consumidor: confira orienta\u00e7\u00f5es do Procon do Acre durante per\u00edodo da &#8220;Black Friday&#8221;"}]},{"@type":"WebSite","@id":"https:\/\/nk7-testes.com.br\/agazeta\/#website","url":"https:\/\/nk7-testes.com.br\/agazeta\/","name":"Agazeta.net","description":"Agazeta.net - Not\u00edcias de Rio Branco\/AC","potentialAction":[{"@type":"SearchAction","target":{"@type":"EntryPoint","urlTemplate":"https:\/\/nk7-testes.com.br\/agazeta\/?s={search_term_string}"},"query-input":{"@type":"PropertyValueSpecification","valueRequired":true,"valueName":"search_term_string"}}],"inLanguage":"pt-BR"},{"@type":"Person","@id":"https:\/\/nk7-testes.com.br\/agazeta\/#\/schema\/person\/ff6b39d54d6973bfc57f4140f659b23f","name":"Agazeta.Net","url":"https:\/\/nk7-testes.com.br\/agazeta\/author\/agazeta\/"}]}},"_links":{"self":[{"href":"https:\/\/nk7-testes.com.br\/agazeta\/wp-json\/wp\/v2\/posts\/122337","targetHints":{"allow":["GET"]}}],"collection":[{"href":"https:\/\/nk7-testes.com.br\/agazeta\/wp-json\/wp\/v2\/posts"}],"about":[{"href":"https:\/\/nk7-testes.com.br\/agazeta\/wp-json\/wp\/v2\/types\/post"}],"author":[{"embeddable":true,"href":"https:\/\/nk7-testes.com.br\/agazeta\/wp-json\/wp\/v2\/users\/4"}],"replies":[{"embeddable":true,"href":"https:\/\/nk7-testes.com.br\/agazeta\/wp-json\/wp\/v2\/comments?post=122337"}],"version-history":[{"count":0,"href":"https:\/\/nk7-testes.com.br\/agazeta\/wp-json\/wp\/v2\/posts\/122337\/revisions"}],"wp:featuredmedia":[{"embeddable":true,"href":"https:\/\/nk7-testes.com.br\/agazeta\/wp-json\/wp\/v2\/media\/122338"}],"wp:attachment":[{"href":"https:\/\/nk7-testes.com.br\/agazeta\/wp-json\/wp\/v2\/media?parent=122337"}],"wp:term":[{"taxonomy":"category","embeddable":true,"href":"https:\/\/nk7-testes.com.br\/agazeta\/wp-json\/wp\/v2\/categories?post=122337"},{"taxonomy":"post_tag","embeddable":true,"href":"https:\/\/nk7-testes.com.br\/agazeta\/wp-json\/wp\/v2\/tags?post=122337"}],"curies":[{"name":"wp","href":"https:\/\/api.w.org\/{rel}","templated":true}]}}