{"id":122232,"date":"2023-11-20T11:06:50","date_gmt":"2023-11-20T16:06:50","guid":{"rendered":"https:\/\/abarevegan.com.br\/?p=122232"},"modified":"2023-11-20T11:06:50","modified_gmt":"2023-11-20T16:06:50","slug":"marcio-souza-assume-comando-do-programa-balanco-geral-acre-a-partir-desta-terca-feira","status":"publish","type":"post","link":"https:\/\/nk7-testes.com.br\/agazeta\/marcio-souza-assume-comando-do-programa-balanco-geral-acre-a-partir-desta-terca-feira\/","title":{"rendered":"Marcio Souza assume comando do programa Balan\u00e7o Geral Acre a partir desta ter\u00e7a-feira"},"content":{"rendered":"<p>Por\u00a0<strong>Inayme Lobo<\/strong>\u00a0para o\u00a0<strong>Agazeta.net<\/strong><\/p>\n<p style=\"text-align: justify;\">O jornalista Marcio Souza assume o comando do programa Balan\u00e7o Geral, a partir desta ter\u00e7a-feira (21), depois de cinco anos trabalhando na TV Gazeta como rep\u00f3rter. Enquanto que o apresentador e diretor de jornalismo da emissora Gabriel Rotta, estar\u00e1 respons\u00e1vel pelo Gazeta Entrevista.<\/p>\n<p style=\"text-align: justify;\">Vale salientar que Rotta n\u00e3o ir\u00e1 assumir o comando do programa de entrevistas da emissora, ser\u00e1 por alguns meses, pois a apresentadora do Gazeta em Manchete, a Chrisna Lima, segue de licen\u00e7a-maternidade. Dessa forma, para ficar no lugar dela, o jornalista Itaan Arruda estar\u00e1 no comando tamb\u00e9m por alguns meses.<\/p>\n<p style=\"text-align: justify;\">Durante a \u00faltima edi\u00e7\u00e3o do programa exibido na manh\u00e3 desta segunda-feira (20), o apresentador Gabriel Rotta, comunicou a mudan\u00e7a de comando que ser\u00e1 apresentado por Marcio Souza.<\/p>\n<p><img decoding=\"async\" class=\"aligncenter wp-image-122235\" src=\"https:\/\/nk7-testes.com.br\/wp-content\/uploads\/2023\/11\/a6808b38-f983-40d8-ace5-ac511c0bfa1b.jpg\" alt=\"\" width=\"480\" height=\"478\" srcset=\"https:\/\/nk7-testes.com.br\/agazeta\/wp-content\/uploads\/2023\/11\/a6808b38-f983-40d8-ace5-ac511c0bfa1b.jpg 1170w, https:\/\/nk7-testes.com.br\/agazeta\/wp-content\/uploads\/2023\/11\/a6808b38-f983-40d8-ace5-ac511c0bfa1b-300x298.jpg 300w, https:\/\/nk7-testes.com.br\/agazeta\/wp-content\/uploads\/2023\/11\/a6808b38-f983-40d8-ace5-ac511c0bfa1b-1024x1019.jpg 1024w, https:\/\/nk7-testes.com.br\/agazeta\/wp-content\/uploads\/2023\/11\/a6808b38-f983-40d8-ace5-ac511c0bfa1b-150x150.jpg 150w, https:\/\/nk7-testes.com.br\/agazeta\/wp-content\/uploads\/2023\/11\/a6808b38-f983-40d8-ace5-ac511c0bfa1b-768x764.jpg 768w, https:\/\/nk7-testes.com.br\/agazeta\/wp-content\/uploads\/2023\/11\/a6808b38-f983-40d8-ace5-ac511c0bfa1b-75x75.jpg 75w, https:\/\/nk7-testes.com.br\/agazeta\/wp-content\/uploads\/2023\/11\/a6808b38-f983-40d8-ace5-ac511c0bfa1b-350x350.jpg 350w, https:\/\/nk7-testes.com.br\/agazeta\/wp-content\/uploads\/2023\/11\/a6808b38-f983-40d8-ace5-ac511c0bfa1b-750x746.jpg 750w, https:\/\/nk7-testes.com.br\/agazeta\/wp-content\/uploads\/2023\/11\/a6808b38-f983-40d8-ace5-ac511c0bfa1b-1140x1134.jpg 1140w\" sizes=\"(max-width: 480px) 100vw, 480px\" \/><\/p>\n<p style=\"text-align: justify;\">Ap\u00f3s tr\u00eas anos \u00e0 frente do programa, Gabriel Rotta despediu-se desejando as boas-vindas ao novo apresentador.<\/p>\n<p style=\"text-align: justify;\">\u201cEu tenho certeza que o programa estar\u00e1 em excelentes m\u00e3os, Marcio Souza j\u00e1 \u00e9 profissional da casa, j\u00e1 acompanhamos o trabalho dele h\u00e1 muito tempo, estamos fazendo algumas mudan\u00e7as na TV Gazeta e uma delas \u00e9 a mudan\u00e7a no Balan\u00e7o.\u00a0 Tenho certeza que o espectador est\u00e1 feliz com essa not\u00edcia\u201d, diz Gabriel Rotta.<\/p>\n<p style=\"text-align: justify;\">Em despedida o jornalista agradeceu o carinho que recebeu durante os anos de apresenta\u00e7\u00e3o.<\/p>\n<p style=\"text-align: justify;\">\u201cFoi um prazer estar comandando o Balan\u00e7o Geral, estar \u00e0 frente desse programa maravilhoso, sempre fazendo companhia para voc\u00ea ai de casa, obrigada por todo carinho, continuo no Gazeta Entrevista e nos encontramos sempre aqui na tela da TV Gazeta\u201d, completou o apresentador.<\/p>\n<h3><strong>Trajet\u00f3ria <\/strong><\/h3>\n<p style=\"text-align: justify;\">O jornalista Marcio Souza iniciou uma jornada na equipe da TV Gazeta como estagi\u00e1rio, em seguida foi promovido para ser rep\u00f3rter, e foi por cinco anos atuando na equipe de jornalismo. Apesar do desejo de apresentar o programa, foi uma longa jornada at\u00e9 esse momento, a programa\u00e7\u00e3o estava passando por ajustes quando o rep\u00f3rter foi convidado pelo apresentador Gabriel Rotta para realizar o teste.<\/p>\n<p style=\"text-align: justify;\">\u201cEra algo praticamente programado, sabendo que a Chrisna estava gr\u00e1vida e sairia de licen\u00e7a, haveria uma dan\u00e7a das cadeiras, o Gabriel poderia apresentar algum programa, ent\u00e3o come\u00e7ou um processo de escolha. O Balan\u00e7o Geral \u00e9 um programa irreverente, as vezes voc\u00ea dan\u00e7a, faz uma brincadeira\u201d, diz Souza.<\/p>\n<p style=\"text-align: justify;\">O piloto do programa foi realizado em agosto deste ano, em seguida ap\u00f3s a aprova\u00e7\u00e3o o jornalista iniciou as apresenta\u00e7\u00f5es espor\u00e1dicas do programa Balan\u00e7o Geral, mas a trajet\u00f3ria do rep\u00f3rter e jornalista iniciou em 2016 quando cursava jornalismo na Universidade Federal do Acre (Ufac), foi convidado a participar de um projeto esportivo da TV Gazeta.<\/p>\n<p style=\"text-align: justify;\">\u201cEu sempre quis, sempre fui apaixonado por televis\u00e3o e sempre quis trabalhar nela, na \u00e9poca eu estagiava em assessoria de imprensa, eu pensei, \u00e9 a minha chance de entender o mundo da televis\u00e3o, plantar uma sementinha do meu trabalho, quem sabe futuramente eu vou estagiar na TV Gazeta, foi um per\u00edodo de quatro meses e eu percebi que a TV era tudo o que eu pensava e a paix\u00e3o aumentou\u201d, explicou o jornalista.<\/p>\n<p style=\"text-align: justify;\">No ano de 2017 ele foi estagi\u00e1rio do Gazeta Alerta, em seguida no ano de 2018, foi promovido para ser rep\u00f3rter. Durante toda a trajet\u00f3ria esteve acompanhado pelo colega de faculdade e trabalho Gabriel Rotta.<\/p>\n<p style=\"text-align: justify;\">\u201cGabriel me chamou e disse que tenho as caracter\u00edsticas, me orientou a prestar aten\u00e7\u00e3o nas reportagens e nos rep\u00f3rteres, quando faltava rep\u00f3rter ou em pauta de \u00faltima hora eu ia, depois de um ano eu comecei como rep\u00f3rter, fui contratado e estou como rep\u00f3rter at\u00e9 hoje, mas depois de cinco anos, tive a oportunidade de virar apresentador\u201d, explicou.<\/p>\n<h3 style=\"text-align: justify;\"><strong>Desafios<\/strong><\/h3>\n<p style=\"text-align: justify;\">O jornalista relata que as principais dificuldades ser\u00e3o as compara\u00e7\u00f5es com apresentadores anteriores, acredita que ocorrera novamente, ap\u00f3s tr\u00eas anos de trabalho de Gabriel Rotta.<\/p>\n<p style=\"text-align: justify;\">\u201cNesse primeiro momento o desafio e absorver da melhor forma os comparativos e cr\u00edticas e manter da melhor forma a excel\u00eancia do programa que est\u00e1 na grade a muito tempo e tem telespectador ass\u00edduos\u201d, diz o novo apresentador.<\/p>\n<p style=\"text-align: justify;\">Segundo o novo apresentador, o programa tem como caracter\u00edstica a irrever\u00eancia, mas ser\u00e1 pautado pela responsabilidade e \u00e9tica, para ouvir todos os lados envolvidos.<\/p>\n<p style=\"text-align: justify;\">Apesar de estar realizando um sonho, ele informa que sentir\u00e1 falta de trabalhos externos, mas que reportagens especiais podem ser produzidas, pois na rua \u00e9 poss\u00edvel ter contato com a popula\u00e7\u00e3o e observar a realidade que vivem, al\u00e9m de receber o carinho dos espectadores que encontra na rua ao realizar as reportagens.<\/p>\n<p><em>Estagi\u00e1ria supervisionada por Gisele Almeida<\/em><\/p>\n","protected":false},"excerpt":{"rendered":"<p>Por\u00a0Inayme Lobo\u00a0para o\u00a0Agazeta.net O jornalista Marcio Souza assume o comando do programa Balan\u00e7o Geral, a partir desta ter\u00e7a-feira (21), depois de cinco anos trabalhando na TV Gazeta como rep\u00f3rter. Enquanto que o apresentador e diretor de jornalismo da emissora Gabriel Rotta, estar\u00e1 respons\u00e1vel pelo Gazeta Entrevista. Vale salientar que Rotta n\u00e3o ir\u00e1 assumir o comando [&hellip;]<\/p>\n","protected":false},"author":4,"featured_media":122233,"comment_status":"open","ping_status":"open","sticky":false,"template":"","format":"standard","meta":{"jnews-multi-image_gallery":[],"jnews_single_post":{"source_name":"","source_url":"","via_name":"","via_url":"","override_template":"0","override":[{"template":"custom","single_blog_custom":"110746","parallax":"1","fullscreen":"1","layout":"right-sidebar","sidebar":"default-sidebar","second_sidebar":"default-sidebar","sticky_sidebar":"1","share_position":"top","share_float_style":"share-monocrhome","show_share_counter":"1","show_view_counter":"1","show_featured":"1","show_post_meta":"1","show_post_author":"1","show_post_author_image":"1","show_post_date":"1","post_date_format":"default","post_date_format_custom":"Y\/m\/d","show_post_category":"1","show_post_reading_time":"0","post_reading_time_wpm":"300","show_zoom_button":"0","zoom_button_out_step":"2","zoom_button_in_step":"3","show_post_tag":"1","show_prev_next_post":"1","show_popup_post":"1","number_popup_post":"1","show_author_box":"0","show_post_related":"1","show_inline_post_related":"0"}],"override_image_size":"0","image_override":[{"single_post_thumbnail_size":"crop-500","single_post_gallery_size":"crop-500"}],"trending_post":"0","trending_post_position":"meta","trending_post_label":"Trending","sponsored_post":"0","sponsored_post_label":"Sponsored by","sponsored_post_name":"","sponsored_post_url":"","sponsored_post_logo_enable":"0","sponsored_post_logo":"","sponsored_post_desc":"","disable_ad":"0"},"jnews_primary_category":{"id":"","hide":""},"jnews_social_meta":{"fb_title":"","fb_description":"","fb_image":"","twitter_title":"","twitter_description":"","twitter_image":""},"jnews_review":[],"enable_review":"0","type":"percentage","name":"","summary":"","brand":"","sku":"","good":[{"good_text":""}],"bad":[{"bad_text":""}],"score_override":"0","override_value":"","rating":[{"rating_text":"","rating_number":"10"}],"price":[{"shop":"","price":"","link":"","icon":""}],"footnotes":""},"categories":[54],"tags":[],"class_list":["post-122232","post","type-post","status-publish","format-standard","has-post-thumbnail","hentry","category-cotidiano"],"yoast_head":"<!-- This site is optimized with the Yoast SEO plugin v26.5 - https:\/\/yoast.com\/wordpress\/plugins\/seo\/ -->\n<title>Marcio Souza assume comando do programa Balan\u00e7o Geral Acre a partir desta ter\u00e7a-feira - Agazeta.net<\/title>\n<meta name=\"robots\" content=\"index, follow, max-snippet:-1, max-image-preview:large, max-video-preview:-1\" \/>\n<link rel=\"canonical\" href=\"https:\/\/nk7-testes.com.br\/agazeta\/marcio-souza-assume-comando-do-programa-balanco-geral-acre-a-partir-desta-terca-feira\/\" \/>\n<meta property=\"og:locale\" content=\"pt_BR\" \/>\n<meta property=\"og:type\" content=\"article\" \/>\n<meta property=\"og:title\" content=\"Marcio Souza assume comando do programa Balan\u00e7o Geral Acre a partir desta ter\u00e7a-feira\" \/>\n<meta property=\"og:description\" content=\"Durante a \u00faltima edi\u00e7\u00e3o do programa exibido na manh\u00e3 desta segunda-feira (20), o apresentador Gabriel Rotta, comunicou a mudan\u00e7a\" \/>\n<meta property=\"og:url\" content=\"https:\/\/nk7-testes.com.br\/agazeta\/marcio-souza-assume-comando-do-programa-balanco-geral-acre-a-partir-desta-terca-feira\/\" \/>\n<meta property=\"og:site_name\" content=\"Agazeta.net\" \/>\n<meta property=\"article:published_time\" content=\"2023-11-20T16:06:50+00:00\" \/>\n<meta property=\"og:image\" content=\"https:\/\/nk7-testes.com.br\/agazeta\/wp-content\/uploads\/2023\/11\/ca6bbff7-7dd4-4575-b76f-e540aecb0335.jpg\" \/>\n\t<meta property=\"og:image:width\" content=\"800\" \/>\n\t<meta property=\"og:image:height\" content=\"404\" \/>\n\t<meta property=\"og:image:type\" content=\"image\/jpeg\" \/>\n<meta name=\"author\" content=\"Agazeta.Net\" \/>\n<meta name=\"twitter:card\" content=\"summary_large_image\" \/>\n<meta name=\"twitter:title\" content=\"Marcio Souza assume comando do programa Balan\u00e7o Geral Acre a partir desta ter\u00e7a-feira\" \/>\n<meta name=\"twitter:description\" content=\"Durante a \u00faltima edi\u00e7\u00e3o do programa exibido na manh\u00e3 desta segunda-feira (20), o apresentador Gabriel Rotta, comunicou a mudan\u00e7a\" \/>\n<meta name=\"twitter:image\" content=\"https:\/\/nk7-testes.com.br\/agazeta\/wp-content\/uploads\/2023\/11\/ca6bbff7-7dd4-4575-b76f-e540aecb0335.jpg\" \/>\n<meta name=\"twitter:label1\" content=\"Escrito por\" \/>\n\t<meta name=\"twitter:data1\" content=\"Agazeta.Net\" \/>\n\t<meta name=\"twitter:label2\" content=\"Est. tempo de leitura\" \/>\n\t<meta name=\"twitter:data2\" content=\"4 minutos\" \/>\n<script type=\"application\/ld+json\" class=\"yoast-schema-graph\">{\"@context\":\"https:\/\/schema.org\",\"@graph\":[{\"@type\":\"WebPage\",\"@id\":\"https:\/\/nk7-testes.com.br\/agazeta\/marcio-souza-assume-comando-do-programa-balanco-geral-acre-a-partir-desta-terca-feira\/\",\"url\":\"https:\/\/nk7-testes.com.br\/agazeta\/marcio-souza-assume-comando-do-programa-balanco-geral-acre-a-partir-desta-terca-feira\/\",\"name\":\"Marcio Souza assume comando do programa Balan\u00e7o Geral Acre a partir desta ter\u00e7a-feira - Agazeta.net\",\"isPartOf\":{\"@id\":\"https:\/\/nk7-testes.com.br\/agazeta\/#website\"},\"primaryImageOfPage\":{\"@id\":\"https:\/\/nk7-testes.com.br\/agazeta\/marcio-souza-assume-comando-do-programa-balanco-geral-acre-a-partir-desta-terca-feira\/#primaryimage\"},\"image\":{\"@id\":\"https:\/\/nk7-testes.com.br\/agazeta\/marcio-souza-assume-comando-do-programa-balanco-geral-acre-a-partir-desta-terca-feira\/#primaryimage\"},\"thumbnailUrl\":\"https:\/\/nk7-testes.com.br\/agazeta\/wp-content\/uploads\/2023\/11\/ca6bbff7-7dd4-4575-b76f-e540aecb0335.jpg\",\"datePublished\":\"2023-11-20T16:06:50+00:00\",\"author\":{\"@id\":\"https:\/\/nk7-testes.com.br\/agazeta\/#\/schema\/person\/ff6b39d54d6973bfc57f4140f659b23f\"},\"breadcrumb\":{\"@id\":\"https:\/\/nk7-testes.com.br\/agazeta\/marcio-souza-assume-comando-do-programa-balanco-geral-acre-a-partir-desta-terca-feira\/#breadcrumb\"},\"inLanguage\":\"pt-BR\",\"potentialAction\":[{\"@type\":\"ReadAction\",\"target\":[\"https:\/\/nk7-testes.com.br\/agazeta\/marcio-souza-assume-comando-do-programa-balanco-geral-acre-a-partir-desta-terca-feira\/\"]}]},{\"@type\":\"ImageObject\",\"inLanguage\":\"pt-BR\",\"@id\":\"https:\/\/nk7-testes.com.br\/agazeta\/marcio-souza-assume-comando-do-programa-balanco-geral-acre-a-partir-desta-terca-feira\/#primaryimage\",\"url\":\"https:\/\/nk7-testes.com.br\/agazeta\/wp-content\/uploads\/2023\/11\/ca6bbff7-7dd4-4575-b76f-e540aecb0335.jpg\",\"contentUrl\":\"https:\/\/nk7-testes.com.br\/agazeta\/wp-content\/uploads\/2023\/11\/ca6bbff7-7dd4-4575-b76f-e540aecb0335.jpg\",\"width\":800,\"height\":404},{\"@type\":\"BreadcrumbList\",\"@id\":\"https:\/\/nk7-testes.com.br\/agazeta\/marcio-souza-assume-comando-do-programa-balanco-geral-acre-a-partir-desta-terca-feira\/#breadcrumb\",\"itemListElement\":[{\"@type\":\"ListItem\",\"position\":1,\"name\":\"In\u00edcio\",\"item\":\"https:\/\/nk7-testes.com.br\/agazeta\/\"},{\"@type\":\"ListItem\",\"position\":2,\"name\":\"Marcio Souza assume comando do programa Balan\u00e7o Geral Acre a partir desta ter\u00e7a-feira\"}]},{\"@type\":\"WebSite\",\"@id\":\"https:\/\/nk7-testes.com.br\/agazeta\/#website\",\"url\":\"https:\/\/nk7-testes.com.br\/agazeta\/\",\"name\":\"Agazeta.net\",\"description\":\"Agazeta.net - Not\u00edcias de Rio Branco\/AC\",\"potentialAction\":[{\"@type\":\"SearchAction\",\"target\":{\"@type\":\"EntryPoint\",\"urlTemplate\":\"https:\/\/nk7-testes.com.br\/agazeta\/?s={search_term_string}\"},\"query-input\":{\"@type\":\"PropertyValueSpecification\",\"valueRequired\":true,\"valueName\":\"search_term_string\"}}],\"inLanguage\":\"pt-BR\"},{\"@type\":\"Person\",\"@id\":\"https:\/\/nk7-testes.com.br\/agazeta\/#\/schema\/person\/ff6b39d54d6973bfc57f4140f659b23f\",\"name\":\"Agazeta.Net\",\"url\":\"https:\/\/nk7-testes.com.br\/agazeta\/author\/agazeta\/\"}]}<\/script>\n<!-- \/ Yoast SEO plugin. -->","yoast_head_json":{"title":"Marcio Souza assume comando do programa Balan\u00e7o Geral Acre a partir desta ter\u00e7a-feira - Agazeta.net","robots":{"index":"index","follow":"follow","max-snippet":"max-snippet:-1","max-image-preview":"max-image-preview:large","max-video-preview":"max-video-preview:-1"},"canonical":"https:\/\/nk7-testes.com.br\/agazeta\/marcio-souza-assume-comando-do-programa-balanco-geral-acre-a-partir-desta-terca-feira\/","og_locale":"pt_BR","og_type":"article","og_title":"Marcio Souza assume comando do programa Balan\u00e7o Geral Acre a partir desta ter\u00e7a-feira","og_description":"Durante a \u00faltima edi\u00e7\u00e3o do programa exibido na manh\u00e3 desta segunda-feira (20), o apresentador Gabriel Rotta, comunicou a mudan\u00e7a","og_url":"https:\/\/nk7-testes.com.br\/agazeta\/marcio-souza-assume-comando-do-programa-balanco-geral-acre-a-partir-desta-terca-feira\/","og_site_name":"Agazeta.net","article_published_time":"2023-11-20T16:06:50+00:00","og_image":[{"width":800,"height":404,"url":"https:\/\/nk7-testes.com.br\/agazeta\/wp-content\/uploads\/2023\/11\/ca6bbff7-7dd4-4575-b76f-e540aecb0335.jpg","type":"image\/jpeg"}],"author":"Agazeta.Net","twitter_card":"summary_large_image","twitter_title":"Marcio Souza assume comando do programa Balan\u00e7o Geral Acre a partir desta ter\u00e7a-feira","twitter_description":"Durante a \u00faltima edi\u00e7\u00e3o do programa exibido na manh\u00e3 desta segunda-feira (20), o apresentador Gabriel Rotta, comunicou a mudan\u00e7a","twitter_image":"https:\/\/nk7-testes.com.br\/agazeta\/wp-content\/uploads\/2023\/11\/ca6bbff7-7dd4-4575-b76f-e540aecb0335.jpg","twitter_misc":{"Escrito por":"Agazeta.Net","Est. tempo de leitura":"4 minutos"},"schema":{"@context":"https:\/\/schema.org","@graph":[{"@type":"WebPage","@id":"https:\/\/nk7-testes.com.br\/agazeta\/marcio-souza-assume-comando-do-programa-balanco-geral-acre-a-partir-desta-terca-feira\/","url":"https:\/\/nk7-testes.com.br\/agazeta\/marcio-souza-assume-comando-do-programa-balanco-geral-acre-a-partir-desta-terca-feira\/","name":"Marcio Souza assume comando do programa Balan\u00e7o Geral Acre a partir desta ter\u00e7a-feira - Agazeta.net","isPartOf":{"@id":"https:\/\/nk7-testes.com.br\/agazeta\/#website"},"primaryImageOfPage":{"@id":"https:\/\/nk7-testes.com.br\/agazeta\/marcio-souza-assume-comando-do-programa-balanco-geral-acre-a-partir-desta-terca-feira\/#primaryimage"},"image":{"@id":"https:\/\/nk7-testes.com.br\/agazeta\/marcio-souza-assume-comando-do-programa-balanco-geral-acre-a-partir-desta-terca-feira\/#primaryimage"},"thumbnailUrl":"https:\/\/nk7-testes.com.br\/agazeta\/wp-content\/uploads\/2023\/11\/ca6bbff7-7dd4-4575-b76f-e540aecb0335.jpg","datePublished":"2023-11-20T16:06:50+00:00","author":{"@id":"https:\/\/nk7-testes.com.br\/agazeta\/#\/schema\/person\/ff6b39d54d6973bfc57f4140f659b23f"},"breadcrumb":{"@id":"https:\/\/nk7-testes.com.br\/agazeta\/marcio-souza-assume-comando-do-programa-balanco-geral-acre-a-partir-desta-terca-feira\/#breadcrumb"},"inLanguage":"pt-BR","potentialAction":[{"@type":"ReadAction","target":["https:\/\/nk7-testes.com.br\/agazeta\/marcio-souza-assume-comando-do-programa-balanco-geral-acre-a-partir-desta-terca-feira\/"]}]},{"@type":"ImageObject","inLanguage":"pt-BR","@id":"https:\/\/nk7-testes.com.br\/agazeta\/marcio-souza-assume-comando-do-programa-balanco-geral-acre-a-partir-desta-terca-feira\/#primaryimage","url":"https:\/\/nk7-testes.com.br\/agazeta\/wp-content\/uploads\/2023\/11\/ca6bbff7-7dd4-4575-b76f-e540aecb0335.jpg","contentUrl":"https:\/\/nk7-testes.com.br\/agazeta\/wp-content\/uploads\/2023\/11\/ca6bbff7-7dd4-4575-b76f-e540aecb0335.jpg","width":800,"height":404},{"@type":"BreadcrumbList","@id":"https:\/\/nk7-testes.com.br\/agazeta\/marcio-souza-assume-comando-do-programa-balanco-geral-acre-a-partir-desta-terca-feira\/#breadcrumb","itemListElement":[{"@type":"ListItem","position":1,"name":"In\u00edcio","item":"https:\/\/nk7-testes.com.br\/agazeta\/"},{"@type":"ListItem","position":2,"name":"Marcio Souza assume comando do programa Balan\u00e7o Geral Acre a partir desta ter\u00e7a-feira"}]},{"@type":"WebSite","@id":"https:\/\/nk7-testes.com.br\/agazeta\/#website","url":"https:\/\/nk7-testes.com.br\/agazeta\/","name":"Agazeta.net","description":"Agazeta.net - Not\u00edcias de Rio Branco\/AC","potentialAction":[{"@type":"SearchAction","target":{"@type":"EntryPoint","urlTemplate":"https:\/\/nk7-testes.com.br\/agazeta\/?s={search_term_string}"},"query-input":{"@type":"PropertyValueSpecification","valueRequired":true,"valueName":"search_term_string"}}],"inLanguage":"pt-BR"},{"@type":"Person","@id":"https:\/\/nk7-testes.com.br\/agazeta\/#\/schema\/person\/ff6b39d54d6973bfc57f4140f659b23f","name":"Agazeta.Net","url":"https:\/\/nk7-testes.com.br\/agazeta\/author\/agazeta\/"}]}},"_links":{"self":[{"href":"https:\/\/nk7-testes.com.br\/agazeta\/wp-json\/wp\/v2\/posts\/122232","targetHints":{"allow":["GET"]}}],"collection":[{"href":"https:\/\/nk7-testes.com.br\/agazeta\/wp-json\/wp\/v2\/posts"}],"about":[{"href":"https:\/\/nk7-testes.com.br\/agazeta\/wp-json\/wp\/v2\/types\/post"}],"author":[{"embeddable":true,"href":"https:\/\/nk7-testes.com.br\/agazeta\/wp-json\/wp\/v2\/users\/4"}],"replies":[{"embeddable":true,"href":"https:\/\/nk7-testes.com.br\/agazeta\/wp-json\/wp\/v2\/comments?post=122232"}],"version-history":[{"count":0,"href":"https:\/\/nk7-testes.com.br\/agazeta\/wp-json\/wp\/v2\/posts\/122232\/revisions"}],"wp:featuredmedia":[{"embeddable":true,"href":"https:\/\/nk7-testes.com.br\/agazeta\/wp-json\/wp\/v2\/media\/122233"}],"wp:attachment":[{"href":"https:\/\/nk7-testes.com.br\/agazeta\/wp-json\/wp\/v2\/media?parent=122232"}],"wp:term":[{"taxonomy":"category","embeddable":true,"href":"https:\/\/nk7-testes.com.br\/agazeta\/wp-json\/wp\/v2\/categories?post=122232"},{"taxonomy":"post_tag","embeddable":true,"href":"https:\/\/nk7-testes.com.br\/agazeta\/wp-json\/wp\/v2\/tags?post=122232"}],"curies":[{"name":"wp","href":"https:\/\/api.w.org\/{rel}","templated":true}]}}