{"id":122194,"date":"2023-11-18T14:19:14","date_gmt":"2023-11-18T19:19:14","guid":{"rendered":"https:\/\/abarevegan.com.br\/?p=122194"},"modified":"2024-04-26T08:10:52","modified_gmt":"2024-04-26T13:10:52","slug":"feira-de-livros-a-r-10-acontece-neste-sabado-18-em-rio-branco-cerca-de-400-exemplares","status":"publish","type":"post","link":"https:\/\/nk7-testes.com.br\/agazeta\/feira-de-livros-a-r-10-acontece-neste-sabado-18-em-rio-branco-cerca-de-400-exemplares\/","title":{"rendered":"Feira de livros a R$ 10 acontece neste s\u00e1bado (18) em Rio Branco; cerca de 400 exemplares"},"content":{"rendered":"<p>Por\u00a0<strong>Jo\u00e3o Cardoso<\/strong><\/p>\n<p style=\"text-align: justify;\">Na tarde deste s\u00e1bado (18), em Rio Branco, vai acontecer uma feira de livros a partir das 16h30min at\u00e9 \u00e0s 20h, no Lago do Amor. Realizado pela Livraria Moura, ser\u00e3o cerca de 400 exemplares, nas tem\u00e1ticas de filosofia, hist\u00f3ria, literatura e variedades, todos por apenas R$ 10.<\/p>\n<p style=\"text-align: justify;\">Os livros s\u00e3o divididos entre novos e usados e a feira acontece apenas hoje. Para mais informa\u00e7\u00f5es sobre como vai funcionar a din\u00e2mica do evento, entre em contato com a Livraria pelo n\u00famero: (68) 99923-2025.<\/p>\n<p style=\"text-align: justify;\">Apesar da feira com todos os exemplares por R$ 10 ser apenas neste s\u00e1bado (18), a Livraria Moura tem seu pr\u00f3prio espa\u00e7o f\u00edsico, que fica localizado na rua Padre Paulino, n\u00ba 510, bairro Rui Lino, em Rio Branco.<\/p>\n<p><img decoding=\"async\" class=\"aligncenter wp-image-122195 \" src=\"https:\/\/nk7-testes.com.br\/wp-content\/uploads\/2023\/11\/Imagem-do-WhatsApp-de-2023-11-18-as-14.13.20_ad24b028.jpg\" alt=\"\" width=\"501\" height=\"350\" srcset=\"https:\/\/nk7-testes.com.br\/agazeta\/wp-content\/uploads\/2023\/11\/Imagem-do-WhatsApp-de-2023-11-18-as-14.13.20_ad24b028.jpg 1170w, https:\/\/nk7-testes.com.br\/agazeta\/wp-content\/uploads\/2023\/11\/Imagem-do-WhatsApp-de-2023-11-18-as-14.13.20_ad24b028-300x209.jpg 300w, https:\/\/nk7-testes.com.br\/agazeta\/wp-content\/uploads\/2023\/11\/Imagem-do-WhatsApp-de-2023-11-18-as-14.13.20_ad24b028-1024x715.jpg 1024w, https:\/\/nk7-testes.com.br\/agazeta\/wp-content\/uploads\/2023\/11\/Imagem-do-WhatsApp-de-2023-11-18-as-14.13.20_ad24b028-768x536.jpg 768w, https:\/\/nk7-testes.com.br\/agazeta\/wp-content\/uploads\/2023\/11\/Imagem-do-WhatsApp-de-2023-11-18-as-14.13.20_ad24b028-750x524.jpg 750w, https:\/\/nk7-testes.com.br\/agazeta\/wp-content\/uploads\/2023\/11\/Imagem-do-WhatsApp-de-2023-11-18-as-14.13.20_ad24b028-1140x796.jpg 1140w\" sizes=\"(max-width: 501px) 100vw, 501px\" \/><\/p>\n","protected":false},"excerpt":{"rendered":"<p>Por\u00a0Jo\u00e3o Cardoso Na tarde deste s\u00e1bado (18), em Rio Branco, vai acontecer uma feira de livros a partir das 16h30min at\u00e9 \u00e0s 20h, no Lago do Amor. Realizado pela Livraria Moura, ser\u00e3o cerca de 400 exemplares, nas tem\u00e1ticas de filosofia, hist\u00f3ria, literatura e variedades, todos por apenas R$ 10. Os livros s\u00e3o divididos entre novos [&hellip;]<\/p>\n","protected":false},"author":4,"featured_media":122198,"comment_status":"open","ping_status":"open","sticky":false,"template":"","format":"standard","meta":{"jnews-multi-image_gallery":[],"jnews_single_post":{"source_name":"","source_url":"","via_name":"","via_url":"","override_template":"0","override":[{"template":"custom","single_blog_custom":"110746","parallax":"1","fullscreen":"1","layout":"right-sidebar","sidebar":"default-sidebar","second_sidebar":"default-sidebar","sticky_sidebar":"1","share_position":"top","share_float_style":"share-monocrhome","show_share_counter":"1","show_view_counter":"1","show_featured":"1","show_post_meta":"1","show_post_author":"1","show_post_author_image":"1","show_post_date":"1","post_date_format":"default","post_date_format_custom":"Y\/m\/d","show_post_category":"1","show_post_reading_time":"0","post_reading_time_wpm":"300","show_zoom_button":"0","zoom_button_out_step":"2","zoom_button_in_step":"3","show_post_tag":"1","show_prev_next_post":"1","show_popup_post":"1","number_popup_post":"1","show_author_box":"0","show_post_related":"1","show_inline_post_related":"0"}],"override_image_size":"0","image_override":[{"single_post_thumbnail_size":"crop-500","single_post_gallery_size":"crop-500"}],"trending_post":"0","trending_post_position":"meta","trending_post_label":"Trending","sponsored_post":"0","sponsored_post_label":"Sponsored by","sponsored_post_name":"","sponsored_post_url":"","sponsored_post_logo_enable":"0","sponsored_post_logo":"","sponsored_post_desc":"","disable_ad":"0"},"jnews_primary_category":{"id":"","hide":""},"jnews_social_meta":{"fb_title":"","fb_description":"","fb_image":"","twitter_title":"","twitter_description":"","twitter_image":""},"jnews_review":[],"enable_review":"0","type":"percentage","name":"","summary":"","brand":"","sku":"","good":[{"good_text":""}],"bad":[{"bad_text":""}],"score_override":"0","override_value":"","rating":[{"rating_text":"","rating_number":"10"}],"price":[{"shop":"","price":"","link":"","icon":""}],"footnotes":""},"categories":[54],"tags":[],"class_list":["post-122194","post","type-post","status-publish","format-standard","has-post-thumbnail","hentry","category-cotidiano"],"yoast_head":"<!-- This site is optimized with the Yoast SEO plugin v26.5 - https:\/\/yoast.com\/wordpress\/plugins\/seo\/ -->\n<title>Feira de livros a R$ 10 acontece neste s\u00e1bado (18) em Rio Branco; cerca de 400 exemplares - Agazeta.net<\/title>\n<meta name=\"robots\" content=\"index, follow, max-snippet:-1, max-image-preview:large, max-video-preview:-1\" \/>\n<link rel=\"canonical\" href=\"https:\/\/nk7-testes.com.br\/agazeta\/feira-de-livros-a-r-10-acontece-neste-sabado-18-em-rio-branco-cerca-de-400-exemplares\/\" \/>\n<meta property=\"og:locale\" content=\"pt_BR\" \/>\n<meta property=\"og:type\" content=\"article\" \/>\n<meta property=\"og:title\" content=\"Feira de livros a R$ 10 acontece neste s\u00e1bado (18) em Rio Branco; cerca de 400 exemplares\" \/>\n<meta property=\"og:description\" content=\"A feira inicia \u00e0s 16h30min e vai at\u00e9 \u00e0s 20h, no Lago do Amor\" \/>\n<meta property=\"og:url\" content=\"https:\/\/nk7-testes.com.br\/agazeta\/feira-de-livros-a-r-10-acontece-neste-sabado-18-em-rio-branco-cerca-de-400-exemplares\/\" \/>\n<meta property=\"og:site_name\" content=\"Agazeta.net\" \/>\n<meta property=\"article:published_time\" content=\"2023-11-18T19:19:14+00:00\" \/>\n<meta property=\"article:modified_time\" content=\"2024-04-26T13:10:52+00:00\" \/>\n<meta property=\"og:image\" content=\"https:\/\/nk7-testes.com.br\/agazeta\/wp-content\/uploads\/2023\/11\/feira.jpg\" \/>\n\t<meta property=\"og:image:width\" content=\"800\" \/>\n\t<meta property=\"og:image:height\" content=\"403\" \/>\n\t<meta property=\"og:image:type\" content=\"image\/jpeg\" \/>\n<meta name=\"author\" content=\"Agazeta.Net\" \/>\n<meta name=\"twitter:card\" content=\"summary_large_image\" \/>\n<meta name=\"twitter:title\" content=\"Feira de livros a R$ 10 acontece neste s\u00e1bado (18) em Rio Branco; cerca de 400 exemplares\" \/>\n<meta name=\"twitter:description\" content=\"A feira inicia \u00e0s 16h30min e vai at\u00e9 \u00e0s 20h, no Lago do Amor\" \/>\n<meta name=\"twitter:image\" content=\"https:\/\/nk7-testes.com.br\/agazeta\/wp-content\/uploads\/2023\/11\/feira.jpg\" \/>\n<meta name=\"twitter:label1\" content=\"Escrito por\" \/>\n\t<meta name=\"twitter:data1\" content=\"Agazeta.Net\" \/>\n\t<meta name=\"twitter:label2\" content=\"Est. tempo de leitura\" \/>\n\t<meta name=\"twitter:data2\" content=\"1 minuto\" \/>\n<script type=\"application\/ld+json\" class=\"yoast-schema-graph\">{\"@context\":\"https:\/\/schema.org\",\"@graph\":[{\"@type\":\"WebPage\",\"@id\":\"https:\/\/nk7-testes.com.br\/agazeta\/feira-de-livros-a-r-10-acontece-neste-sabado-18-em-rio-branco-cerca-de-400-exemplares\/\",\"url\":\"https:\/\/nk7-testes.com.br\/agazeta\/feira-de-livros-a-r-10-acontece-neste-sabado-18-em-rio-branco-cerca-de-400-exemplares\/\",\"name\":\"Feira de livros a R$ 10 acontece neste s\u00e1bado (18) em Rio Branco; cerca de 400 exemplares - Agazeta.net\",\"isPartOf\":{\"@id\":\"https:\/\/nk7-testes.com.br\/agazeta\/#website\"},\"primaryImageOfPage\":{\"@id\":\"https:\/\/nk7-testes.com.br\/agazeta\/feira-de-livros-a-r-10-acontece-neste-sabado-18-em-rio-branco-cerca-de-400-exemplares\/#primaryimage\"},\"image\":{\"@id\":\"https:\/\/nk7-testes.com.br\/agazeta\/feira-de-livros-a-r-10-acontece-neste-sabado-18-em-rio-branco-cerca-de-400-exemplares\/#primaryimage\"},\"thumbnailUrl\":\"https:\/\/nk7-testes.com.br\/agazeta\/wp-content\/uploads\/2023\/11\/feira.jpg\",\"datePublished\":\"2023-11-18T19:19:14+00:00\",\"dateModified\":\"2024-04-26T13:10:52+00:00\",\"author\":{\"@id\":\"https:\/\/nk7-testes.com.br\/agazeta\/#\/schema\/person\/ff6b39d54d6973bfc57f4140f659b23f\"},\"breadcrumb\":{\"@id\":\"https:\/\/nk7-testes.com.br\/agazeta\/feira-de-livros-a-r-10-acontece-neste-sabado-18-em-rio-branco-cerca-de-400-exemplares\/#breadcrumb\"},\"inLanguage\":\"pt-BR\",\"potentialAction\":[{\"@type\":\"ReadAction\",\"target\":[\"https:\/\/nk7-testes.com.br\/agazeta\/feira-de-livros-a-r-10-acontece-neste-sabado-18-em-rio-branco-cerca-de-400-exemplares\/\"]}]},{\"@type\":\"ImageObject\",\"inLanguage\":\"pt-BR\",\"@id\":\"https:\/\/nk7-testes.com.br\/agazeta\/feira-de-livros-a-r-10-acontece-neste-sabado-18-em-rio-branco-cerca-de-400-exemplares\/#primaryimage\",\"url\":\"https:\/\/nk7-testes.com.br\/agazeta\/wp-content\/uploads\/2023\/11\/feira.jpg\",\"contentUrl\":\"https:\/\/nk7-testes.com.br\/agazeta\/wp-content\/uploads\/2023\/11\/feira.jpg\",\"width\":800,\"height\":403,\"caption\":\"Imagem: Reprodu\u00e7\u00e3o\/Instagram\"},{\"@type\":\"BreadcrumbList\",\"@id\":\"https:\/\/nk7-testes.com.br\/agazeta\/feira-de-livros-a-r-10-acontece-neste-sabado-18-em-rio-branco-cerca-de-400-exemplares\/#breadcrumb\",\"itemListElement\":[{\"@type\":\"ListItem\",\"position\":1,\"name\":\"In\u00edcio\",\"item\":\"https:\/\/nk7-testes.com.br\/agazeta\/\"},{\"@type\":\"ListItem\",\"position\":2,\"name\":\"Feira de livros a R$ 10 acontece neste s\u00e1bado (18) em Rio Branco; cerca de 400 exemplares\"}]},{\"@type\":\"WebSite\",\"@id\":\"https:\/\/nk7-testes.com.br\/agazeta\/#website\",\"url\":\"https:\/\/nk7-testes.com.br\/agazeta\/\",\"name\":\"Agazeta.net\",\"description\":\"Agazeta.net - Not\u00edcias de Rio Branco\/AC\",\"potentialAction\":[{\"@type\":\"SearchAction\",\"target\":{\"@type\":\"EntryPoint\",\"urlTemplate\":\"https:\/\/nk7-testes.com.br\/agazeta\/?s={search_term_string}\"},\"query-input\":{\"@type\":\"PropertyValueSpecification\",\"valueRequired\":true,\"valueName\":\"search_term_string\"}}],\"inLanguage\":\"pt-BR\"},{\"@type\":\"Person\",\"@id\":\"https:\/\/nk7-testes.com.br\/agazeta\/#\/schema\/person\/ff6b39d54d6973bfc57f4140f659b23f\",\"name\":\"Agazeta.Net\",\"url\":\"https:\/\/nk7-testes.com.br\/agazeta\/author\/agazeta\/\"}]}<\/script>\n<!-- \/ Yoast SEO plugin. -->","yoast_head_json":{"title":"Feira de livros a R$ 10 acontece neste s\u00e1bado (18) em Rio Branco; cerca de 400 exemplares - Agazeta.net","robots":{"index":"index","follow":"follow","max-snippet":"max-snippet:-1","max-image-preview":"max-image-preview:large","max-video-preview":"max-video-preview:-1"},"canonical":"https:\/\/nk7-testes.com.br\/agazeta\/feira-de-livros-a-r-10-acontece-neste-sabado-18-em-rio-branco-cerca-de-400-exemplares\/","og_locale":"pt_BR","og_type":"article","og_title":"Feira de livros a R$ 10 acontece neste s\u00e1bado (18) em Rio Branco; cerca de 400 exemplares","og_description":"A feira inicia \u00e0s 16h30min e vai at\u00e9 \u00e0s 20h, no Lago do Amor","og_url":"https:\/\/nk7-testes.com.br\/agazeta\/feira-de-livros-a-r-10-acontece-neste-sabado-18-em-rio-branco-cerca-de-400-exemplares\/","og_site_name":"Agazeta.net","article_published_time":"2023-11-18T19:19:14+00:00","article_modified_time":"2024-04-26T13:10:52+00:00","og_image":[{"width":800,"height":403,"url":"https:\/\/nk7-testes.com.br\/agazeta\/wp-content\/uploads\/2023\/11\/feira.jpg","type":"image\/jpeg"}],"author":"Agazeta.Net","twitter_card":"summary_large_image","twitter_title":"Feira de livros a R$ 10 acontece neste s\u00e1bado (18) em Rio Branco; cerca de 400 exemplares","twitter_description":"A feira inicia \u00e0s 16h30min e vai at\u00e9 \u00e0s 20h, no Lago do Amor","twitter_image":"https:\/\/nk7-testes.com.br\/agazeta\/wp-content\/uploads\/2023\/11\/feira.jpg","twitter_misc":{"Escrito por":"Agazeta.Net","Est. tempo de leitura":"1 minuto"},"schema":{"@context":"https:\/\/schema.org","@graph":[{"@type":"WebPage","@id":"https:\/\/nk7-testes.com.br\/agazeta\/feira-de-livros-a-r-10-acontece-neste-sabado-18-em-rio-branco-cerca-de-400-exemplares\/","url":"https:\/\/nk7-testes.com.br\/agazeta\/feira-de-livros-a-r-10-acontece-neste-sabado-18-em-rio-branco-cerca-de-400-exemplares\/","name":"Feira de livros a R$ 10 acontece neste s\u00e1bado (18) em Rio Branco; cerca de 400 exemplares - Agazeta.net","isPartOf":{"@id":"https:\/\/nk7-testes.com.br\/agazeta\/#website"},"primaryImageOfPage":{"@id":"https:\/\/nk7-testes.com.br\/agazeta\/feira-de-livros-a-r-10-acontece-neste-sabado-18-em-rio-branco-cerca-de-400-exemplares\/#primaryimage"},"image":{"@id":"https:\/\/nk7-testes.com.br\/agazeta\/feira-de-livros-a-r-10-acontece-neste-sabado-18-em-rio-branco-cerca-de-400-exemplares\/#primaryimage"},"thumbnailUrl":"https:\/\/nk7-testes.com.br\/agazeta\/wp-content\/uploads\/2023\/11\/feira.jpg","datePublished":"2023-11-18T19:19:14+00:00","dateModified":"2024-04-26T13:10:52+00:00","author":{"@id":"https:\/\/nk7-testes.com.br\/agazeta\/#\/schema\/person\/ff6b39d54d6973bfc57f4140f659b23f"},"breadcrumb":{"@id":"https:\/\/nk7-testes.com.br\/agazeta\/feira-de-livros-a-r-10-acontece-neste-sabado-18-em-rio-branco-cerca-de-400-exemplares\/#breadcrumb"},"inLanguage":"pt-BR","potentialAction":[{"@type":"ReadAction","target":["https:\/\/nk7-testes.com.br\/agazeta\/feira-de-livros-a-r-10-acontece-neste-sabado-18-em-rio-branco-cerca-de-400-exemplares\/"]}]},{"@type":"ImageObject","inLanguage":"pt-BR","@id":"https:\/\/nk7-testes.com.br\/agazeta\/feira-de-livros-a-r-10-acontece-neste-sabado-18-em-rio-branco-cerca-de-400-exemplares\/#primaryimage","url":"https:\/\/nk7-testes.com.br\/agazeta\/wp-content\/uploads\/2023\/11\/feira.jpg","contentUrl":"https:\/\/nk7-testes.com.br\/agazeta\/wp-content\/uploads\/2023\/11\/feira.jpg","width":800,"height":403,"caption":"Imagem: Reprodu\u00e7\u00e3o\/Instagram"},{"@type":"BreadcrumbList","@id":"https:\/\/nk7-testes.com.br\/agazeta\/feira-de-livros-a-r-10-acontece-neste-sabado-18-em-rio-branco-cerca-de-400-exemplares\/#breadcrumb","itemListElement":[{"@type":"ListItem","position":1,"name":"In\u00edcio","item":"https:\/\/nk7-testes.com.br\/agazeta\/"},{"@type":"ListItem","position":2,"name":"Feira de livros a R$ 10 acontece neste s\u00e1bado (18) em Rio Branco; cerca de 400 exemplares"}]},{"@type":"WebSite","@id":"https:\/\/nk7-testes.com.br\/agazeta\/#website","url":"https:\/\/nk7-testes.com.br\/agazeta\/","name":"Agazeta.net","description":"Agazeta.net - Not\u00edcias de Rio Branco\/AC","potentialAction":[{"@type":"SearchAction","target":{"@type":"EntryPoint","urlTemplate":"https:\/\/nk7-testes.com.br\/agazeta\/?s={search_term_string}"},"query-input":{"@type":"PropertyValueSpecification","valueRequired":true,"valueName":"search_term_string"}}],"inLanguage":"pt-BR"},{"@type":"Person","@id":"https:\/\/nk7-testes.com.br\/agazeta\/#\/schema\/person\/ff6b39d54d6973bfc57f4140f659b23f","name":"Agazeta.Net","url":"https:\/\/nk7-testes.com.br\/agazeta\/author\/agazeta\/"}]}},"_links":{"self":[{"href":"https:\/\/nk7-testes.com.br\/agazeta\/wp-json\/wp\/v2\/posts\/122194","targetHints":{"allow":["GET"]}}],"collection":[{"href":"https:\/\/nk7-testes.com.br\/agazeta\/wp-json\/wp\/v2\/posts"}],"about":[{"href":"https:\/\/nk7-testes.com.br\/agazeta\/wp-json\/wp\/v2\/types\/post"}],"author":[{"embeddable":true,"href":"https:\/\/nk7-testes.com.br\/agazeta\/wp-json\/wp\/v2\/users\/4"}],"replies":[{"embeddable":true,"href":"https:\/\/nk7-testes.com.br\/agazeta\/wp-json\/wp\/v2\/comments?post=122194"}],"version-history":[{"count":0,"href":"https:\/\/nk7-testes.com.br\/agazeta\/wp-json\/wp\/v2\/posts\/122194\/revisions"}],"wp:featuredmedia":[{"embeddable":true,"href":"https:\/\/nk7-testes.com.br\/agazeta\/wp-json\/wp\/v2\/media\/122198"}],"wp:attachment":[{"href":"https:\/\/nk7-testes.com.br\/agazeta\/wp-json\/wp\/v2\/media?parent=122194"}],"wp:term":[{"taxonomy":"category","embeddable":true,"href":"https:\/\/nk7-testes.com.br\/agazeta\/wp-json\/wp\/v2\/categories?post=122194"},{"taxonomy":"post_tag","embeddable":true,"href":"https:\/\/nk7-testes.com.br\/agazeta\/wp-json\/wp\/v2\/tags?post=122194"}],"curies":[{"name":"wp","href":"https:\/\/api.w.org\/{rel}","templated":true}]}}