{"id":122176,"date":"2023-11-17T15:18:42","date_gmt":"2023-11-17T20:18:42","guid":{"rendered":"https:\/\/abarevegan.com.br\/?p=122176"},"modified":"2023-11-17T15:18:42","modified_gmt":"2023-11-17T20:18:42","slug":"mpac-investiga-suposta-violacao-do-direito-de-banho-de-sol-dos-detentos-em-presidios-do-acre","status":"publish","type":"post","link":"https:\/\/nk7-testes.com.br\/agazeta\/mpac-investiga-suposta-violacao-do-direito-de-banho-de-sol-dos-detentos-em-presidios-do-acre\/","title":{"rendered":"MPAC investiga suposta viola\u00e7\u00e3o do direito de banho de sol dos detentos em pres\u00eddios do Acre"},"content":{"rendered":"<p style=\"text-align: justify;\">Nesta semana, o Minist\u00e9rio P\u00fablico do Acre (MPAC) ajuizou uma a\u00e7\u00e3o junto \u00e0 Vara de Execu\u00e7\u00f5es Penais, afim de garantir que o banho de sol seja oferecido aos detentos do Complexo Penitenci\u00e1rio Francisco de Oliveira Conde (F.O.C.), em Rio Branco. Segundo o MPAC, esse direito dos reeducandos est\u00e1 sendo violado.<\/p>\n<p style=\"text-align: justify;\">O Promotor de Justi\u00e7a, Tales Tranin, ressalta que as irregularidades envolvendo os banhos de sol j\u00e1 v\u00eam sendo observada h\u00e1 anos. Seguindo as regras do Supremo Tribunal Federal (STF), todos os presos, sejam condenados ou provis\u00f3rios, devem ser assegurados desse direito.<\/p>\n<p style=\"text-align: justify;\">&#8220;H\u00e1 cinco anos, o Minist\u00e9rio P\u00fablico detecta essa viola\u00e7\u00e3o dos direitos dos reeducandos concernente ao banho de sol de duas horas. Diariamente quando eu vou l\u00e1, a gente percebe que nospavilh\u00f5es uns tem outros n\u00e3o, \u00e0s vezes n\u00e3o tem nenhum.&#8221;, afirma Tranin.<\/p>\n<p style=\"text-align: justify;\">O promotor destaca que o banho de sol \u00e9 uma quest\u00e3o de sa\u00fade que precisa ser cumprida para garantir o direito dos prisioneiros. De acordo com o MPAC, as irregularidades tamb\u00e9m fazem parte do Instituto de Administra\u00e7\u00e3o Penitenci\u00e1ria (Iapen), que justifica n\u00e3o haver efetivo suficiente para cumprir com as demandas.<\/p>\n<p style=\"text-align: justify;\">A situa\u00e7\u00e3o segue aguardando pedido de aprova\u00e7\u00e3o do juiz, podendo causar ou n\u00e3o, caso aceito, crime de desobedi\u00eancia aos envolvidos pela nega\u00e7\u00e3o do direito.<\/p>\n<p style=\"text-align: justify;\"><em><strong>Mat\u00e9ria feita em v\u00eddeo pela rep\u00f3rter D\u00e9bora Ribeiro para a TV Gazeta<\/strong><\/em><\/p>\n","protected":false},"excerpt":{"rendered":"<p>Nesta semana, o Minist\u00e9rio P\u00fablico do Acre (MPAC) ajuizou uma a\u00e7\u00e3o junto \u00e0 Vara de Execu\u00e7\u00f5es Penais, afim de garantir que o banho de sol seja oferecido aos detentos do Complexo Penitenci\u00e1rio Francisco de Oliveira Conde (F.O.C.), em Rio Branco. Segundo o MPAC, esse direito dos reeducandos est\u00e1 sendo violado. O Promotor de Justi\u00e7a, Tales [&hellip;]<\/p>\n","protected":false},"author":4,"featured_media":122177,"comment_status":"open","ping_status":"open","sticky":false,"template":"","format":"standard","meta":{"jnews-multi-image_gallery":[],"jnews_single_post":{"source_name":"","source_url":"","via_name":"","via_url":"","override_template":"0","override":[{"template":"custom","single_blog_custom":"110746","parallax":"1","fullscreen":"1","layout":"right-sidebar","sidebar":"default-sidebar","second_sidebar":"default-sidebar","sticky_sidebar":"1","share_position":"top","share_float_style":"share-monocrhome","show_share_counter":"1","show_view_counter":"1","show_featured":"1","show_post_meta":"1","show_post_author":"1","show_post_author_image":"1","show_post_date":"1","post_date_format":"default","post_date_format_custom":"Y\/m\/d","show_post_category":"1","show_post_reading_time":"0","post_reading_time_wpm":"300","show_zoom_button":"0","zoom_button_out_step":"2","zoom_button_in_step":"3","show_post_tag":"1","show_prev_next_post":"1","show_popup_post":"1","number_popup_post":"1","show_author_box":"0","show_post_related":"1","show_inline_post_related":"0"}],"override_image_size":"0","image_override":[{"single_post_thumbnail_size":"crop-500","single_post_gallery_size":"crop-500"}],"trending_post":"0","trending_post_position":"meta","trending_post_label":"Trending","sponsored_post":"0","sponsored_post_label":"Sponsored by","sponsored_post_name":"","sponsored_post_url":"","sponsored_post_logo_enable":"0","sponsored_post_logo":"","sponsored_post_desc":"","disable_ad":"0"},"jnews_primary_category":{"id":"","hide":""},"jnews_social_meta":{"fb_title":"","fb_description":"","fb_image":"","twitter_title":"","twitter_description":"","twitter_image":""},"jnews_review":[],"enable_review":"0","type":"percentage","name":"","summary":"","brand":"","sku":"","good":[{"good_text":""}],"bad":[{"bad_text":""}],"score_override":"0","override_value":"","rating":[{"rating_text":"","rating_number":"10"}],"price":[{"shop":"","price":"","link":"","icon":""}],"footnotes":""},"categories":[54],"tags":[],"class_list":["post-122176","post","type-post","status-publish","format-standard","has-post-thumbnail","hentry","category-cotidiano"],"yoast_head":"<!-- This site is optimized with the Yoast SEO plugin v26.5 - https:\/\/yoast.com\/wordpress\/plugins\/seo\/ -->\n<title>MPAC investiga suposta viola\u00e7\u00e3o do direito de banho de sol dos detentos em pres\u00eddios do Acre - Agazeta.net<\/title>\n<meta name=\"robots\" content=\"index, follow, max-snippet:-1, max-image-preview:large, max-video-preview:-1\" \/>\n<link rel=\"canonical\" href=\"https:\/\/nk7-testes.com.br\/agazeta\/mpac-investiga-suposta-violacao-do-direito-de-banho-de-sol-dos-detentos-em-presidios-do-acre\/\" \/>\n<meta property=\"og:locale\" content=\"pt_BR\" \/>\n<meta property=\"og:type\" content=\"article\" \/>\n<meta property=\"og:title\" content=\"MPAC investiga suposta viola\u00e7\u00e3o do direito de banho de sol dos detentos em pres\u00eddios do Acre\" \/>\n<meta property=\"og:description\" content=\"Segundo Tales Tranin, h\u00e1 cerca de cinco anos esse direito \u00e9 violado pelo Iapen\" \/>\n<meta property=\"og:url\" content=\"https:\/\/nk7-testes.com.br\/agazeta\/mpac-investiga-suposta-violacao-do-direito-de-banho-de-sol-dos-detentos-em-presidios-do-acre\/\" \/>\n<meta property=\"og:site_name\" content=\"Agazeta.net\" \/>\n<meta property=\"article:published_time\" content=\"2023-11-17T20:18:42+00:00\" \/>\n<meta property=\"og:image\" content=\"https:\/\/nk7-testes.com.br\/agazeta\/wp-content\/uploads\/2023\/11\/Presidio_Senador_Guiomard-1024x683-1.jpg\" \/>\n\t<meta property=\"og:image:width\" content=\"800\" \/>\n\t<meta property=\"og:image:height\" content=\"400\" \/>\n\t<meta property=\"og:image:type\" content=\"image\/jpeg\" \/>\n<meta name=\"author\" content=\"Agazeta.Net\" \/>\n<meta name=\"twitter:card\" content=\"summary_large_image\" \/>\n<meta name=\"twitter:title\" content=\"MPAC investiga suposta viola\u00e7\u00e3o do direito de banho de sol dos detentos em pres\u00eddios do Acre\" \/>\n<meta name=\"twitter:description\" content=\"Segundo Tales Tranin, h\u00e1 cerca de cinco anos esse direito \u00e9 violado pelo Iapen\" \/>\n<meta name=\"twitter:image\" content=\"https:\/\/nk7-testes.com.br\/agazeta\/wp-content\/uploads\/2023\/11\/Presidio_Senador_Guiomard-1024x683-1.jpg\" \/>\n<meta name=\"twitter:label1\" content=\"Escrito por\" \/>\n\t<meta name=\"twitter:data1\" content=\"Agazeta.Net\" \/>\n\t<meta name=\"twitter:label2\" content=\"Est. tempo de leitura\" \/>\n\t<meta name=\"twitter:data2\" content=\"1 minuto\" \/>\n<script type=\"application\/ld+json\" class=\"yoast-schema-graph\">{\"@context\":\"https:\/\/schema.org\",\"@graph\":[{\"@type\":\"WebPage\",\"@id\":\"https:\/\/nk7-testes.com.br\/agazeta\/mpac-investiga-suposta-violacao-do-direito-de-banho-de-sol-dos-detentos-em-presidios-do-acre\/\",\"url\":\"https:\/\/nk7-testes.com.br\/agazeta\/mpac-investiga-suposta-violacao-do-direito-de-banho-de-sol-dos-detentos-em-presidios-do-acre\/\",\"name\":\"MPAC investiga suposta viola\u00e7\u00e3o do direito de banho de sol dos detentos em pres\u00eddios do Acre - Agazeta.net\",\"isPartOf\":{\"@id\":\"https:\/\/nk7-testes.com.br\/agazeta\/#website\"},\"primaryImageOfPage\":{\"@id\":\"https:\/\/nk7-testes.com.br\/agazeta\/mpac-investiga-suposta-violacao-do-direito-de-banho-de-sol-dos-detentos-em-presidios-do-acre\/#primaryimage\"},\"image\":{\"@id\":\"https:\/\/nk7-testes.com.br\/agazeta\/mpac-investiga-suposta-violacao-do-direito-de-banho-de-sol-dos-detentos-em-presidios-do-acre\/#primaryimage\"},\"thumbnailUrl\":\"https:\/\/nk7-testes.com.br\/agazeta\/wp-content\/uploads\/2023\/11\/Presidio_Senador_Guiomard-1024x683-1.jpg\",\"datePublished\":\"2023-11-17T20:18:42+00:00\",\"author\":{\"@id\":\"https:\/\/nk7-testes.com.br\/agazeta\/#\/schema\/person\/ff6b39d54d6973bfc57f4140f659b23f\"},\"breadcrumb\":{\"@id\":\"https:\/\/nk7-testes.com.br\/agazeta\/mpac-investiga-suposta-violacao-do-direito-de-banho-de-sol-dos-detentos-em-presidios-do-acre\/#breadcrumb\"},\"inLanguage\":\"pt-BR\",\"potentialAction\":[{\"@type\":\"ReadAction\",\"target\":[\"https:\/\/nk7-testes.com.br\/agazeta\/mpac-investiga-suposta-violacao-do-direito-de-banho-de-sol-dos-detentos-em-presidios-do-acre\/\"]}]},{\"@type\":\"ImageObject\",\"inLanguage\":\"pt-BR\",\"@id\":\"https:\/\/nk7-testes.com.br\/agazeta\/mpac-investiga-suposta-violacao-do-direito-de-banho-de-sol-dos-detentos-em-presidios-do-acre\/#primaryimage\",\"url\":\"https:\/\/nk7-testes.com.br\/agazeta\/wp-content\/uploads\/2023\/11\/Presidio_Senador_Guiomard-1024x683-1.jpg\",\"contentUrl\":\"https:\/\/nk7-testes.com.br\/agazeta\/wp-content\/uploads\/2023\/11\/Presidio_Senador_Guiomard-1024x683-1.jpg\",\"width\":800,\"height\":400,\"caption\":\"Foto: arquivo\/Secom\"},{\"@type\":\"BreadcrumbList\",\"@id\":\"https:\/\/nk7-testes.com.br\/agazeta\/mpac-investiga-suposta-violacao-do-direito-de-banho-de-sol-dos-detentos-em-presidios-do-acre\/#breadcrumb\",\"itemListElement\":[{\"@type\":\"ListItem\",\"position\":1,\"name\":\"In\u00edcio\",\"item\":\"https:\/\/nk7-testes.com.br\/agazeta\/\"},{\"@type\":\"ListItem\",\"position\":2,\"name\":\"MPAC investiga suposta viola\u00e7\u00e3o do direito de banho de sol dos detentos em pres\u00eddios do Acre\"}]},{\"@type\":\"WebSite\",\"@id\":\"https:\/\/nk7-testes.com.br\/agazeta\/#website\",\"url\":\"https:\/\/nk7-testes.com.br\/agazeta\/\",\"name\":\"Agazeta.net\",\"description\":\"Agazeta.net - Not\u00edcias de Rio Branco\/AC\",\"potentialAction\":[{\"@type\":\"SearchAction\",\"target\":{\"@type\":\"EntryPoint\",\"urlTemplate\":\"https:\/\/nk7-testes.com.br\/agazeta\/?s={search_term_string}\"},\"query-input\":{\"@type\":\"PropertyValueSpecification\",\"valueRequired\":true,\"valueName\":\"search_term_string\"}}],\"inLanguage\":\"pt-BR\"},{\"@type\":\"Person\",\"@id\":\"https:\/\/nk7-testes.com.br\/agazeta\/#\/schema\/person\/ff6b39d54d6973bfc57f4140f659b23f\",\"name\":\"Agazeta.Net\",\"url\":\"https:\/\/nk7-testes.com.br\/agazeta\/author\/agazeta\/\"}]}<\/script>\n<!-- \/ Yoast SEO plugin. -->","yoast_head_json":{"title":"MPAC investiga suposta viola\u00e7\u00e3o do direito de banho de sol dos detentos em pres\u00eddios do Acre - Agazeta.net","robots":{"index":"index","follow":"follow","max-snippet":"max-snippet:-1","max-image-preview":"max-image-preview:large","max-video-preview":"max-video-preview:-1"},"canonical":"https:\/\/nk7-testes.com.br\/agazeta\/mpac-investiga-suposta-violacao-do-direito-de-banho-de-sol-dos-detentos-em-presidios-do-acre\/","og_locale":"pt_BR","og_type":"article","og_title":"MPAC investiga suposta viola\u00e7\u00e3o do direito de banho de sol dos detentos em pres\u00eddios do Acre","og_description":"Segundo Tales Tranin, h\u00e1 cerca de cinco anos esse direito \u00e9 violado pelo Iapen","og_url":"https:\/\/nk7-testes.com.br\/agazeta\/mpac-investiga-suposta-violacao-do-direito-de-banho-de-sol-dos-detentos-em-presidios-do-acre\/","og_site_name":"Agazeta.net","article_published_time":"2023-11-17T20:18:42+00:00","og_image":[{"width":800,"height":400,"url":"https:\/\/nk7-testes.com.br\/agazeta\/wp-content\/uploads\/2023\/11\/Presidio_Senador_Guiomard-1024x683-1.jpg","type":"image\/jpeg"}],"author":"Agazeta.Net","twitter_card":"summary_large_image","twitter_title":"MPAC investiga suposta viola\u00e7\u00e3o do direito de banho de sol dos detentos em pres\u00eddios do Acre","twitter_description":"Segundo Tales Tranin, h\u00e1 cerca de cinco anos esse direito \u00e9 violado pelo Iapen","twitter_image":"https:\/\/nk7-testes.com.br\/agazeta\/wp-content\/uploads\/2023\/11\/Presidio_Senador_Guiomard-1024x683-1.jpg","twitter_misc":{"Escrito por":"Agazeta.Net","Est. tempo de leitura":"1 minuto"},"schema":{"@context":"https:\/\/schema.org","@graph":[{"@type":"WebPage","@id":"https:\/\/nk7-testes.com.br\/agazeta\/mpac-investiga-suposta-violacao-do-direito-de-banho-de-sol-dos-detentos-em-presidios-do-acre\/","url":"https:\/\/nk7-testes.com.br\/agazeta\/mpac-investiga-suposta-violacao-do-direito-de-banho-de-sol-dos-detentos-em-presidios-do-acre\/","name":"MPAC investiga suposta viola\u00e7\u00e3o do direito de banho de sol dos detentos em pres\u00eddios do Acre - Agazeta.net","isPartOf":{"@id":"https:\/\/nk7-testes.com.br\/agazeta\/#website"},"primaryImageOfPage":{"@id":"https:\/\/nk7-testes.com.br\/agazeta\/mpac-investiga-suposta-violacao-do-direito-de-banho-de-sol-dos-detentos-em-presidios-do-acre\/#primaryimage"},"image":{"@id":"https:\/\/nk7-testes.com.br\/agazeta\/mpac-investiga-suposta-violacao-do-direito-de-banho-de-sol-dos-detentos-em-presidios-do-acre\/#primaryimage"},"thumbnailUrl":"https:\/\/nk7-testes.com.br\/agazeta\/wp-content\/uploads\/2023\/11\/Presidio_Senador_Guiomard-1024x683-1.jpg","datePublished":"2023-11-17T20:18:42+00:00","author":{"@id":"https:\/\/nk7-testes.com.br\/agazeta\/#\/schema\/person\/ff6b39d54d6973bfc57f4140f659b23f"},"breadcrumb":{"@id":"https:\/\/nk7-testes.com.br\/agazeta\/mpac-investiga-suposta-violacao-do-direito-de-banho-de-sol-dos-detentos-em-presidios-do-acre\/#breadcrumb"},"inLanguage":"pt-BR","potentialAction":[{"@type":"ReadAction","target":["https:\/\/nk7-testes.com.br\/agazeta\/mpac-investiga-suposta-violacao-do-direito-de-banho-de-sol-dos-detentos-em-presidios-do-acre\/"]}]},{"@type":"ImageObject","inLanguage":"pt-BR","@id":"https:\/\/nk7-testes.com.br\/agazeta\/mpac-investiga-suposta-violacao-do-direito-de-banho-de-sol-dos-detentos-em-presidios-do-acre\/#primaryimage","url":"https:\/\/nk7-testes.com.br\/agazeta\/wp-content\/uploads\/2023\/11\/Presidio_Senador_Guiomard-1024x683-1.jpg","contentUrl":"https:\/\/nk7-testes.com.br\/agazeta\/wp-content\/uploads\/2023\/11\/Presidio_Senador_Guiomard-1024x683-1.jpg","width":800,"height":400,"caption":"Foto: arquivo\/Secom"},{"@type":"BreadcrumbList","@id":"https:\/\/nk7-testes.com.br\/agazeta\/mpac-investiga-suposta-violacao-do-direito-de-banho-de-sol-dos-detentos-em-presidios-do-acre\/#breadcrumb","itemListElement":[{"@type":"ListItem","position":1,"name":"In\u00edcio","item":"https:\/\/nk7-testes.com.br\/agazeta\/"},{"@type":"ListItem","position":2,"name":"MPAC investiga suposta viola\u00e7\u00e3o do direito de banho de sol dos detentos em pres\u00eddios do Acre"}]},{"@type":"WebSite","@id":"https:\/\/nk7-testes.com.br\/agazeta\/#website","url":"https:\/\/nk7-testes.com.br\/agazeta\/","name":"Agazeta.net","description":"Agazeta.net - Not\u00edcias de Rio Branco\/AC","potentialAction":[{"@type":"SearchAction","target":{"@type":"EntryPoint","urlTemplate":"https:\/\/nk7-testes.com.br\/agazeta\/?s={search_term_string}"},"query-input":{"@type":"PropertyValueSpecification","valueRequired":true,"valueName":"search_term_string"}}],"inLanguage":"pt-BR"},{"@type":"Person","@id":"https:\/\/nk7-testes.com.br\/agazeta\/#\/schema\/person\/ff6b39d54d6973bfc57f4140f659b23f","name":"Agazeta.Net","url":"https:\/\/nk7-testes.com.br\/agazeta\/author\/agazeta\/"}]}},"_links":{"self":[{"href":"https:\/\/nk7-testes.com.br\/agazeta\/wp-json\/wp\/v2\/posts\/122176","targetHints":{"allow":["GET"]}}],"collection":[{"href":"https:\/\/nk7-testes.com.br\/agazeta\/wp-json\/wp\/v2\/posts"}],"about":[{"href":"https:\/\/nk7-testes.com.br\/agazeta\/wp-json\/wp\/v2\/types\/post"}],"author":[{"embeddable":true,"href":"https:\/\/nk7-testes.com.br\/agazeta\/wp-json\/wp\/v2\/users\/4"}],"replies":[{"embeddable":true,"href":"https:\/\/nk7-testes.com.br\/agazeta\/wp-json\/wp\/v2\/comments?post=122176"}],"version-history":[{"count":0,"href":"https:\/\/nk7-testes.com.br\/agazeta\/wp-json\/wp\/v2\/posts\/122176\/revisions"}],"wp:featuredmedia":[{"embeddable":true,"href":"https:\/\/nk7-testes.com.br\/agazeta\/wp-json\/wp\/v2\/media\/122177"}],"wp:attachment":[{"href":"https:\/\/nk7-testes.com.br\/agazeta\/wp-json\/wp\/v2\/media?parent=122176"}],"wp:term":[{"taxonomy":"category","embeddable":true,"href":"https:\/\/nk7-testes.com.br\/agazeta\/wp-json\/wp\/v2\/categories?post=122176"},{"taxonomy":"post_tag","embeddable":true,"href":"https:\/\/nk7-testes.com.br\/agazeta\/wp-json\/wp\/v2\/tags?post=122176"}],"curies":[{"name":"wp","href":"https:\/\/api.w.org\/{rel}","templated":true}]}}