{"id":122135,"date":"2023-11-16T14:45:07","date_gmt":"2023-11-16T19:45:07","guid":{"rendered":"https:\/\/abarevegan.com.br\/?p=122135"},"modified":"2023-11-16T14:47:24","modified_gmt":"2023-11-16T19:47:24","slug":"acho-que-e-cafe-proprietarios-de-residencia-denunciam-saerb-apos-receberem-agua-preta-e-com-mau-cheiro","status":"publish","type":"post","link":"https:\/\/nk7-testes.com.br\/agazeta\/acho-que-e-cafe-proprietarios-de-residencia-denunciam-saerb-apos-receberem-agua-preta-e-com-mau-cheiro\/","title":{"rendered":"&#8216;Acho que \u00e9 caf\u00e9&#8217;: propriet\u00e1rios de resid\u00eancia denunciam Saerb, ap\u00f3s receberem \u00e1gua preta e com mau cheiro"},"content":{"rendered":"<p style=\"text-align: justify;\">A dona do lar Ad\u00e9lia Oliveira, propriet\u00e1ria de uma resid\u00eancia na Rua do Artesanato, no bairro Floresta Sul, denunciou junto ao marido, \u00e0 TV Gazeta, que, h\u00e1 cerca de uma semana, a \u00e1gua do Servi\u00e7o de \u00c1gua e Esgoto de Rio Branco (Saerb) que chega at\u00e9 sua casa est\u00e1 com uma colora\u00e7\u00e3o escura e com mau cheiro.<\/p>\n<p style=\"text-align: justify;\">Segundo ela, todas as pessoas da rua est\u00e3o com o mesmo problema. A \u00e1gua preta e com um forte cheiro come\u00e7ou a cair desde o dia 09 de novembro. A situa\u00e7\u00e3o preocupa a mulher, porque, apesar de n\u00e3o morar l\u00e1 com o marido, a casa deles est\u00e1 em finaliza\u00e7\u00e3o e em breve v\u00e3o se mudar.<\/p>\n<p style=\"text-align: justify;\">&#8220;Essa \u00e1gua est\u00e1 sendo utilizada para fazer massa de cimento. Vamos nos mudar agora e essa \u00e1gua cai assim, dessa cor, o dia inteiro. Fico muito preocupada, porque quando eu estiver morando l\u00e1 vai ser improv\u00e1vel usar essa \u00e1gua para tomar banho&#8221;, afirma Oliveira.<\/p>\n<p style=\"text-align: justify;\">O site Agazeta.net, em busca de entender a situa\u00e7\u00e3o, entrou em contato com o Saerb, que nos informou que uma equipe foi mandada at\u00e9 o local para verificar a rede. Em retorno, Ad\u00e9lia Oliveira disse que eles foram e levara uma amostra da \u00e1gua.<\/p>\n<p style=\"text-align: justify;\">&#8220;Disseram que estava suja, porque tinham feito uma limpeza e a cor preta era res\u00edduo de sujeira. Tamb\u00e9m disseram para deixar a \u00e1gua derramar para sair a sujeira. N\u00e3o resolveram nada, mas pelo menos foram at\u00e9 o local&#8221;, informou a propriet\u00e1ria da resid\u00eancia.<\/p>\n<p style=\"text-align: justify;\">Em um v\u00eddeo enviado \u00e0 TV Gazeta, o esposo de Oliveira at\u00e9 chega a dizer que se trata de \u00e1gua com caf\u00e9. &#8220;Acho que \u00e9 caf\u00e9. Isso aqui n\u00e3o \u00e9 \u00e1gua, n\u00e3o. O caf\u00e9 est\u00e1 vindo encanado&#8221;, dispara o homem, em tom de ironia.<\/p>\n","protected":false},"excerpt":{"rendered":"<p>A dona do lar Ad\u00e9lia Oliveira, propriet\u00e1ria de uma resid\u00eancia na Rua do Artesanato, no bairro Floresta Sul, denunciou junto ao marido, \u00e0 TV Gazeta, que, h\u00e1 cerca de uma semana, a \u00e1gua do Servi\u00e7o de \u00c1gua e Esgoto de Rio Branco (Saerb) que chega at\u00e9 sua casa est\u00e1 com uma colora\u00e7\u00e3o escura e com [&hellip;]<\/p>\n","protected":false},"author":4,"featured_media":122136,"comment_status":"open","ping_status":"open","sticky":false,"template":"","format":"standard","meta":{"jnews-multi-image_gallery":[],"jnews_single_post":{"source_name":"","source_url":"","via_name":"","via_url":"","override_template":"0","override":[{"template":"custom","single_blog_custom":"110746","parallax":"1","fullscreen":"1","layout":"right-sidebar","sidebar":"default-sidebar","second_sidebar":"default-sidebar","sticky_sidebar":"1","share_position":"top","share_float_style":"share-monocrhome","show_share_counter":"1","show_view_counter":"1","show_featured":"1","show_post_meta":"1","show_post_author":"1","show_post_author_image":"1","show_post_date":"1","post_date_format":"default","post_date_format_custom":"Y\/m\/d","show_post_category":"1","show_post_reading_time":"0","post_reading_time_wpm":"300","show_zoom_button":"0","zoom_button_out_step":"2","zoom_button_in_step":"3","show_post_tag":"1","show_prev_next_post":"1","show_popup_post":"1","number_popup_post":"1","show_author_box":"0","show_post_related":"1","show_inline_post_related":"0"}],"override_image_size":"0","image_override":[{"single_post_thumbnail_size":"crop-500","single_post_gallery_size":"crop-500"}],"trending_post":"0","trending_post_position":"meta","trending_post_label":"Trending","sponsored_post":"0","sponsored_post_label":"Sponsored by","sponsored_post_name":"","sponsored_post_url":"","sponsored_post_logo_enable":"0","sponsored_post_logo":"","sponsored_post_desc":"","disable_ad":"0"},"jnews_primary_category":{"id":"","hide":""},"jnews_social_meta":{"fb_title":"","fb_description":"","fb_image":"","twitter_title":"","twitter_description":"","twitter_image":""},"jnews_review":[],"enable_review":"0","type":"percentage","name":"","summary":"","brand":"","sku":"","good":[{"good_text":""}],"bad":[{"bad_text":""}],"score_override":"0","override_value":"","rating":[{"rating_text":"","rating_number":"10"}],"price":[{"shop":"","price":"","link":"","icon":""}],"footnotes":""},"categories":[54],"tags":[152],"class_list":["post-122135","post","type-post","status-publish","format-standard","has-post-thumbnail","hentry","category-cotidiano","tag-destaque"],"yoast_head":"<!-- This site is optimized with the Yoast SEO plugin v26.5 - https:\/\/yoast.com\/wordpress\/plugins\/seo\/ -->\n<title>&#039;Acho que \u00e9 caf\u00e9&#039;: propriet\u00e1rios de resid\u00eancia denunciam Saerb, ap\u00f3s receberem \u00e1gua preta e com mau cheiro - Agazeta.net<\/title>\n<meta name=\"robots\" content=\"index, follow, max-snippet:-1, max-image-preview:large, max-video-preview:-1\" \/>\n<link rel=\"canonical\" href=\"https:\/\/nk7-testes.com.br\/agazeta\/acho-que-e-cafe-proprietarios-de-residencia-denunciam-saerb-apos-receberem-agua-preta-e-com-mau-cheiro\/\" \/>\n<meta property=\"og:locale\" content=\"pt_BR\" \/>\n<meta property=\"og:type\" content=\"article\" \/>\n<meta property=\"og:title\" content=\"&#039;Acho que \u00e9 caf\u00e9&#039;: propriet\u00e1rios de resid\u00eancia denunciam Saerb, ap\u00f3s receberem \u00e1gua preta e com mau cheiro\" \/>\n<meta property=\"og:description\" content=\"Segundo Ad\u00e9lia Oliveira, a situa\u00e7\u00e3o j\u00e1 acontece desde o dia 09 deste m\u00eas\" \/>\n<meta property=\"og:url\" content=\"https:\/\/nk7-testes.com.br\/agazeta\/acho-que-e-cafe-proprietarios-de-residencia-denunciam-saerb-apos-receberem-agua-preta-e-com-mau-cheiro\/\" \/>\n<meta property=\"og:site_name\" content=\"Agazeta.net\" \/>\n<meta property=\"article:published_time\" content=\"2023-11-16T19:45:07+00:00\" \/>\n<meta property=\"article:modified_time\" content=\"2023-11-16T19:47:24+00:00\" \/>\n<meta property=\"og:image\" content=\"https:\/\/nk7-testes.com.br\/agazeta\/wp-content\/uploads\/2023\/11\/WhatsApp-Image-2023-11-16-at-14.38.39-1.jpeg\" \/>\n\t<meta property=\"og:image:width\" content=\"800\" \/>\n\t<meta property=\"og:image:height\" content=\"402\" \/>\n\t<meta property=\"og:image:type\" content=\"image\/jpeg\" \/>\n<meta name=\"author\" content=\"Agazeta.Net\" \/>\n<meta name=\"twitter:card\" content=\"summary_large_image\" \/>\n<meta name=\"twitter:title\" content=\"&#039;Acho que \u00e9 caf\u00e9&#039;: propriet\u00e1rios de resid\u00eancia denunciam Saerb, ap\u00f3s receberem \u00e1gua preta e com mau cheiro\" \/>\n<meta name=\"twitter:description\" content=\"Segundo Ad\u00e9lia Oliveira, a situa\u00e7\u00e3o j\u00e1 acontece desde o dia 09 deste m\u00eas\" \/>\n<meta name=\"twitter:image\" content=\"https:\/\/nk7-testes.com.br\/agazeta\/wp-content\/uploads\/2023\/11\/WhatsApp-Image-2023-11-16-at-14.38.39-1.jpeg\" \/>\n<meta name=\"twitter:label1\" content=\"Escrito por\" \/>\n\t<meta name=\"twitter:data1\" content=\"Agazeta.Net\" \/>\n\t<meta name=\"twitter:label2\" content=\"Est. tempo de leitura\" \/>\n\t<meta name=\"twitter:data2\" content=\"2 minutos\" \/>\n<script type=\"application\/ld+json\" class=\"yoast-schema-graph\">{\"@context\":\"https:\/\/schema.org\",\"@graph\":[{\"@type\":\"WebPage\",\"@id\":\"https:\/\/nk7-testes.com.br\/agazeta\/acho-que-e-cafe-proprietarios-de-residencia-denunciam-saerb-apos-receberem-agua-preta-e-com-mau-cheiro\/\",\"url\":\"https:\/\/nk7-testes.com.br\/agazeta\/acho-que-e-cafe-proprietarios-de-residencia-denunciam-saerb-apos-receberem-agua-preta-e-com-mau-cheiro\/\",\"name\":\"'Acho que \u00e9 caf\u00e9': propriet\u00e1rios de resid\u00eancia denunciam Saerb, ap\u00f3s receberem \u00e1gua preta e com mau cheiro - Agazeta.net\",\"isPartOf\":{\"@id\":\"https:\/\/nk7-testes.com.br\/agazeta\/#website\"},\"primaryImageOfPage\":{\"@id\":\"https:\/\/nk7-testes.com.br\/agazeta\/acho-que-e-cafe-proprietarios-de-residencia-denunciam-saerb-apos-receberem-agua-preta-e-com-mau-cheiro\/#primaryimage\"},\"image\":{\"@id\":\"https:\/\/nk7-testes.com.br\/agazeta\/acho-que-e-cafe-proprietarios-de-residencia-denunciam-saerb-apos-receberem-agua-preta-e-com-mau-cheiro\/#primaryimage\"},\"thumbnailUrl\":\"https:\/\/nk7-testes.com.br\/agazeta\/wp-content\/uploads\/2023\/11\/WhatsApp-Image-2023-11-16-at-14.38.39-1.jpeg\",\"datePublished\":\"2023-11-16T19:45:07+00:00\",\"dateModified\":\"2023-11-16T19:47:24+00:00\",\"author\":{\"@id\":\"https:\/\/nk7-testes.com.br\/agazeta\/#\/schema\/person\/ff6b39d54d6973bfc57f4140f659b23f\"},\"breadcrumb\":{\"@id\":\"https:\/\/nk7-testes.com.br\/agazeta\/acho-que-e-cafe-proprietarios-de-residencia-denunciam-saerb-apos-receberem-agua-preta-e-com-mau-cheiro\/#breadcrumb\"},\"inLanguage\":\"pt-BR\",\"potentialAction\":[{\"@type\":\"ReadAction\",\"target\":[\"https:\/\/nk7-testes.com.br\/agazeta\/acho-que-e-cafe-proprietarios-de-residencia-denunciam-saerb-apos-receberem-agua-preta-e-com-mau-cheiro\/\"]}]},{\"@type\":\"ImageObject\",\"inLanguage\":\"pt-BR\",\"@id\":\"https:\/\/nk7-testes.com.br\/agazeta\/acho-que-e-cafe-proprietarios-de-residencia-denunciam-saerb-apos-receberem-agua-preta-e-com-mau-cheiro\/#primaryimage\",\"url\":\"https:\/\/nk7-testes.com.br\/agazeta\/wp-content\/uploads\/2023\/11\/WhatsApp-Image-2023-11-16-at-14.38.39-1.jpeg\",\"contentUrl\":\"https:\/\/nk7-testes.com.br\/agazeta\/wp-content\/uploads\/2023\/11\/WhatsApp-Image-2023-11-16-at-14.38.39-1.jpeg\",\"width\":800,\"height\":402,\"caption\":\"Imagem: Cedida\"},{\"@type\":\"BreadcrumbList\",\"@id\":\"https:\/\/nk7-testes.com.br\/agazeta\/acho-que-e-cafe-proprietarios-de-residencia-denunciam-saerb-apos-receberem-agua-preta-e-com-mau-cheiro\/#breadcrumb\",\"itemListElement\":[{\"@type\":\"ListItem\",\"position\":1,\"name\":\"In\u00edcio\",\"item\":\"https:\/\/nk7-testes.com.br\/agazeta\/\"},{\"@type\":\"ListItem\",\"position\":2,\"name\":\"&#8216;Acho que \u00e9 caf\u00e9&#8217;: propriet\u00e1rios de resid\u00eancia denunciam Saerb, ap\u00f3s receberem \u00e1gua preta e com mau cheiro\"}]},{\"@type\":\"WebSite\",\"@id\":\"https:\/\/nk7-testes.com.br\/agazeta\/#website\",\"url\":\"https:\/\/nk7-testes.com.br\/agazeta\/\",\"name\":\"Agazeta.net\",\"description\":\"Agazeta.net - Not\u00edcias de Rio Branco\/AC\",\"potentialAction\":[{\"@type\":\"SearchAction\",\"target\":{\"@type\":\"EntryPoint\",\"urlTemplate\":\"https:\/\/nk7-testes.com.br\/agazeta\/?s={search_term_string}\"},\"query-input\":{\"@type\":\"PropertyValueSpecification\",\"valueRequired\":true,\"valueName\":\"search_term_string\"}}],\"inLanguage\":\"pt-BR\"},{\"@type\":\"Person\",\"@id\":\"https:\/\/nk7-testes.com.br\/agazeta\/#\/schema\/person\/ff6b39d54d6973bfc57f4140f659b23f\",\"name\":\"Agazeta.Net\",\"url\":\"https:\/\/nk7-testes.com.br\/agazeta\/author\/agazeta\/\"}]}<\/script>\n<!-- \/ Yoast SEO plugin. -->","yoast_head_json":{"title":"'Acho que \u00e9 caf\u00e9': propriet\u00e1rios de resid\u00eancia denunciam Saerb, ap\u00f3s receberem \u00e1gua preta e com mau cheiro - Agazeta.net","robots":{"index":"index","follow":"follow","max-snippet":"max-snippet:-1","max-image-preview":"max-image-preview:large","max-video-preview":"max-video-preview:-1"},"canonical":"https:\/\/nk7-testes.com.br\/agazeta\/acho-que-e-cafe-proprietarios-de-residencia-denunciam-saerb-apos-receberem-agua-preta-e-com-mau-cheiro\/","og_locale":"pt_BR","og_type":"article","og_title":"'Acho que \u00e9 caf\u00e9': propriet\u00e1rios de resid\u00eancia denunciam Saerb, ap\u00f3s receberem \u00e1gua preta e com mau cheiro","og_description":"Segundo Ad\u00e9lia Oliveira, a situa\u00e7\u00e3o j\u00e1 acontece desde o dia 09 deste m\u00eas","og_url":"https:\/\/nk7-testes.com.br\/agazeta\/acho-que-e-cafe-proprietarios-de-residencia-denunciam-saerb-apos-receberem-agua-preta-e-com-mau-cheiro\/","og_site_name":"Agazeta.net","article_published_time":"2023-11-16T19:45:07+00:00","article_modified_time":"2023-11-16T19:47:24+00:00","og_image":[{"width":800,"height":402,"url":"https:\/\/nk7-testes.com.br\/agazeta\/wp-content\/uploads\/2023\/11\/WhatsApp-Image-2023-11-16-at-14.38.39-1.jpeg","type":"image\/jpeg"}],"author":"Agazeta.Net","twitter_card":"summary_large_image","twitter_title":"'Acho que \u00e9 caf\u00e9': propriet\u00e1rios de resid\u00eancia denunciam Saerb, ap\u00f3s receberem \u00e1gua preta e com mau cheiro","twitter_description":"Segundo Ad\u00e9lia Oliveira, a situa\u00e7\u00e3o j\u00e1 acontece desde o dia 09 deste m\u00eas","twitter_image":"https:\/\/nk7-testes.com.br\/agazeta\/wp-content\/uploads\/2023\/11\/WhatsApp-Image-2023-11-16-at-14.38.39-1.jpeg","twitter_misc":{"Escrito por":"Agazeta.Net","Est. tempo de leitura":"2 minutos"},"schema":{"@context":"https:\/\/schema.org","@graph":[{"@type":"WebPage","@id":"https:\/\/nk7-testes.com.br\/agazeta\/acho-que-e-cafe-proprietarios-de-residencia-denunciam-saerb-apos-receberem-agua-preta-e-com-mau-cheiro\/","url":"https:\/\/nk7-testes.com.br\/agazeta\/acho-que-e-cafe-proprietarios-de-residencia-denunciam-saerb-apos-receberem-agua-preta-e-com-mau-cheiro\/","name":"'Acho que \u00e9 caf\u00e9': propriet\u00e1rios de resid\u00eancia denunciam Saerb, ap\u00f3s receberem \u00e1gua preta e com mau cheiro - Agazeta.net","isPartOf":{"@id":"https:\/\/nk7-testes.com.br\/agazeta\/#website"},"primaryImageOfPage":{"@id":"https:\/\/nk7-testes.com.br\/agazeta\/acho-que-e-cafe-proprietarios-de-residencia-denunciam-saerb-apos-receberem-agua-preta-e-com-mau-cheiro\/#primaryimage"},"image":{"@id":"https:\/\/nk7-testes.com.br\/agazeta\/acho-que-e-cafe-proprietarios-de-residencia-denunciam-saerb-apos-receberem-agua-preta-e-com-mau-cheiro\/#primaryimage"},"thumbnailUrl":"https:\/\/nk7-testes.com.br\/agazeta\/wp-content\/uploads\/2023\/11\/WhatsApp-Image-2023-11-16-at-14.38.39-1.jpeg","datePublished":"2023-11-16T19:45:07+00:00","dateModified":"2023-11-16T19:47:24+00:00","author":{"@id":"https:\/\/nk7-testes.com.br\/agazeta\/#\/schema\/person\/ff6b39d54d6973bfc57f4140f659b23f"},"breadcrumb":{"@id":"https:\/\/nk7-testes.com.br\/agazeta\/acho-que-e-cafe-proprietarios-de-residencia-denunciam-saerb-apos-receberem-agua-preta-e-com-mau-cheiro\/#breadcrumb"},"inLanguage":"pt-BR","potentialAction":[{"@type":"ReadAction","target":["https:\/\/nk7-testes.com.br\/agazeta\/acho-que-e-cafe-proprietarios-de-residencia-denunciam-saerb-apos-receberem-agua-preta-e-com-mau-cheiro\/"]}]},{"@type":"ImageObject","inLanguage":"pt-BR","@id":"https:\/\/nk7-testes.com.br\/agazeta\/acho-que-e-cafe-proprietarios-de-residencia-denunciam-saerb-apos-receberem-agua-preta-e-com-mau-cheiro\/#primaryimage","url":"https:\/\/nk7-testes.com.br\/agazeta\/wp-content\/uploads\/2023\/11\/WhatsApp-Image-2023-11-16-at-14.38.39-1.jpeg","contentUrl":"https:\/\/nk7-testes.com.br\/agazeta\/wp-content\/uploads\/2023\/11\/WhatsApp-Image-2023-11-16-at-14.38.39-1.jpeg","width":800,"height":402,"caption":"Imagem: Cedida"},{"@type":"BreadcrumbList","@id":"https:\/\/nk7-testes.com.br\/agazeta\/acho-que-e-cafe-proprietarios-de-residencia-denunciam-saerb-apos-receberem-agua-preta-e-com-mau-cheiro\/#breadcrumb","itemListElement":[{"@type":"ListItem","position":1,"name":"In\u00edcio","item":"https:\/\/nk7-testes.com.br\/agazeta\/"},{"@type":"ListItem","position":2,"name":"&#8216;Acho que \u00e9 caf\u00e9&#8217;: propriet\u00e1rios de resid\u00eancia denunciam Saerb, ap\u00f3s receberem \u00e1gua preta e com mau cheiro"}]},{"@type":"WebSite","@id":"https:\/\/nk7-testes.com.br\/agazeta\/#website","url":"https:\/\/nk7-testes.com.br\/agazeta\/","name":"Agazeta.net","description":"Agazeta.net - Not\u00edcias de Rio Branco\/AC","potentialAction":[{"@type":"SearchAction","target":{"@type":"EntryPoint","urlTemplate":"https:\/\/nk7-testes.com.br\/agazeta\/?s={search_term_string}"},"query-input":{"@type":"PropertyValueSpecification","valueRequired":true,"valueName":"search_term_string"}}],"inLanguage":"pt-BR"},{"@type":"Person","@id":"https:\/\/nk7-testes.com.br\/agazeta\/#\/schema\/person\/ff6b39d54d6973bfc57f4140f659b23f","name":"Agazeta.Net","url":"https:\/\/nk7-testes.com.br\/agazeta\/author\/agazeta\/"}]}},"_links":{"self":[{"href":"https:\/\/nk7-testes.com.br\/agazeta\/wp-json\/wp\/v2\/posts\/122135","targetHints":{"allow":["GET"]}}],"collection":[{"href":"https:\/\/nk7-testes.com.br\/agazeta\/wp-json\/wp\/v2\/posts"}],"about":[{"href":"https:\/\/nk7-testes.com.br\/agazeta\/wp-json\/wp\/v2\/types\/post"}],"author":[{"embeddable":true,"href":"https:\/\/nk7-testes.com.br\/agazeta\/wp-json\/wp\/v2\/users\/4"}],"replies":[{"embeddable":true,"href":"https:\/\/nk7-testes.com.br\/agazeta\/wp-json\/wp\/v2\/comments?post=122135"}],"version-history":[{"count":0,"href":"https:\/\/nk7-testes.com.br\/agazeta\/wp-json\/wp\/v2\/posts\/122135\/revisions"}],"wp:featuredmedia":[{"embeddable":true,"href":"https:\/\/nk7-testes.com.br\/agazeta\/wp-json\/wp\/v2\/media\/122136"}],"wp:attachment":[{"href":"https:\/\/nk7-testes.com.br\/agazeta\/wp-json\/wp\/v2\/media?parent=122135"}],"wp:term":[{"taxonomy":"category","embeddable":true,"href":"https:\/\/nk7-testes.com.br\/agazeta\/wp-json\/wp\/v2\/categories?post=122135"},{"taxonomy":"post_tag","embeddable":true,"href":"https:\/\/nk7-testes.com.br\/agazeta\/wp-json\/wp\/v2\/tags?post=122135"}],"curies":[{"name":"wp","href":"https:\/\/api.w.org\/{rel}","templated":true}]}}