{"id":121870,"date":"2023-11-10T16:00:12","date_gmt":"2023-11-10T21:00:12","guid":{"rendered":"https:\/\/abarevegan.com.br\/?p=121870"},"modified":"2023-11-10T16:13:41","modified_gmt":"2023-11-10T21:13:41","slug":"se-existisse-local-especifico-o-rapaz-nao-teria-morrido-afirma-membro-da-associacao-de-pipeiros-na-camara-de-rio-branco","status":"publish","type":"post","link":"https:\/\/nk7-testes.com.br\/agazeta\/se-existisse-local-especifico-o-rapaz-nao-teria-morrido-afirma-membro-da-associacao-de-pipeiros-na-camara-de-rio-branco\/","title":{"rendered":"\u201cSe existisse local espec\u00edfico, o rapaz n\u00e3o teria morrido\u201d, afirma membro da Associa\u00e7\u00e3o de Pipeiros na C\u00e2mara de Rio Branco"},"content":{"rendered":"<p style=\"text-align: justify;\">Mat\u00e9ria feita em conjunto entre<strong> Pedro Amorim<\/strong> e <strong>Jo\u00e3o Cardoso<\/strong> para o <strong>Agazeta.net<\/strong><\/p>\n<p style=\"text-align: justify;\">Com a reuni\u00e3o que aconteceu na manh\u00e3 desta sexta-feira (10) na C\u00e2mara dos Vereadores de Rio Branco para falar sobre a legalidade de empinar pipas em espa\u00e7os p\u00fablicos, a Associa\u00e7\u00e3o dos Pipeiros do Acre (APAcre) buscou reivindicar sobre a necessidade de locais espec\u00edficos para a atividade.<\/p>\n<p style=\"text-align: justify;\">Com a morte do jovem Fernando J\u00fanior no dia 05 de outubro, ao ser atingido no pesco\u00e7o por linha com cerol, v\u00e1rias reivindica\u00e7\u00f5es foram feitas em prol de justi\u00e7a pela vida do rapaz. Em decis\u00e3o un\u00e2nime, a Assembleia Legislativa do Acre (Aleac) aprovou a lei que leva o nome da v\u00edtima, que pro\u00edbe a comercializa\u00e7\u00e3o, porte e importa\u00e7\u00e3o dos materiais de linha cortantes.<\/p>\n<p style=\"text-align: justify;\">Apesar da exist\u00eancia da lei, n\u00e3o h\u00e1 uma fiscaliza\u00e7\u00e3o que ajude a manter a diretriz. Durante a sess\u00e3o, o membro da APAcre, Aldecino Fernandes, alegou que o jovem n\u00e3o teria morrido se existissem locais espec\u00edficos e p\u00fablicos para empinar pipas.<\/p>\n<p style=\"text-align: justify;\">\u201cSe tiv\u00e9ssemos esse espa\u00e7o, essa trag\u00e9dia n\u00e3o teria acontecido. N\u00e3o adianta acusar a associa\u00e7\u00e3o ou acusar quem est\u00e1 na rua, porque se tiv\u00e9ssemos o espa\u00e7o as pessoas estariam nele\u201d, disse Fernandes.<\/p>\n<p style=\"text-align: justify;\">O representante da Associa\u00e7\u00e3o tamb\u00e9m citou como exemplo a cidade de S\u00e3o Paulo, que possui locais espec\u00edficos para o esporte. Segundo ele, foi a maneira que aderiram para acabar com acidentes. Por\u00e9m, vale ressaltar que epis\u00f3dios tr\u00e1gicos envolvendo cerol \u00e9 algo relativamente comum no Brasil. Dados da &#8216;Campanha Cerol Mata&#8217; indicam que, por ano, mais de 500 acidentes s\u00e3o registrados.<\/p>\n<h4 style=\"text-align: justify;\">Mototaxistas<\/h4>\n<p style=\"text-align: justify;\">A sess\u00e3o tamb\u00e9m contou com membros da Associa\u00e7\u00e3o dos Mototaxistas do Acre. O grupo, assim como a fam\u00edlia de Fernando J\u00fanior, cobra por uma maior fiscaliza\u00e7\u00e3o da atividade.<\/p>\n<p style=\"text-align: justify;\">\u201cA fam\u00edlia est\u00e1 revoltada com o que aconteceu com esse rapaz. Podia ser comigo ou qualquer ou qualquer outro companheiro de moto. Somos a favor da lei que pro\u00edbe a atividade, ou pelo menos contra a linha chilena, que \u00e9 mais perigosa&#8221;, afirmou o mototaxista Francisco Nunes.<\/p>\n<p style=\"text-align: justify;\">Na audi\u00eancia, a fam\u00edlia da v\u00edtima tamb\u00e9m estava presente. Durante a sess\u00e3o, troca de acusa\u00e7\u00f5es foram feitas por pessoas que acompanhavam o debate. Palavras como \u201ccriminoso&#8221; e &#8220;desocupado\u201d foram usadas contra membros da APAcre. Em resposta, o grupo indicou que o caso era um \u201cproblema da justi\u00e7a\u201d e n\u00e3o de quem empina pipas.<\/p>\n<p><em>Estagi\u00e1rio supervisionado por Gisele Almeida<\/em><\/p>\n","protected":false},"excerpt":{"rendered":"<p>Mat\u00e9ria feita em conjunto entre Pedro Amorim e Jo\u00e3o Cardoso para o Agazeta.net Com a reuni\u00e3o que aconteceu na manh\u00e3 desta sexta-feira (10) na C\u00e2mara dos Vereadores de Rio Branco para falar sobre a legalidade de empinar pipas em espa\u00e7os p\u00fablicos, a Associa\u00e7\u00e3o dos Pipeiros do Acre (APAcre) buscou reivindicar sobre a necessidade de locais [&hellip;]<\/p>\n","protected":false},"author":4,"featured_media":121873,"comment_status":"open","ping_status":"open","sticky":false,"template":"","format":"standard","meta":{"jnews-multi-image_gallery":[],"jnews_single_post":{"source_name":"","source_url":"","via_name":"","via_url":"","override_template":"0","override":[{"template":"custom","single_blog_custom":"110746","parallax":"1","fullscreen":"1","layout":"right-sidebar","sidebar":"default-sidebar","second_sidebar":"default-sidebar","sticky_sidebar":"1","share_position":"top","share_float_style":"share-monocrhome","show_share_counter":"1","show_view_counter":"1","show_featured":"1","show_post_meta":"1","show_post_author":"1","show_post_author_image":"1","show_post_date":"1","post_date_format":"default","post_date_format_custom":"Y\/m\/d","show_post_category":"1","show_post_reading_time":"0","post_reading_time_wpm":"300","show_zoom_button":"0","zoom_button_out_step":"2","zoom_button_in_step":"3","show_post_tag":"1","show_prev_next_post":"1","show_popup_post":"1","number_popup_post":"1","show_author_box":"0","show_post_related":"1","show_inline_post_related":"0"}],"override_image_size":"0","image_override":[{"single_post_thumbnail_size":"crop-500","single_post_gallery_size":"crop-500"}],"trending_post":"0","trending_post_position":"meta","trending_post_label":"Trending","sponsored_post":"0","sponsored_post_label":"Sponsored by","sponsored_post_name":"","sponsored_post_url":"","sponsored_post_logo_enable":"0","sponsored_post_logo":"","sponsored_post_desc":"","disable_ad":"0"},"jnews_primary_category":{"id":"","hide":""},"jnews_social_meta":{"fb_title":"","fb_description":"","fb_image":"","twitter_title":"","twitter_description":"","twitter_image":""},"jnews_review":[],"enable_review":"0","type":"percentage","name":"","summary":"","brand":"","sku":"","good":[{"good_text":""}],"bad":[{"bad_text":""}],"score_override":"0","override_value":"","rating":[{"rating_text":"","rating_number":"10"}],"price":[{"shop":"","price":"","link":"","icon":""}],"footnotes":""},"categories":[54],"tags":[],"class_list":["post-121870","post","type-post","status-publish","format-standard","has-post-thumbnail","hentry","category-cotidiano"],"yoast_head":"<!-- This site is optimized with the Yoast SEO plugin v26.5 - https:\/\/yoast.com\/wordpress\/plugins\/seo\/ -->\n<title>\u201cSe existisse local espec\u00edfico, o rapaz n\u00e3o teria morrido\u201d, afirma membro da Associa\u00e7\u00e3o de Pipeiros na C\u00e2mara de Rio Branco - Agazeta.net<\/title>\n<meta name=\"robots\" content=\"index, follow, max-snippet:-1, max-image-preview:large, max-video-preview:-1\" \/>\n<link rel=\"canonical\" href=\"https:\/\/nk7-testes.com.br\/agazeta\/se-existisse-local-especifico-o-rapaz-nao-teria-morrido-afirma-membro-da-associacao-de-pipeiros-na-camara-de-rio-branco\/\" \/>\n<meta property=\"og:locale\" content=\"pt_BR\" \/>\n<meta property=\"og:type\" content=\"article\" \/>\n<meta property=\"og:title\" content=\"\u201cSe existisse local espec\u00edfico, o rapaz n\u00e3o teria morrido\u201d, afirma membro da Associa\u00e7\u00e3o de Pipeiros na C\u00e2mara de Rio Branco\" \/>\n<meta property=\"og:description\" content=\"A sess\u00e3o aconteceu na manh\u00e3 desta sexta-feira (10) e familiares de Fernando J\u00fanior estavam presentes\" \/>\n<meta property=\"og:url\" content=\"https:\/\/nk7-testes.com.br\/agazeta\/se-existisse-local-especifico-o-rapaz-nao-teria-morrido-afirma-membro-da-associacao-de-pipeiros-na-camara-de-rio-branco\/\" \/>\n<meta property=\"og:site_name\" content=\"Agazeta.net\" \/>\n<meta property=\"article:published_time\" content=\"2023-11-10T21:00:12+00:00\" \/>\n<meta property=\"article:modified_time\" content=\"2023-11-10T21:13:41+00:00\" \/>\n<meta property=\"og:image\" content=\"https:\/\/nk7-testes.com.br\/agazeta\/wp-content\/uploads\/2023\/11\/up_ag_5585_a7dab266-4257-4531-5a99-4f4a9ebe95e4.jpg\" \/>\n\t<meta property=\"og:image:width\" content=\"749\" \/>\n\t<meta property=\"og:image:height\" content=\"415\" \/>\n\t<meta property=\"og:image:type\" content=\"image\/jpeg\" \/>\n<meta name=\"author\" content=\"Agazeta.Net\" \/>\n<meta name=\"twitter:card\" content=\"summary_large_image\" \/>\n<meta name=\"twitter:title\" content=\"\u201cSe existisse local espec\u00edfico, o rapaz n\u00e3o teria morrido\u201d, afirma membro da Associa\u00e7\u00e3o de Pipeiros na C\u00e2mara de Rio Branco\" \/>\n<meta name=\"twitter:description\" content=\"A sess\u00e3o aconteceu na manh\u00e3 desta sexta-feira (10) e familiares de Fernando J\u00fanior estavam presentes\" \/>\n<meta name=\"twitter:image\" content=\"https:\/\/nk7-testes.com.br\/agazeta\/wp-content\/uploads\/2023\/11\/up_ag_5585_a7dab266-4257-4531-5a99-4f4a9ebe95e4.jpg\" \/>\n<meta name=\"twitter:label1\" content=\"Escrito por\" \/>\n\t<meta name=\"twitter:data1\" content=\"Agazeta.Net\" \/>\n\t<meta name=\"twitter:label2\" content=\"Est. tempo de leitura\" \/>\n\t<meta name=\"twitter:data2\" content=\"2 minutos\" \/>\n<script type=\"application\/ld+json\" class=\"yoast-schema-graph\">{\"@context\":\"https:\/\/schema.org\",\"@graph\":[{\"@type\":\"WebPage\",\"@id\":\"https:\/\/nk7-testes.com.br\/agazeta\/se-existisse-local-especifico-o-rapaz-nao-teria-morrido-afirma-membro-da-associacao-de-pipeiros-na-camara-de-rio-branco\/\",\"url\":\"https:\/\/nk7-testes.com.br\/agazeta\/se-existisse-local-especifico-o-rapaz-nao-teria-morrido-afirma-membro-da-associacao-de-pipeiros-na-camara-de-rio-branco\/\",\"name\":\"\u201cSe existisse local espec\u00edfico, o rapaz n\u00e3o teria morrido\u201d, afirma membro da Associa\u00e7\u00e3o de Pipeiros na C\u00e2mara de Rio Branco - Agazeta.net\",\"isPartOf\":{\"@id\":\"https:\/\/nk7-testes.com.br\/agazeta\/#website\"},\"primaryImageOfPage\":{\"@id\":\"https:\/\/nk7-testes.com.br\/agazeta\/se-existisse-local-especifico-o-rapaz-nao-teria-morrido-afirma-membro-da-associacao-de-pipeiros-na-camara-de-rio-branco\/#primaryimage\"},\"image\":{\"@id\":\"https:\/\/nk7-testes.com.br\/agazeta\/se-existisse-local-especifico-o-rapaz-nao-teria-morrido-afirma-membro-da-associacao-de-pipeiros-na-camara-de-rio-branco\/#primaryimage\"},\"thumbnailUrl\":\"https:\/\/nk7-testes.com.br\/agazeta\/wp-content\/uploads\/2023\/11\/up_ag_5585_a7dab266-4257-4531-5a99-4f4a9ebe95e4.jpg\",\"datePublished\":\"2023-11-10T21:00:12+00:00\",\"dateModified\":\"2023-11-10T21:13:41+00:00\",\"author\":{\"@id\":\"https:\/\/nk7-testes.com.br\/agazeta\/#\/schema\/person\/ff6b39d54d6973bfc57f4140f659b23f\"},\"breadcrumb\":{\"@id\":\"https:\/\/nk7-testes.com.br\/agazeta\/se-existisse-local-especifico-o-rapaz-nao-teria-morrido-afirma-membro-da-associacao-de-pipeiros-na-camara-de-rio-branco\/#breadcrumb\"},\"inLanguage\":\"pt-BR\",\"potentialAction\":[{\"@type\":\"ReadAction\",\"target\":[\"https:\/\/nk7-testes.com.br\/agazeta\/se-existisse-local-especifico-o-rapaz-nao-teria-morrido-afirma-membro-da-associacao-de-pipeiros-na-camara-de-rio-branco\/\"]}]},{\"@type\":\"ImageObject\",\"inLanguage\":\"pt-BR\",\"@id\":\"https:\/\/nk7-testes.com.br\/agazeta\/se-existisse-local-especifico-o-rapaz-nao-teria-morrido-afirma-membro-da-associacao-de-pipeiros-na-camara-de-rio-branco\/#primaryimage\",\"url\":\"https:\/\/nk7-testes.com.br\/agazeta\/wp-content\/uploads\/2023\/11\/up_ag_5585_a7dab266-4257-4531-5a99-4f4a9ebe95e4.jpg\",\"contentUrl\":\"https:\/\/nk7-testes.com.br\/agazeta\/wp-content\/uploads\/2023\/11\/up_ag_5585_a7dab266-4257-4531-5a99-4f4a9ebe95e4.jpg\",\"width\":749,\"height\":415},{\"@type\":\"BreadcrumbList\",\"@id\":\"https:\/\/nk7-testes.com.br\/agazeta\/se-existisse-local-especifico-o-rapaz-nao-teria-morrido-afirma-membro-da-associacao-de-pipeiros-na-camara-de-rio-branco\/#breadcrumb\",\"itemListElement\":[{\"@type\":\"ListItem\",\"position\":1,\"name\":\"In\u00edcio\",\"item\":\"https:\/\/nk7-testes.com.br\/agazeta\/\"},{\"@type\":\"ListItem\",\"position\":2,\"name\":\"\u201cSe existisse local espec\u00edfico, o rapaz n\u00e3o teria morrido\u201d, afirma membro da Associa\u00e7\u00e3o de Pipeiros na C\u00e2mara de Rio Branco\"}]},{\"@type\":\"WebSite\",\"@id\":\"https:\/\/nk7-testes.com.br\/agazeta\/#website\",\"url\":\"https:\/\/nk7-testes.com.br\/agazeta\/\",\"name\":\"Agazeta.net\",\"description\":\"Agazeta.net - Not\u00edcias de Rio Branco\/AC\",\"potentialAction\":[{\"@type\":\"SearchAction\",\"target\":{\"@type\":\"EntryPoint\",\"urlTemplate\":\"https:\/\/nk7-testes.com.br\/agazeta\/?s={search_term_string}\"},\"query-input\":{\"@type\":\"PropertyValueSpecification\",\"valueRequired\":true,\"valueName\":\"search_term_string\"}}],\"inLanguage\":\"pt-BR\"},{\"@type\":\"Person\",\"@id\":\"https:\/\/nk7-testes.com.br\/agazeta\/#\/schema\/person\/ff6b39d54d6973bfc57f4140f659b23f\",\"name\":\"Agazeta.Net\",\"url\":\"https:\/\/nk7-testes.com.br\/agazeta\/author\/agazeta\/\"}]}<\/script>\n<!-- \/ Yoast SEO plugin. -->","yoast_head_json":{"title":"\u201cSe existisse local espec\u00edfico, o rapaz n\u00e3o teria morrido\u201d, afirma membro da Associa\u00e7\u00e3o de Pipeiros na C\u00e2mara de Rio Branco - Agazeta.net","robots":{"index":"index","follow":"follow","max-snippet":"max-snippet:-1","max-image-preview":"max-image-preview:large","max-video-preview":"max-video-preview:-1"},"canonical":"https:\/\/nk7-testes.com.br\/agazeta\/se-existisse-local-especifico-o-rapaz-nao-teria-morrido-afirma-membro-da-associacao-de-pipeiros-na-camara-de-rio-branco\/","og_locale":"pt_BR","og_type":"article","og_title":"\u201cSe existisse local espec\u00edfico, o rapaz n\u00e3o teria morrido\u201d, afirma membro da Associa\u00e7\u00e3o de Pipeiros na C\u00e2mara de Rio Branco","og_description":"A sess\u00e3o aconteceu na manh\u00e3 desta sexta-feira (10) e familiares de Fernando J\u00fanior estavam presentes","og_url":"https:\/\/nk7-testes.com.br\/agazeta\/se-existisse-local-especifico-o-rapaz-nao-teria-morrido-afirma-membro-da-associacao-de-pipeiros-na-camara-de-rio-branco\/","og_site_name":"Agazeta.net","article_published_time":"2023-11-10T21:00:12+00:00","article_modified_time":"2023-11-10T21:13:41+00:00","og_image":[{"width":749,"height":415,"url":"https:\/\/nk7-testes.com.br\/agazeta\/wp-content\/uploads\/2023\/11\/up_ag_5585_a7dab266-4257-4531-5a99-4f4a9ebe95e4.jpg","type":"image\/jpeg"}],"author":"Agazeta.Net","twitter_card":"summary_large_image","twitter_title":"\u201cSe existisse local espec\u00edfico, o rapaz n\u00e3o teria morrido\u201d, afirma membro da Associa\u00e7\u00e3o de Pipeiros na C\u00e2mara de Rio Branco","twitter_description":"A sess\u00e3o aconteceu na manh\u00e3 desta sexta-feira (10) e familiares de Fernando J\u00fanior estavam presentes","twitter_image":"https:\/\/nk7-testes.com.br\/agazeta\/wp-content\/uploads\/2023\/11\/up_ag_5585_a7dab266-4257-4531-5a99-4f4a9ebe95e4.jpg","twitter_misc":{"Escrito por":"Agazeta.Net","Est. tempo de leitura":"2 minutos"},"schema":{"@context":"https:\/\/schema.org","@graph":[{"@type":"WebPage","@id":"https:\/\/nk7-testes.com.br\/agazeta\/se-existisse-local-especifico-o-rapaz-nao-teria-morrido-afirma-membro-da-associacao-de-pipeiros-na-camara-de-rio-branco\/","url":"https:\/\/nk7-testes.com.br\/agazeta\/se-existisse-local-especifico-o-rapaz-nao-teria-morrido-afirma-membro-da-associacao-de-pipeiros-na-camara-de-rio-branco\/","name":"\u201cSe existisse local espec\u00edfico, o rapaz n\u00e3o teria morrido\u201d, afirma membro da Associa\u00e7\u00e3o de Pipeiros na C\u00e2mara de Rio Branco - Agazeta.net","isPartOf":{"@id":"https:\/\/nk7-testes.com.br\/agazeta\/#website"},"primaryImageOfPage":{"@id":"https:\/\/nk7-testes.com.br\/agazeta\/se-existisse-local-especifico-o-rapaz-nao-teria-morrido-afirma-membro-da-associacao-de-pipeiros-na-camara-de-rio-branco\/#primaryimage"},"image":{"@id":"https:\/\/nk7-testes.com.br\/agazeta\/se-existisse-local-especifico-o-rapaz-nao-teria-morrido-afirma-membro-da-associacao-de-pipeiros-na-camara-de-rio-branco\/#primaryimage"},"thumbnailUrl":"https:\/\/nk7-testes.com.br\/agazeta\/wp-content\/uploads\/2023\/11\/up_ag_5585_a7dab266-4257-4531-5a99-4f4a9ebe95e4.jpg","datePublished":"2023-11-10T21:00:12+00:00","dateModified":"2023-11-10T21:13:41+00:00","author":{"@id":"https:\/\/nk7-testes.com.br\/agazeta\/#\/schema\/person\/ff6b39d54d6973bfc57f4140f659b23f"},"breadcrumb":{"@id":"https:\/\/nk7-testes.com.br\/agazeta\/se-existisse-local-especifico-o-rapaz-nao-teria-morrido-afirma-membro-da-associacao-de-pipeiros-na-camara-de-rio-branco\/#breadcrumb"},"inLanguage":"pt-BR","potentialAction":[{"@type":"ReadAction","target":["https:\/\/nk7-testes.com.br\/agazeta\/se-existisse-local-especifico-o-rapaz-nao-teria-morrido-afirma-membro-da-associacao-de-pipeiros-na-camara-de-rio-branco\/"]}]},{"@type":"ImageObject","inLanguage":"pt-BR","@id":"https:\/\/nk7-testes.com.br\/agazeta\/se-existisse-local-especifico-o-rapaz-nao-teria-morrido-afirma-membro-da-associacao-de-pipeiros-na-camara-de-rio-branco\/#primaryimage","url":"https:\/\/nk7-testes.com.br\/agazeta\/wp-content\/uploads\/2023\/11\/up_ag_5585_a7dab266-4257-4531-5a99-4f4a9ebe95e4.jpg","contentUrl":"https:\/\/nk7-testes.com.br\/agazeta\/wp-content\/uploads\/2023\/11\/up_ag_5585_a7dab266-4257-4531-5a99-4f4a9ebe95e4.jpg","width":749,"height":415},{"@type":"BreadcrumbList","@id":"https:\/\/nk7-testes.com.br\/agazeta\/se-existisse-local-especifico-o-rapaz-nao-teria-morrido-afirma-membro-da-associacao-de-pipeiros-na-camara-de-rio-branco\/#breadcrumb","itemListElement":[{"@type":"ListItem","position":1,"name":"In\u00edcio","item":"https:\/\/nk7-testes.com.br\/agazeta\/"},{"@type":"ListItem","position":2,"name":"\u201cSe existisse local espec\u00edfico, o rapaz n\u00e3o teria morrido\u201d, afirma membro da Associa\u00e7\u00e3o de Pipeiros na C\u00e2mara de Rio Branco"}]},{"@type":"WebSite","@id":"https:\/\/nk7-testes.com.br\/agazeta\/#website","url":"https:\/\/nk7-testes.com.br\/agazeta\/","name":"Agazeta.net","description":"Agazeta.net - Not\u00edcias de Rio Branco\/AC","potentialAction":[{"@type":"SearchAction","target":{"@type":"EntryPoint","urlTemplate":"https:\/\/nk7-testes.com.br\/agazeta\/?s={search_term_string}"},"query-input":{"@type":"PropertyValueSpecification","valueRequired":true,"valueName":"search_term_string"}}],"inLanguage":"pt-BR"},{"@type":"Person","@id":"https:\/\/nk7-testes.com.br\/agazeta\/#\/schema\/person\/ff6b39d54d6973bfc57f4140f659b23f","name":"Agazeta.Net","url":"https:\/\/nk7-testes.com.br\/agazeta\/author\/agazeta\/"}]}},"_links":{"self":[{"href":"https:\/\/nk7-testes.com.br\/agazeta\/wp-json\/wp\/v2\/posts\/121870","targetHints":{"allow":["GET"]}}],"collection":[{"href":"https:\/\/nk7-testes.com.br\/agazeta\/wp-json\/wp\/v2\/posts"}],"about":[{"href":"https:\/\/nk7-testes.com.br\/agazeta\/wp-json\/wp\/v2\/types\/post"}],"author":[{"embeddable":true,"href":"https:\/\/nk7-testes.com.br\/agazeta\/wp-json\/wp\/v2\/users\/4"}],"replies":[{"embeddable":true,"href":"https:\/\/nk7-testes.com.br\/agazeta\/wp-json\/wp\/v2\/comments?post=121870"}],"version-history":[{"count":0,"href":"https:\/\/nk7-testes.com.br\/agazeta\/wp-json\/wp\/v2\/posts\/121870\/revisions"}],"wp:featuredmedia":[{"embeddable":true,"href":"https:\/\/nk7-testes.com.br\/agazeta\/wp-json\/wp\/v2\/media\/121873"}],"wp:attachment":[{"href":"https:\/\/nk7-testes.com.br\/agazeta\/wp-json\/wp\/v2\/media?parent=121870"}],"wp:term":[{"taxonomy":"category","embeddable":true,"href":"https:\/\/nk7-testes.com.br\/agazeta\/wp-json\/wp\/v2\/categories?post=121870"},{"taxonomy":"post_tag","embeddable":true,"href":"https:\/\/nk7-testes.com.br\/agazeta\/wp-json\/wp\/v2\/tags?post=121870"}],"curies":[{"name":"wp","href":"https:\/\/api.w.org\/{rel}","templated":true}]}}