{"id":121795,"date":"2023-11-09T16:06:38","date_gmt":"2023-11-09T21:06:38","guid":{"rendered":"https:\/\/abarevegan.com.br\/?p=121795"},"modified":"2023-11-09T16:06:38","modified_gmt":"2023-11-09T21:06:38","slug":"menos-de-um-mes-apos-entrega-casas-doadas-pela-prefeitura-de-rio-branco-sao-colocadas-a-venda","status":"publish","type":"post","link":"https:\/\/nk7-testes.com.br\/agazeta\/menos-de-um-mes-apos-entrega-casas-doadas-pela-prefeitura-de-rio-branco-sao-colocadas-a-venda\/","title":{"rendered":"Menos de um m\u00eas ap\u00f3s entrega, casas doadas pela Prefeitura de Rio Branco s\u00e3o colocadas \u00e0 venda"},"content":{"rendered":"<p>Por <strong>Jo\u00e3o Cardoso<\/strong> para o <strong>Agazeta.net<\/strong><\/p>\n<p style=\"text-align: justify;\">No dia 09 de outubro deste ano, a Prefeitura de Rio Branco entregou, no bairro Santo Afonso, 16 casas para as pessoas que alegam estar em situa\u00e7\u00e3o de vulnerabilidade social. Ap\u00f3s menos de um m\u00eas da entrega, fam\u00edlias come\u00e7aram a anunciar a venda das casas nas redes sociais e viralizaram com a publica\u00e7\u00e3o.<\/p>\n<p style=\"text-align: justify;\">Com as den\u00fancias, v\u00e1rias informa\u00e7\u00f5es sobre o ocorrido foram colocadas em pauta. Nas redes sociais, algumas especula\u00e7\u00f5es come\u00e7aram a circular, como a de que as fam\u00edlias estariam sendo expulsas de suas casas por organiza\u00e7\u00f5es criminosas da regi\u00e3o.<\/p>\n<p style=\"text-align: justify;\">Uma s\u00e9rie de informa\u00e7\u00f5es est\u00e3o sendo apuradas para solucionar o caso. Em resposta, a Secretaria Municipal de Assist\u00eancia Social e Direitos Humanos (SASDH) ressaltou que vai realizar procedimentos administrativos e buscar ajuda do Minist\u00e9rio P\u00fablico do Acre (MPAC).<\/p>\n<p style=\"text-align: justify;\">\u201cRecebemos as informa\u00e7\u00f5es atrav\u00e9s da imprensa, estamos apurando e abrindo os procedimentos necess\u00e1rios. Todas as casas v\u00e3o ter um processo de acompanhamento para essa situa\u00e7\u00e3o, visto que, no contrato, as resid\u00eancias s\u00f3 podem ser alugadas ou vendidas a partir de 24 meses\u201d, afirma Ivan Ferreira, diretor de Assist\u00eancia Social da SASDH.<\/p>\n<p style=\"text-align: justify;\">Ainda segundo a Secretaria, as medidas necess\u00e1rias ser\u00e3o tomadas em conjunto com outras pastas da Seguran\u00e7a P\u00fablica.<\/p>\n<p style=\"text-align: justify;\">As 16 casas entregues fazem parte de um programa de crescimento econ\u00f4mico e social do Governo Federal, que contemplou pessoas de baixa renda registradas no Cadastro \u00danico (Cad\u00fanico), o servi\u00e7o de informa\u00e7\u00f5es socioecon\u00f4micas do Estado.<\/p>\n<p><em>Estagi\u00e1rio supervisionado por Gisele Almeida\u00a0<\/em><\/p>\n","protected":false},"excerpt":{"rendered":"<p>Por Jo\u00e3o Cardoso para o Agazeta.net No dia 09 de outubro deste ano, a Prefeitura de Rio Branco entregou, no bairro Santo Afonso, 16 casas para as pessoas que alegam estar em situa\u00e7\u00e3o de vulnerabilidade social. Ap\u00f3s menos de um m\u00eas da entrega, fam\u00edlias come\u00e7aram a anunciar a venda das casas nas redes sociais e [&hellip;]<\/p>\n","protected":false},"author":4,"featured_media":121798,"comment_status":"open","ping_status":"open","sticky":false,"template":"","format":"standard","meta":{"jnews-multi-image_gallery":[],"jnews_single_post":{"source_name":"","source_url":"","via_name":"","via_url":"","override_template":"0","override":[{"template":"custom","single_blog_custom":"110746","parallax":"1","fullscreen":"1","layout":"right-sidebar","sidebar":"default-sidebar","second_sidebar":"default-sidebar","sticky_sidebar":"1","share_position":"top","share_float_style":"share-monocrhome","show_share_counter":"1","show_view_counter":"1","show_featured":"1","show_post_meta":"1","show_post_author":"1","show_post_author_image":"1","show_post_date":"1","post_date_format":"default","post_date_format_custom":"Y\/m\/d","show_post_category":"1","show_post_reading_time":"0","post_reading_time_wpm":"300","show_zoom_button":"0","zoom_button_out_step":"2","zoom_button_in_step":"3","show_post_tag":"1","show_prev_next_post":"1","show_popup_post":"1","number_popup_post":"1","show_author_box":"0","show_post_related":"1","show_inline_post_related":"0"}],"override_image_size":"0","image_override":[{"single_post_thumbnail_size":"crop-500","single_post_gallery_size":"crop-500"}],"trending_post":"0","trending_post_position":"meta","trending_post_label":"Trending","sponsored_post":"0","sponsored_post_label":"Sponsored by","sponsored_post_name":"","sponsored_post_url":"","sponsored_post_logo_enable":"0","sponsored_post_logo":"","sponsored_post_desc":"","disable_ad":"0"},"jnews_primary_category":{"id":"","hide":""},"jnews_social_meta":{"fb_title":"","fb_description":"","fb_image":"","twitter_title":"","twitter_description":"","twitter_image":""},"jnews_review":[],"enable_review":"0","type":"percentage","name":"","summary":"","brand":"","sku":"","good":[{"good_text":""}],"bad":[{"bad_text":""}],"score_override":"0","override_value":"","rating":[{"rating_text":"","rating_number":"10"}],"price":[{"shop":"","price":"","link":"","icon":""}],"footnotes":""},"categories":[54],"tags":[152],"class_list":["post-121795","post","type-post","status-publish","format-standard","has-post-thumbnail","hentry","category-cotidiano","tag-destaque"],"yoast_head":"<!-- This site is optimized with the Yoast SEO plugin v26.5 - https:\/\/yoast.com\/wordpress\/plugins\/seo\/ -->\n<title>Menos de um m\u00eas ap\u00f3s entrega, casas doadas pela Prefeitura de Rio Branco s\u00e3o colocadas \u00e0 venda - Agazeta.net<\/title>\n<meta name=\"robots\" content=\"index, follow, max-snippet:-1, max-image-preview:large, max-video-preview:-1\" \/>\n<link rel=\"canonical\" href=\"https:\/\/nk7-testes.com.br\/agazeta\/menos-de-um-mes-apos-entrega-casas-doadas-pela-prefeitura-de-rio-branco-sao-colocadas-a-venda\/\" \/>\n<meta property=\"og:locale\" content=\"pt_BR\" \/>\n<meta property=\"og:type\" content=\"article\" \/>\n<meta property=\"og:title\" content=\"Menos de um m\u00eas ap\u00f3s entrega, casas doadas pela Prefeitura de Rio Branco s\u00e3o colocadas \u00e0 venda\" \/>\n<meta property=\"og:description\" content=\"As 16 casas entregues fazem parte de um projeto que contemplou pessoas de baixa renda\" \/>\n<meta property=\"og:url\" content=\"https:\/\/nk7-testes.com.br\/agazeta\/menos-de-um-mes-apos-entrega-casas-doadas-pela-prefeitura-de-rio-branco-sao-colocadas-a-venda\/\" \/>\n<meta property=\"og:site_name\" content=\"Agazeta.net\" \/>\n<meta property=\"article:published_time\" content=\"2023-11-09T21:06:38+00:00\" \/>\n<meta property=\"og:image\" content=\"https:\/\/nk7-testes.com.br\/agazeta\/wp-content\/uploads\/2023\/11\/Sobrados-Santo-Afonso-23-1536x1024-1.jpeg\" \/>\n\t<meta property=\"og:image:width\" content=\"800\" \/>\n\t<meta property=\"og:image:height\" content=\"404\" \/>\n\t<meta property=\"og:image:type\" content=\"image\/jpeg\" \/>\n<meta name=\"author\" content=\"Agazeta.Net\" \/>\n<meta name=\"twitter:card\" content=\"summary_large_image\" \/>\n<meta name=\"twitter:title\" content=\"Menos de um m\u00eas ap\u00f3s entrega, casas doadas pela Prefeitura de Rio Branco s\u00e3o colocadas \u00e0 venda\" \/>\n<meta name=\"twitter:description\" content=\"As 16 casas entregues fazem parte de um projeto que contemplou pessoas de baixa renda\" \/>\n<meta name=\"twitter:image\" content=\"https:\/\/nk7-testes.com.br\/agazeta\/wp-content\/uploads\/2023\/11\/Sobrados-Santo-Afonso-23-1536x1024-1.jpeg\" \/>\n<meta name=\"twitter:label1\" content=\"Escrito por\" \/>\n\t<meta name=\"twitter:data1\" content=\"Agazeta.Net\" \/>\n\t<meta name=\"twitter:label2\" content=\"Est. tempo de leitura\" \/>\n\t<meta name=\"twitter:data2\" content=\"1 minuto\" \/>\n<script type=\"application\/ld+json\" class=\"yoast-schema-graph\">{\"@context\":\"https:\/\/schema.org\",\"@graph\":[{\"@type\":\"WebPage\",\"@id\":\"https:\/\/nk7-testes.com.br\/agazeta\/menos-de-um-mes-apos-entrega-casas-doadas-pela-prefeitura-de-rio-branco-sao-colocadas-a-venda\/\",\"url\":\"https:\/\/nk7-testes.com.br\/agazeta\/menos-de-um-mes-apos-entrega-casas-doadas-pela-prefeitura-de-rio-branco-sao-colocadas-a-venda\/\",\"name\":\"Menos de um m\u00eas ap\u00f3s entrega, casas doadas pela Prefeitura de Rio Branco s\u00e3o colocadas \u00e0 venda - Agazeta.net\",\"isPartOf\":{\"@id\":\"https:\/\/nk7-testes.com.br\/agazeta\/#website\"},\"primaryImageOfPage\":{\"@id\":\"https:\/\/nk7-testes.com.br\/agazeta\/menos-de-um-mes-apos-entrega-casas-doadas-pela-prefeitura-de-rio-branco-sao-colocadas-a-venda\/#primaryimage\"},\"image\":{\"@id\":\"https:\/\/nk7-testes.com.br\/agazeta\/menos-de-um-mes-apos-entrega-casas-doadas-pela-prefeitura-de-rio-branco-sao-colocadas-a-venda\/#primaryimage\"},\"thumbnailUrl\":\"https:\/\/nk7-testes.com.br\/agazeta\/wp-content\/uploads\/2023\/11\/Sobrados-Santo-Afonso-23-1536x1024-1.jpeg\",\"datePublished\":\"2023-11-09T21:06:38+00:00\",\"author\":{\"@id\":\"https:\/\/nk7-testes.com.br\/agazeta\/#\/schema\/person\/ff6b39d54d6973bfc57f4140f659b23f\"},\"breadcrumb\":{\"@id\":\"https:\/\/nk7-testes.com.br\/agazeta\/menos-de-um-mes-apos-entrega-casas-doadas-pela-prefeitura-de-rio-branco-sao-colocadas-a-venda\/#breadcrumb\"},\"inLanguage\":\"pt-BR\",\"potentialAction\":[{\"@type\":\"ReadAction\",\"target\":[\"https:\/\/nk7-testes.com.br\/agazeta\/menos-de-um-mes-apos-entrega-casas-doadas-pela-prefeitura-de-rio-branco-sao-colocadas-a-venda\/\"]}]},{\"@type\":\"ImageObject\",\"inLanguage\":\"pt-BR\",\"@id\":\"https:\/\/nk7-testes.com.br\/agazeta\/menos-de-um-mes-apos-entrega-casas-doadas-pela-prefeitura-de-rio-branco-sao-colocadas-a-venda\/#primaryimage\",\"url\":\"https:\/\/nk7-testes.com.br\/agazeta\/wp-content\/uploads\/2023\/11\/Sobrados-Santo-Afonso-23-1536x1024-1.jpeg\",\"contentUrl\":\"https:\/\/nk7-testes.com.br\/agazeta\/wp-content\/uploads\/2023\/11\/Sobrados-Santo-Afonso-23-1536x1024-1.jpeg\",\"width\":800,\"height\":404,\"caption\":\"Foto: Ascom Prefeitura\"},{\"@type\":\"BreadcrumbList\",\"@id\":\"https:\/\/nk7-testes.com.br\/agazeta\/menos-de-um-mes-apos-entrega-casas-doadas-pela-prefeitura-de-rio-branco-sao-colocadas-a-venda\/#breadcrumb\",\"itemListElement\":[{\"@type\":\"ListItem\",\"position\":1,\"name\":\"In\u00edcio\",\"item\":\"https:\/\/nk7-testes.com.br\/agazeta\/\"},{\"@type\":\"ListItem\",\"position\":2,\"name\":\"Menos de um m\u00eas ap\u00f3s entrega, casas doadas pela Prefeitura de Rio Branco s\u00e3o colocadas \u00e0 venda\"}]},{\"@type\":\"WebSite\",\"@id\":\"https:\/\/nk7-testes.com.br\/agazeta\/#website\",\"url\":\"https:\/\/nk7-testes.com.br\/agazeta\/\",\"name\":\"Agazeta.net\",\"description\":\"Agazeta.net - Not\u00edcias de Rio Branco\/AC\",\"potentialAction\":[{\"@type\":\"SearchAction\",\"target\":{\"@type\":\"EntryPoint\",\"urlTemplate\":\"https:\/\/nk7-testes.com.br\/agazeta\/?s={search_term_string}\"},\"query-input\":{\"@type\":\"PropertyValueSpecification\",\"valueRequired\":true,\"valueName\":\"search_term_string\"}}],\"inLanguage\":\"pt-BR\"},{\"@type\":\"Person\",\"@id\":\"https:\/\/nk7-testes.com.br\/agazeta\/#\/schema\/person\/ff6b39d54d6973bfc57f4140f659b23f\",\"name\":\"Agazeta.Net\",\"url\":\"https:\/\/nk7-testes.com.br\/agazeta\/author\/agazeta\/\"}]}<\/script>\n<!-- \/ Yoast SEO plugin. -->","yoast_head_json":{"title":"Menos de um m\u00eas ap\u00f3s entrega, casas doadas pela Prefeitura de Rio Branco s\u00e3o colocadas \u00e0 venda - Agazeta.net","robots":{"index":"index","follow":"follow","max-snippet":"max-snippet:-1","max-image-preview":"max-image-preview:large","max-video-preview":"max-video-preview:-1"},"canonical":"https:\/\/nk7-testes.com.br\/agazeta\/menos-de-um-mes-apos-entrega-casas-doadas-pela-prefeitura-de-rio-branco-sao-colocadas-a-venda\/","og_locale":"pt_BR","og_type":"article","og_title":"Menos de um m\u00eas ap\u00f3s entrega, casas doadas pela Prefeitura de Rio Branco s\u00e3o colocadas \u00e0 venda","og_description":"As 16 casas entregues fazem parte de um projeto que contemplou pessoas de baixa renda","og_url":"https:\/\/nk7-testes.com.br\/agazeta\/menos-de-um-mes-apos-entrega-casas-doadas-pela-prefeitura-de-rio-branco-sao-colocadas-a-venda\/","og_site_name":"Agazeta.net","article_published_time":"2023-11-09T21:06:38+00:00","og_image":[{"width":800,"height":404,"url":"https:\/\/nk7-testes.com.br\/agazeta\/wp-content\/uploads\/2023\/11\/Sobrados-Santo-Afonso-23-1536x1024-1.jpeg","type":"image\/jpeg"}],"author":"Agazeta.Net","twitter_card":"summary_large_image","twitter_title":"Menos de um m\u00eas ap\u00f3s entrega, casas doadas pela Prefeitura de Rio Branco s\u00e3o colocadas \u00e0 venda","twitter_description":"As 16 casas entregues fazem parte de um projeto que contemplou pessoas de baixa renda","twitter_image":"https:\/\/nk7-testes.com.br\/agazeta\/wp-content\/uploads\/2023\/11\/Sobrados-Santo-Afonso-23-1536x1024-1.jpeg","twitter_misc":{"Escrito por":"Agazeta.Net","Est. tempo de leitura":"1 minuto"},"schema":{"@context":"https:\/\/schema.org","@graph":[{"@type":"WebPage","@id":"https:\/\/nk7-testes.com.br\/agazeta\/menos-de-um-mes-apos-entrega-casas-doadas-pela-prefeitura-de-rio-branco-sao-colocadas-a-venda\/","url":"https:\/\/nk7-testes.com.br\/agazeta\/menos-de-um-mes-apos-entrega-casas-doadas-pela-prefeitura-de-rio-branco-sao-colocadas-a-venda\/","name":"Menos de um m\u00eas ap\u00f3s entrega, casas doadas pela Prefeitura de Rio Branco s\u00e3o colocadas \u00e0 venda - Agazeta.net","isPartOf":{"@id":"https:\/\/nk7-testes.com.br\/agazeta\/#website"},"primaryImageOfPage":{"@id":"https:\/\/nk7-testes.com.br\/agazeta\/menos-de-um-mes-apos-entrega-casas-doadas-pela-prefeitura-de-rio-branco-sao-colocadas-a-venda\/#primaryimage"},"image":{"@id":"https:\/\/nk7-testes.com.br\/agazeta\/menos-de-um-mes-apos-entrega-casas-doadas-pela-prefeitura-de-rio-branco-sao-colocadas-a-venda\/#primaryimage"},"thumbnailUrl":"https:\/\/nk7-testes.com.br\/agazeta\/wp-content\/uploads\/2023\/11\/Sobrados-Santo-Afonso-23-1536x1024-1.jpeg","datePublished":"2023-11-09T21:06:38+00:00","author":{"@id":"https:\/\/nk7-testes.com.br\/agazeta\/#\/schema\/person\/ff6b39d54d6973bfc57f4140f659b23f"},"breadcrumb":{"@id":"https:\/\/nk7-testes.com.br\/agazeta\/menos-de-um-mes-apos-entrega-casas-doadas-pela-prefeitura-de-rio-branco-sao-colocadas-a-venda\/#breadcrumb"},"inLanguage":"pt-BR","potentialAction":[{"@type":"ReadAction","target":["https:\/\/nk7-testes.com.br\/agazeta\/menos-de-um-mes-apos-entrega-casas-doadas-pela-prefeitura-de-rio-branco-sao-colocadas-a-venda\/"]}]},{"@type":"ImageObject","inLanguage":"pt-BR","@id":"https:\/\/nk7-testes.com.br\/agazeta\/menos-de-um-mes-apos-entrega-casas-doadas-pela-prefeitura-de-rio-branco-sao-colocadas-a-venda\/#primaryimage","url":"https:\/\/nk7-testes.com.br\/agazeta\/wp-content\/uploads\/2023\/11\/Sobrados-Santo-Afonso-23-1536x1024-1.jpeg","contentUrl":"https:\/\/nk7-testes.com.br\/agazeta\/wp-content\/uploads\/2023\/11\/Sobrados-Santo-Afonso-23-1536x1024-1.jpeg","width":800,"height":404,"caption":"Foto: Ascom Prefeitura"},{"@type":"BreadcrumbList","@id":"https:\/\/nk7-testes.com.br\/agazeta\/menos-de-um-mes-apos-entrega-casas-doadas-pela-prefeitura-de-rio-branco-sao-colocadas-a-venda\/#breadcrumb","itemListElement":[{"@type":"ListItem","position":1,"name":"In\u00edcio","item":"https:\/\/nk7-testes.com.br\/agazeta\/"},{"@type":"ListItem","position":2,"name":"Menos de um m\u00eas ap\u00f3s entrega, casas doadas pela Prefeitura de Rio Branco s\u00e3o colocadas \u00e0 venda"}]},{"@type":"WebSite","@id":"https:\/\/nk7-testes.com.br\/agazeta\/#website","url":"https:\/\/nk7-testes.com.br\/agazeta\/","name":"Agazeta.net","description":"Agazeta.net - Not\u00edcias de Rio Branco\/AC","potentialAction":[{"@type":"SearchAction","target":{"@type":"EntryPoint","urlTemplate":"https:\/\/nk7-testes.com.br\/agazeta\/?s={search_term_string}"},"query-input":{"@type":"PropertyValueSpecification","valueRequired":true,"valueName":"search_term_string"}}],"inLanguage":"pt-BR"},{"@type":"Person","@id":"https:\/\/nk7-testes.com.br\/agazeta\/#\/schema\/person\/ff6b39d54d6973bfc57f4140f659b23f","name":"Agazeta.Net","url":"https:\/\/nk7-testes.com.br\/agazeta\/author\/agazeta\/"}]}},"_links":{"self":[{"href":"https:\/\/nk7-testes.com.br\/agazeta\/wp-json\/wp\/v2\/posts\/121795","targetHints":{"allow":["GET"]}}],"collection":[{"href":"https:\/\/nk7-testes.com.br\/agazeta\/wp-json\/wp\/v2\/posts"}],"about":[{"href":"https:\/\/nk7-testes.com.br\/agazeta\/wp-json\/wp\/v2\/types\/post"}],"author":[{"embeddable":true,"href":"https:\/\/nk7-testes.com.br\/agazeta\/wp-json\/wp\/v2\/users\/4"}],"replies":[{"embeddable":true,"href":"https:\/\/nk7-testes.com.br\/agazeta\/wp-json\/wp\/v2\/comments?post=121795"}],"version-history":[{"count":0,"href":"https:\/\/nk7-testes.com.br\/agazeta\/wp-json\/wp\/v2\/posts\/121795\/revisions"}],"wp:featuredmedia":[{"embeddable":true,"href":"https:\/\/nk7-testes.com.br\/agazeta\/wp-json\/wp\/v2\/media\/121798"}],"wp:attachment":[{"href":"https:\/\/nk7-testes.com.br\/agazeta\/wp-json\/wp\/v2\/media?parent=121795"}],"wp:term":[{"taxonomy":"category","embeddable":true,"href":"https:\/\/nk7-testes.com.br\/agazeta\/wp-json\/wp\/v2\/categories?post=121795"},{"taxonomy":"post_tag","embeddable":true,"href":"https:\/\/nk7-testes.com.br\/agazeta\/wp-json\/wp\/v2\/tags?post=121795"}],"curies":[{"name":"wp","href":"https:\/\/api.w.org\/{rel}","templated":true}]}}